{"id":102892,"date":"2025-11-29T05:19:09","date_gmt":"2025-11-29T05:19:09","guid":{"rendered":"https:\/\/www.europesays.com\/fi\/102892\/"},"modified":"2025-11-29T05:19:09","modified_gmt":"2025-11-29T05:19:09","slug":"jaakiekko-daniel-makiaho-loi-alkutahdit-kun-hifk-jatti-jumbosijan","status":"publish","type":"post","link":"https:\/\/www.europesays.com\/fi\/102892\/","title":{"rendered":"J\u00e4\u00e4kiekko: Daniel M\u00e4kiaho l\u00f6i alkutahdit, kun HIFK j\u00e4tti jumbosijan"},"content":{"rendered":"<p>J\u00e4\u00e4kiekko|HIFK kaatoi TPS:n jo kuudennen kerran per\u00e4kk\u00e4in.<\/p>\n<p>28.11. 21:04 | P\u00e4ivitetty 28.11. 21:44<\/p>\n<p class=\"article-body mb-nof-24 px-nof-16\">HIFK\u2013TPS 3\u20132<\/p>\n<p class=\"article-body mb-nof-24 px-nof-16\">Kultakyp\u00e4r\u00e4 <a class=\"article-personlink\" href=\"https:\/\/www.hs.fi\/haku\/?query=Daniel%20M%C3%A4kiaho\" rel=\"nofollow noopener\" target=\"_blank\">Daniel M\u00e4kiaho<\/a> vietti kauden toista ja uransa viidett\u00e4 v\u00e4hint\u00e4\u00e4n kahden maalin iltaa, kun HIFK hyv\u00e4steli j\u00e4\u00e4kiekon SM-liigan jumbosijan 3\u20132-voitollaan Turun Palloseurasta.<\/p>\n<p class=\"article-body mb-nof-24 px-nof-16\">Samalla M\u00e4kiaho teki yhden kauden piste-enn\u00e4tyksens\u00e4 liigaj\u00e4ill\u00e4. 24-vuotiaan laitahy\u00f6kk\u00e4\u00e4j\u00e4n saldo on 26 ottelun j\u00e4lkeen 7+12=19. Viime kaudella M\u00e4kiaho iski 42 otteluun pisteet 8+10=18.<\/p>\n","protected":false},"excerpt":{"rendered":"J\u00e4\u00e4kiekko|HIFK kaatoi TPS:n jo kuudennen kerran per\u00e4kk\u00e4in. 28.11. 21:04 | P\u00e4ivitetty 28.11. 21:44 HIFK\u2013TPS 3\u20132 Kultakyp\u00e4r\u00e4 Daniel M\u00e4kiaho&hellip;\n","protected":false},"author":2,"featured_media":102893,"comment_status":"","ping_status":"","sticky":false,"template":"","format":"standard","meta":{"footnotes":""},"categories":[5],"tags":[22,23,26,27,33,31,30,17,46,24,25,28,29,15,18,21,32,19,20,16],"class_list":{"0":"post-102892","1":"post","2":"type-post","3":"status-publish","4":"format-standard","5":"has-post-thumbnail","7":"category-otsikot","8":"tag-breaking-news","9":"tag-breakingnews","10":"tag-featured-news","11":"tag-featurednews","12":"tag-fi","13":"tag-finland","14":"tag-finnish","15":"tag-headlines","16":"tag-helsingin-sanomat","17":"tag-latest-news","18":"tag-latestnews","19":"tag-main-news","20":"tag-mainnews","21":"tag-news","22":"tag-otsikot","23":"tag-paauutiset","24":"tag-suomi","25":"tag-top-stories","26":"tag-topstories","27":"tag-uutiset"},"share_on_mastodon":{"url":"https:\/\/pubeurope.com\/@fi\/115631303115055475","error":""},"_links":{"self":[{"href":"https:\/\/www.europesays.com\/fi\/wp-json\/wp\/v2\/posts\/102892","targetHints":{"allow":["GET"]}}],"collection":[{"href":"https:\/\/www.europesays.com\/fi\/wp-json\/wp\/v2\/posts"}],"about":[{"href":"https:\/\/www.europesays.com\/fi\/wp-json\/wp\/v2\/types\/post"}],"author":[{"embeddable":true,"href":"https:\/\/www.europesays.com\/fi\/wp-json\/wp\/v2\/users\/2"}],"replies":[{"embeddable":true,"href":"https:\/\/www.europesays.com\/fi\/wp-json\/wp\/v2\/comments?post=102892"}],"version-history":[{"count":0,"href":"https:\/\/www.europesays.com\/fi\/wp-json\/wp\/v2\/posts\/102892\/revisions"}],"wp:featuredmedia":[{"embeddable":true,"href":"https:\/\/www.europesays.com\/fi\/wp-json\/wp\/v2\/media\/102893"}],"wp:attachment":[{"href":"https:\/\/www.europesays.com\/fi\/wp-json\/wp\/v2\/media?parent=102892"}],"wp:term":[{"taxonomy":"category","embeddable":true,"href":"https:\/\/www.europesays.com\/fi\/wp-json\/wp\/v2\/categories?post=102892"},{"taxonomy":"post_tag","embeddable":true,"href":"https:\/\/www.europesays.com\/fi\/wp-json\/wp\/v2\/tags?post=102892"}],"curies":[{"name":"wp","href":"https:\/\/api.w.org\/{rel}","templated":true}]}}