{"id":102894,"date":"2025-11-29T05:31:19","date_gmt":"2025-11-29T05:31:19","guid":{"rendered":"https:\/\/www.europesays.com\/fi\/102894\/"},"modified":"2025-11-29T05:31:19","modified_gmt":"2025-11-29T05:31:19","slug":"marja-hintikka-juontamaan-huvila-huussi-sarjaa","status":"publish","type":"post","link":"https:\/\/www.europesays.com\/fi\/102894\/","title":{"rendered":"Marja Hintikka juontamaan Huvila &#038; huussi -sarjaa"},"content":{"rendered":"<p>Huvila &amp; huussi -ohjelman juontaja vaihtuu.<\/p>\n<p>25.11. 9:00<\/p>\n<p class=\"article-body mb-nof-24 px-nof-16\">Anni Iham\u00e4ki ei jatka Nelosen Huvila &amp; huussi -ohjelman juontajana.<\/p>\n<p class=\"article-body mb-nof-24 px-nof-16\">Maaliskuussa alkavalla uudella kaudella juontajaksi nousee <a class=\"article-personlink\" href=\"https:\/\/www.is.fi\/haku\/?query=Marja%20Hintikka\" rel=\"nofollow noopener\" target=\"_blank\">Marja Hintikka<\/a>. Aihepiiri on Hintikalle tuttu, sill\u00e4 h\u00e4net on valittu miehens\u00e4 <a class=\"article-personlink\" href=\"https:\/\/www.is.fi\/haku\/?query=Ile%20Uusivuoren\" rel=\"nofollow noopener\" target=\"_blank\">Ile Uusivuoren<\/a> kanssa Vuoden m\u00f6kkil\u00e4isiksi vuonna 2022. Perheen m\u00f6kki sijaitsee Kanta-H\u00e4meess\u00e4.<\/p>\n<p class=\"article-body mb-nof-24 px-nof-16\">Tulevalla kaudella Huvila &amp; huussi -kohteiden m\u00f6kkien sis\u00e4muutoksia luovat sisustusarkkitehti <a class=\"article-personlink\" href=\"https:\/\/www.is.fi\/haku\/?query=Mikko%20Vesanen\" rel=\"nofollow noopener\" target=\"_blank\">Mikko Vesanen<\/a> ja sisustussuunnittelija <a class=\"article-personlink\" href=\"https:\/\/www.is.fi\/haku\/?query=Maru%20Hautala\" rel=\"nofollow noopener\" target=\"_blank\">Maru Hautala<\/a>. Remontteja toteuttaa <a class=\"article-personlink\" href=\"https:\/\/www.is.fi\/haku\/?query=Ville%20Rintala\" rel=\"nofollow noopener\" target=\"_blank\">Ville Rintala<\/a>.<\/p>\n<p class=\"article-body mb-nof-24 px-nof-16\">Pihakohteiden muutosten suunnittelusta puolestaan vastaavat <a class=\"article-personlink\" href=\"https:\/\/www.is.fi\/haku\/?query=Laura%20Moilanen\" rel=\"nofollow noopener\" target=\"_blank\">Laura Moilanen<\/a> ja <a class=\"article-personlink\" href=\"https:\/\/www.is.fi\/haku\/?query=Christina%20Walden\" rel=\"nofollow noopener\" target=\"_blank\">Christina Walden<\/a>. Piharemonteista taas <a class=\"article-personlink\" href=\"https:\/\/www.is.fi\/haku\/?query=Mika%20Roos\" rel=\"nofollow noopener\" target=\"_blank\">Mika Roos<\/a> ja <a class=\"article-personlink\" href=\"https:\/\/www.is.fi\/haku\/?query=Sanna%20Moilanen\" rel=\"nofollow noopener\" target=\"_blank\">Sanna Moilanen<\/a>.<\/p>\n<p class=\"article-body mb-nof-24 px-nof-16\">Anni Iham\u00e4ki alkoi juontaa Huvila ja huussi -ohjelmaa vuonna 2024.<\/p>\n<p class=\"article-body mb-nof-24 px-nof-16\">H\u00e4n oli mukana ohjelmassa osallistujana jo vuonna 2019, kun Iham\u00e4en oma m\u00f6kkipiha koki kasvojenkohotuksen.<\/p>\n<p><img decoding=\"async\" src=\"https:\/\/www.europesays.com\/fi\/wp-content\/uploads\/2025\/11\/1764394279_665_468.jpg\" alt=\"Mikko Vesanen ja Anni Iham\u00e4ki olivat mukana uudistamassa Lotta ja Noora Hintsan mummolaa.\" class=\"_Img_1rerz_1\" style=\"aspect-ratio:1.5\" loading=\"eager\"\/><\/p>\n<p class=\"article-picture-caption\">Mikko Vesanen ja Anni Iham\u00e4ki olivat mukana uudistamassa Lotta ja Noora Hintsan mummolaa. Kuva:\u00a0Marika Saikkonen \/ Nelonen<\/p>\n<p class=\"article-body mb-nof-24 px-nof-16\">Iham\u00e4ki juontaa t\u00e4ll\u00e4 hetkell\u00e4 Star Channelin Kokkisotaa. Iham\u00e4ki kertoi IS Tv-lehdelle haaveilleensa ohjelmasta jo kauan.<\/p>\n<p class=\"article-body mb-nof-24 px-nof-16\">\u2013 Ajattelin, ett\u00e4 toihan on ihan unelmien hommaa, ja <a class=\"article-personlink\" href=\"https:\/\/www.is.fi\/haku\/?query=Sikke\" rel=\"nofollow noopener\" target=\"_blank\">Sikke<\/a> (<a class=\"article-personlink\" href=\"https:\/\/www.is.fi\/haku\/?query=Sumari\" rel=\"nofollow noopener\" target=\"_blank\">Sumari<\/a>) on maailman onnekkain, kun saa juontajana ainoana maistella huippukokkien ruokia joka kerta. En ollut uskaltanut edes haaveilla, ett\u00e4 p\u00e4\u00e4sisin joskus juontamaan Kokkisotaa, Iham\u00e4ki kertoi.<\/p>\n<p class=\"article-body nof-ui-body-medium mb-nof-24 px-nof-16\">Huvila &amp; huussi maaliskuussa Nelosella ja Ruudussa.<\/p>\n<p class=\"article-body nof-ui-body-medium mb-nof-24 px-nof-16\">IS, Nelonen ja Ruutu kuuluvat samaan Sanoma-konserniin.<\/p>\n","protected":false},"excerpt":{"rendered":"Huvila &amp; huussi -ohjelman juontaja vaihtuu. 25.11. 9:00 Anni Iham\u00e4ki ei jatka Nelosen Huvila &amp; huussi -ohjelman juontajana.&hellip;\n","protected":false},"author":2,"featured_media":102895,"comment_status":"","ping_status":"","sticky":false,"template":"","format":"standard","meta":{"footnotes":""},"categories":[136],"tags":[407,137,33,31,30,34,408,32,109],"class_list":{"0":"post-102894","1":"post","2":"type-post","3":"status-publish","4":"format-standard","5":"has-post-thumbnail","7":"category-julkkikset","8":"tag-celebrities","9":"tag-entertainment","10":"tag-fi","11":"tag-finland","12":"tag-finnish","13":"tag-ilta-sanomat","14":"tag-julkkikset","15":"tag-suomi","16":"tag-viihde"},"share_on_mastodon":{"url":"https:\/\/pubeurope.com\/@fi\/115631350516390910","error":""},"_links":{"self":[{"href":"https:\/\/www.europesays.com\/fi\/wp-json\/wp\/v2\/posts\/102894","targetHints":{"allow":["GET"]}}],"collection":[{"href":"https:\/\/www.europesays.com\/fi\/wp-json\/wp\/v2\/posts"}],"about":[{"href":"https:\/\/www.europesays.com\/fi\/wp-json\/wp\/v2\/types\/post"}],"author":[{"embeddable":true,"href":"https:\/\/www.europesays.com\/fi\/wp-json\/wp\/v2\/users\/2"}],"replies":[{"embeddable":true,"href":"https:\/\/www.europesays.com\/fi\/wp-json\/wp\/v2\/comments?post=102894"}],"version-history":[{"count":0,"href":"https:\/\/www.europesays.com\/fi\/wp-json\/wp\/v2\/posts\/102894\/revisions"}],"wp:featuredmedia":[{"embeddable":true,"href":"https:\/\/www.europesays.com\/fi\/wp-json\/wp\/v2\/media\/102895"}],"wp:attachment":[{"href":"https:\/\/www.europesays.com\/fi\/wp-json\/wp\/v2\/media?parent=102894"}],"wp:term":[{"taxonomy":"category","embeddable":true,"href":"https:\/\/www.europesays.com\/fi\/wp-json\/wp\/v2\/categories?post=102894"},{"taxonomy":"post_tag","embeddable":true,"href":"https:\/\/www.europesays.com\/fi\/wp-json\/wp\/v2\/tags?post=102894"}],"curies":[{"name":"wp","href":"https:\/\/api.w.org\/{rel}","templated":true}]}}