{"id":102896,"date":"2025-11-29T05:43:06","date_gmt":"2025-11-29T05:43:06","guid":{"rendered":"https:\/\/www.europesays.com\/fi\/102896\/"},"modified":"2025-11-29T05:43:06","modified_gmt":"2025-11-29T05:43:06","slug":"peruun-julistettiin-hatatila-chilesta-tulevien-siirtolaisten-vuoksi-uutisia-lyhyesti","status":"publish","type":"post","link":"https:\/\/www.europesays.com\/fi\/102896\/","title":{"rendered":"Peruun julistettiin h\u00e4t\u00e4tila Chilest\u00e4 tulevien siirtolaisten vuoksi | Uutisia lyhyesti"},"content":{"rendered":"<p class=\"aw-1gybjub aw-5vja16 kEtdKx kmuxyA yle__article__paragraph\">Perun hallitus julisti h\u00e4t\u00e4tilan maan etel\u00e4rajalle, sill\u00e4 suuri joukko siirtolaisia on l\u00e4hd\u00f6ss\u00e4 Chilest\u00e4 pel\u00e4tess\u00e4\u00e4n maahanmuutto\u00advastaisen presidentti\u00adehdokkaan voittoa.<\/p>\n<p class=\"aw-1gybjub aw-1p7kakr kEtdKx cEmitX yle__article__paragraph\">Perun hallitus julisti h\u00e4t\u00e4tilan maan etel\u00e4rajalle perjantaina. Perun armeija vahvistaa Chilen vastaisen rajan valvontaa seuraavat kaksi kuukautta.<\/p>\n<p class=\"aw-1gybjub aw-1p7kakr kEtdKx cEmitX yle__article__paragraph\">H\u00e4t\u00e4tilan syyn\u00e4 on se, ett\u00e4 suuri m\u00e4\u00e4r\u00e4 siirtolaisia on suuntaamassa Chilest\u00e4 Peruun.<\/p>\n<p class=\"aw-1gybjub aw-1p7kakr kEtdKx cEmitX yle__article__paragraph\">Chiless\u00e4 on paljon siirtolaisia Etel\u00e4-Amerikan k\u00f6yhemmist\u00e4 ja ep\u00e4vakaammista maista, enimm\u00e4kseen Venezuelasta. Moni heist\u00e4 on Chiless\u00e4 ilman laillista asemaa.<\/p>\n<p class=\"aw-1gybjub aw-1p7kakr kEtdKx cEmitX yle__article__paragraph\">Nyt siirtolaiset pelk\u00e4\u00e4v\u00e4t maahanmuuttovastaisen presidenttiehdokkaan voittoa Chilen vaaleissa.<\/p>\n<p class=\"aw-1gybjub aw-1p7kakr kEtdKx cEmitX yle__article__paragraph\">Presidentinvaalien toisella kierroksella vastakkain ovat kommunisti <strong class=\"aw-ak79eh KyCXm yle__article__strong\">Jeannette Jara<\/strong> ja \u00e4\u00e4rioikeistolainen <strong class=\"aw-ak79eh KyCXm yle__article__strong\">Jos\u00e9 Antonio Kast<\/strong>. Mielipidemittaukset ennakoivat Kastin voittoa.<\/p>\n<p class=\"aw-1gybjub aw-1p7kakr kEtdKx cEmitX yle__article__paragraph\">Kast on kampanjoinut maahanmuuttovastaisuudella ja uhannut siirtolaisia karkotuksilla ja pid\u00e4tyksill\u00e4.<\/p>\n<p class=\"aw-1gybjub aw-1p7kakr kEtdKx cEmitX yle__article__paragraph\">Presidentinvaalien toinen kierros j\u00e4rjestet\u00e4\u00e4n joulukuun puoliv\u00e4liss\u00e4.<\/p>\n<p class=\"aw-1gybjub aw-1p7kakr kEtdKx cEmitX yle__article__paragraph\">L\u00e4hteet: AP, AFP<\/p>\n","protected":false},"excerpt":{"rendered":"Perun hallitus julisti h\u00e4t\u00e4tilan maan etel\u00e4rajalle, sill\u00e4 suuri joukko siirtolaisia on l\u00e4hd\u00f6ss\u00e4 Chilest\u00e4 pel\u00e4tess\u00e4\u00e4n maahanmuutto\u00advastaisen presidentti\u00adehdokkaan voittoa. Perun&hellip;\n","protected":false},"author":2,"featured_media":74,"comment_status":"","ping_status":"","sticky":false,"template":"","format":"standard","meta":{"footnotes":"","_share_on_mastodon":"0"},"categories":[14],"tags":[22,23,13348,1826,26,27,33,31,30,17,24,25,3244,28,29,15,18,21,13767,32,19,20,56,16,59,60,61],"class_list":["post-102896","post","type-post","status-publish","format-standard","has-post-thumbnail","category-ulkomaat","tag-breaking-news","tag-breakingnews","tag-chile","tag-etela-amerikka","tag-featured-news","tag-featurednews","tag-fi","tag-finland","tag-finnish","tag-headlines","tag-latest-news","tag-latestnews","tag-maahanmuutto","tag-main-news","tag-mainnews","tag-news","tag-otsikot","tag-paauutiset","tag-peru","tag-suomi","tag-top-stories","tag-topstories","tag-ulkomaat","tag-uutiset","tag-world","tag-world-news","tag-worldnews"],"share_on_mastodon":{"url":"https:\/\/pubeurope.com\/@fi\/115631397534694323","error":""},"_links":{"self":[{"href":"https:\/\/www.europesays.com\/fi\/wp-json\/wp\/v2\/posts\/102896","targetHints":{"allow":["GET"]}}],"collection":[{"href":"https:\/\/www.europesays.com\/fi\/wp-json\/wp\/v2\/posts"}],"about":[{"href":"https:\/\/www.europesays.com\/fi\/wp-json\/wp\/v2\/types\/post"}],"author":[{"embeddable":true,"href":"https:\/\/www.europesays.com\/fi\/wp-json\/wp\/v2\/users\/2"}],"replies":[{"embeddable":true,"href":"https:\/\/www.europesays.com\/fi\/wp-json\/wp\/v2\/comments?post=102896"}],"version-history":[{"count":0,"href":"https:\/\/www.europesays.com\/fi\/wp-json\/wp\/v2\/posts\/102896\/revisions"}],"wp:featuredmedia":[{"embeddable":true,"href":"https:\/\/www.europesays.com\/fi\/wp-json\/wp\/v2\/media\/74"}],"wp:attachment":[{"href":"https:\/\/www.europesays.com\/fi\/wp-json\/wp\/v2\/media?parent=102896"}],"wp:term":[{"taxonomy":"category","embeddable":true,"href":"https:\/\/www.europesays.com\/fi\/wp-json\/wp\/v2\/categories?post=102896"},{"taxonomy":"post_tag","embeddable":true,"href":"https:\/\/www.europesays.com\/fi\/wp-json\/wp\/v2\/tags?post=102896"}],"curies":[{"name":"wp","href":"https:\/\/api.w.org\/{rel}","templated":true}]}}