{"id":102911,"date":"2025-11-29T06:09:08","date_gmt":"2025-11-29T06:09:08","guid":{"rendered":"https:\/\/www.europesays.com\/fi\/102911\/"},"modified":"2025-11-29T06:09:08","modified_gmt":"2025-11-29T06:09:08","slug":"new-york-times-donald-trump-keskusteli-nivolas-maduron-kanssa","status":"publish","type":"post","link":"https:\/\/www.europesays.com\/fi\/102911\/","title":{"rendered":"New York Times: Donald Trump keskusteli Nivolas Maduron kanssa"},"content":{"rendered":"<p>Presidentit keskustelivat lehden mukaan muun muassa mahdollisesta kahdenkeskisest\u00e4 tapaamisesta Yhdysvalloissa.<\/p>\n<p class=\"article-body mb-nof-24 px-nof-16\">Yhdysvaltain presidentti <a class=\"article-personlink\" href=\"https:\/\/www.is.fi\/haku\/?query=Donald%20Trump\" rel=\"nofollow noopener\" target=\"_blank\">Donald Trump<\/a> keskusteli viime viikolla puhelimessa Venezuelan presidentin <a class=\"article-personlink\" href=\"https:\/\/www.is.fi\/haku\/?query=Nicolas%20Maduron\" rel=\"nofollow noopener\" target=\"_blank\">Nicolas Maduron<\/a> kanssa. <a class=\"article-genericlink\" href=\"https:\/\/www.nytimes.com\/2025\/11\/28\/us\/politics\/trump-spoke-by-phone-last-week-with-maduro-venezuelas-leader.html\" rel=\"nofollow noopener\" target=\"_blank\">New York Times<\/a> kertoi asiasta perjantaina l\u00e4hteidens\u00e4 pohjalta.<\/p>\n<p class=\"article-body mb-nof-24 px-nof-16\">New York Times kertoo, ett\u00e4 presidentit olivat puhuneet muun muassa mahdollisesta kahdenkeskisest\u00e4 tapaamisesta Yhdysvalloissa.<\/p>\n<p class=\"article-body mb-nof-24 px-nof-16\">Lehden mukaan puhelinkeskusteluun osallistui my\u00f6s Yhdysvaltain ulkoministeri <a class=\"article-personlink\" href=\"https:\/\/www.is.fi\/haku\/?query=Marco%20Rubio\" rel=\"nofollow noopener\" target=\"_blank\">Marco Rubio<\/a>.<\/p>\n<p class=\"article-body mb-nof-24 px-nof-16\">Yhdysvaltain ja Venezuelan v\u00e4lit ovat kiristyneet entisest\u00e4\u00e4n viime kuukausina.<\/p>\n<p class=\"article-body mb-nof-24 px-nof-16\">Yhdysvallat on syyskuun alun j\u00e4lkeen iskenyt Karibianmerell\u00e4 ja Tyynell\u00e4merell\u00e4 useisiin aluksiin, joita Trumpin hallinto sanoo k\u00e4ytetyn huumeiden salakuljettamiseen. Ainakin osan aluksista on v\u00e4itetty olevan kytk\u00f6ksiss\u00e4 venezuelalaisiin huumerikollisiin.<\/p>\n<p class=\"article-body mb-nof-24 px-nof-16\">Yhdysvallat on kertonut surmanneensa iskuissa yhteens\u00e4 yli 80 ihmist\u00e4. Yhdysvallat ei ole julkistanut tarkempia todisteita surmaamiensa ihmisten yhteyksist\u00e4 huumeiden salakuljetukseen.<\/p>\n<p class=\"article-body mb-nof-24 px-nof-16\">Asiantuntijoiden mukaan iskut ovat kansainv\u00e4lisen oikeuden vastaisia. Surmaamisen sijaan huumeiden salakuljettajillekin tulisi tarjota mahdollisuus oikeudenk\u00e4yntiin.<\/p>\n<p>Trump: Maaoperaatioita hyvin pian<\/p>\n<p class=\"article-body mb-nof-24 px-nof-16\">Trump on my\u00f6s uhannut aloittaa maaoperaatioita Venezuelassa v\u00e4itetyn huumeiden salakuljetuksen kitkemiseksi. Trump sanoi torstaina, ett\u00e4 Yhdysvallat voisi aloittaa kyseiset maaoperaatiot hyvin pian.<\/p>\n<p class=\"article-body mb-nof-24 px-nof-16\">Yhdysvallat kertoi aiemmin t\u00e4ss\u00e4 kuussa aikovansa julistaa v\u00e4itetyn venezuelalaisen Cartel de los Soles -huumekartellin kansainv\u00e4liseksi terroristij\u00e4rjest\u00f6ksi. Yhdysvaltain ulkoministeri\u00f6n mukaan kartellia johtavat Venezuelan presidentti Maduro sek\u00e4 muut h\u00e4nen hallintonsa korkea-arvoiset j\u00e4senet.<\/p>\n<p class=\"article-body mb-nof-24 px-nof-16\">Monien asiantuntijoiden mukaan Cartel de los Solesia ei k\u00e4yt\u00e4nn\u00f6ss\u00e4 ole olemassa. Termill\u00e4 on heid\u00e4n mukaansa kuvattu ennemmin Venezuelan korruptoitunutta j\u00e4rjestelm\u00e4\u00e4, jossa maan poliittinen ja sotilaallinen johto hy\u00f6tyv\u00e4t yhteisty\u00f6st\u00e4 huumekartellien kanssa.<\/p>\n<p class=\"article-body mb-nof-24 px-nof-16\">Venezuela on syytt\u00e4nyt Yhdysvaltain pyrkiv\u00e4n huumeiden vastaisen operaationsa varjolla vallanvaihtoon Venezuelassa.<\/p>\n<p class=\"article-body mb-nof-24 px-nof-16\">Yhdysvallat ja suuri osa kansainv\u00e4lisest\u00e4 yhteis\u00f6st\u00e4 ei ole tunnustanut Maduron uudelleenvalintaa presidentiksi vuosina 2018 ja 2024. Kyseisten vaalien on syytetty olleen vilpillisi\u00e4.<\/p>\n","protected":false},"excerpt":{"rendered":"Presidentit keskustelivat lehden mukaan muun muassa mahdollisesta kahdenkeskisest\u00e4 tapaamisesta Yhdysvalloissa. Yhdysvaltain presidentti Donald Trump keskusteli viime viikolla puhelimessa&hellip;\n","protected":false},"author":2,"featured_media":102912,"comment_status":"","ping_status":"","sticky":false,"template":"","format":"standard","meta":{"footnotes":""},"categories":[14],"tags":[22,23,26,27,33,31,30,17,34,24,25,28,29,15,18,21,32,19,20,56,16,59,60,61],"class_list":{"0":"post-102911","1":"post","2":"type-post","3":"status-publish","4":"format-standard","5":"has-post-thumbnail","7":"category-ulkomaat","8":"tag-breaking-news","9":"tag-breakingnews","10":"tag-featured-news","11":"tag-featurednews","12":"tag-fi","13":"tag-finland","14":"tag-finnish","15":"tag-headlines","16":"tag-ilta-sanomat","17":"tag-latest-news","18":"tag-latestnews","19":"tag-main-news","20":"tag-mainnews","21":"tag-news","22":"tag-otsikot","23":"tag-paauutiset","24":"tag-suomi","25":"tag-top-stories","26":"tag-topstories","27":"tag-ulkomaat","28":"tag-uutiset","29":"tag-world","30":"tag-world-news","31":"tag-worldnews"},"share_on_mastodon":{"url":"https:\/\/pubeurope.com\/@fi\/115631499753541043","error":""},"_links":{"self":[{"href":"https:\/\/www.europesays.com\/fi\/wp-json\/wp\/v2\/posts\/102911","targetHints":{"allow":["GET"]}}],"collection":[{"href":"https:\/\/www.europesays.com\/fi\/wp-json\/wp\/v2\/posts"}],"about":[{"href":"https:\/\/www.europesays.com\/fi\/wp-json\/wp\/v2\/types\/post"}],"author":[{"embeddable":true,"href":"https:\/\/www.europesays.com\/fi\/wp-json\/wp\/v2\/users\/2"}],"replies":[{"embeddable":true,"href":"https:\/\/www.europesays.com\/fi\/wp-json\/wp\/v2\/comments?post=102911"}],"version-history":[{"count":0,"href":"https:\/\/www.europesays.com\/fi\/wp-json\/wp\/v2\/posts\/102911\/revisions"}],"wp:featuredmedia":[{"embeddable":true,"href":"https:\/\/www.europesays.com\/fi\/wp-json\/wp\/v2\/media\/102912"}],"wp:attachment":[{"href":"https:\/\/www.europesays.com\/fi\/wp-json\/wp\/v2\/media?parent=102911"}],"wp:term":[{"taxonomy":"category","embeddable":true,"href":"https:\/\/www.europesays.com\/fi\/wp-json\/wp\/v2\/categories?post=102911"},{"taxonomy":"post_tag","embeddable":true,"href":"https:\/\/www.europesays.com\/fi\/wp-json\/wp\/v2\/tags?post=102911"}],"curies":[{"name":"wp","href":"https:\/\/api.w.org\/{rel}","templated":true}]}}