{"id":102917,"date":"2025-11-29T06:23:09","date_gmt":"2025-11-29T06:23:09","guid":{"rendered":"https:\/\/www.europesays.com\/fi\/102917\/"},"modified":"2025-11-29T06:23:09","modified_gmt":"2025-11-29T06:23:09","slug":"hs-hector-pettyi-rankasti-mua-vitutti","status":"publish","type":"post","link":"https:\/\/www.europesays.com\/fi\/102917\/","title":{"rendered":"HS: Hector pettyi rankasti: &#8221;Mua vitutti&#8221;"},"content":{"rendered":"<p>Artisti avautuu ensimm\u00e4ist\u00e4 kertaa kes\u00e4n loppuunmyydyn keikan peruuntumisen syist\u00e4.<\/p>\n<p class=\"article-body mb-nof-24 px-nof-16\">Hectorin, eli <a class=\"article-personlink\" href=\"https:\/\/www.is.fi\/haku\/?query=Heikki%20Harman\" rel=\"nofollow noopener\" target=\"_blank\">Heikki Harman<\/a>, 78, elokuussa \u201dterveydellisist\u00e4 syist\u00e4\u201d peruuntunut Helsingin juhlaviikkojen esiintyminen jouduttiin perumaan artistin romahtaneen verenpaineen takia. H\u00e4n kertoo asiasta <a class=\"article-genericlink article-em\" href=\"https:\/\/www.hs.fi\/kulttuuri\/art-2000011578869.html\" rel=\"nofollow noopener\" target=\"_blank\">Helsingin Sanomille<\/a>.<\/p>\n<p class=\"article-body mb-nof-24 px-nof-16\">Hectorilla oli ollut jo edelt\u00e4v\u00e4n talven ja kes\u00e4n ajan huimausoireita ja h\u00e4n oli menett\u00e4nyt tajuntansa pari kertaa. Useiden l\u00e4\u00e4k\u00e4rik\u00e4yntien j\u00e4lkeen selvisi, ett\u00e4 verenpaineiden yl\u00e4paine oli romahtanut 80:een ja alapaine 30:een.<\/p>\n<p class=\"article-body mb-nof-24 px-nof-16\">L\u00e4\u00e4k\u00e4ri kielsi esiintymisen. Loppuunmyyty keikka Huvila-teltassa piti perua.<\/p>\n<p class=\"article-body mb-nof-24 px-nof-16\">\u2013\u2009Se oli eritt\u00e4in rankka paikka. Mua vitutti. B\u00e4ndi\u00e4 vitutti. Yleis\u00f6\u00e4 vitutti. Mutta ei ollut vaihtoehtoja, Hector kertoo HS:lle.<\/p>\n<p class=\"article-body mb-nof-24 px-nof-16\">Ilta-Sanomat kertoi Hectorin keikan peruuntumisesta hein\u00e4kuussa.<\/p>\n<p class=\"article-body mb-nof-24 px-nof-16\">\u2013\u2009En kommentoi tarkemmin. Kyseess\u00e4 ei ollut juhlakonsertti, vaan ensi vuoden juhlakiertueen etkot. Tuo kiertue toteutuu suunnitelmien mukaan, artisti kommentoi tuolloin.<\/p>\n<p class=\"article-body mb-nof-24 px-nof-16\">Vuodesta 1965 asti esiintyneen laulajan urasta julkaistiin marraskuussa kymmenen\u00adosainen audiodraama Hector \u2013\u2009Asfalttiprinssin tie Yle Areenassa.<\/p>\n","protected":false},"excerpt":{"rendered":"Artisti avautuu ensimm\u00e4ist\u00e4 kertaa kes\u00e4n loppuunmyydyn keikan peruuntumisen syist\u00e4. Hectorin, eli Heikki Harman, 78, elokuussa \u201dterveydellisist\u00e4 syist\u00e4\u201d peruuntunut&hellip;\n","protected":false},"author":2,"featured_media":102918,"comment_status":"","ping_status":"","sticky":false,"template":"","format":"standard","meta":{"footnotes":""},"categories":[136],"tags":[407,137,33,31,30,34,408,32,109],"class_list":{"0":"post-102917","1":"post","2":"type-post","3":"status-publish","4":"format-standard","5":"has-post-thumbnail","7":"category-julkkikset","8":"tag-celebrities","9":"tag-entertainment","10":"tag-fi","11":"tag-finland","12":"tag-finnish","13":"tag-ilta-sanomat","14":"tag-julkkikset","15":"tag-suomi","16":"tag-viihde"},"share_on_mastodon":{"url":"https:\/\/pubeurope.com\/@fi\/115631554755805431","error":""},"_links":{"self":[{"href":"https:\/\/www.europesays.com\/fi\/wp-json\/wp\/v2\/posts\/102917","targetHints":{"allow":["GET"]}}],"collection":[{"href":"https:\/\/www.europesays.com\/fi\/wp-json\/wp\/v2\/posts"}],"about":[{"href":"https:\/\/www.europesays.com\/fi\/wp-json\/wp\/v2\/types\/post"}],"author":[{"embeddable":true,"href":"https:\/\/www.europesays.com\/fi\/wp-json\/wp\/v2\/users\/2"}],"replies":[{"embeddable":true,"href":"https:\/\/www.europesays.com\/fi\/wp-json\/wp\/v2\/comments?post=102917"}],"version-history":[{"count":0,"href":"https:\/\/www.europesays.com\/fi\/wp-json\/wp\/v2\/posts\/102917\/revisions"}],"wp:featuredmedia":[{"embeddable":true,"href":"https:\/\/www.europesays.com\/fi\/wp-json\/wp\/v2\/media\/102918"}],"wp:attachment":[{"href":"https:\/\/www.europesays.com\/fi\/wp-json\/wp\/v2\/media?parent=102917"}],"wp:term":[{"taxonomy":"category","embeddable":true,"href":"https:\/\/www.europesays.com\/fi\/wp-json\/wp\/v2\/categories?post=102917"},{"taxonomy":"post_tag","embeddable":true,"href":"https:\/\/www.europesays.com\/fi\/wp-json\/wp\/v2\/tags?post=102917"}],"curies":[{"name":"wp","href":"https:\/\/api.w.org\/{rel}","templated":true}]}}