{"id":10292,"date":"2025-08-19T15:00:07","date_gmt":"2025-08-19T15:00:07","guid":{"rendered":"https:\/\/www.europesays.com\/fi\/10292\/"},"modified":"2025-08-19T15:00:07","modified_gmt":"2025-08-19T15:00:07","slug":"aki-ja-katri-riihilahti-viettavat-haapaivaansa-suloinen-paivitys","status":"publish","type":"post","link":"https:\/\/www.europesays.com\/fi\/10292\/","title":{"rendered":"Aki ja Katri Riihilahti viett\u00e4v\u00e4t h\u00e4\u00e4p\u00e4iv\u00e4\u00e4ns\u00e4 \u2013 suloinen p\u00e4ivitys!"},"content":{"rendered":"<p>            Timo Korhonen\n        <\/p>\n<p class=\"subtitle \">Ex-jalkapalloilija Aki ja tanssija Katri Riihilahti meniv\u00e4t naimisiin vuonna 2023.<\/p>\n<p class=\"article-content article-content-width !bg-background\">Tanssii t\u00e4htien kanssa -opettajaksi tulevalle kaudelle paluun tekev\u00e4\u00a0 juhlistaa toista h\u00e4\u00e4p\u00e4iv\u00e4\u00e4ns\u00e4 miehens\u00e4  kanssa. Katri julkaisi juhlap\u00e4iv\u00e4st\u00e4 kuvakollaasin <a href=\"https:\/\/www.instagram.com\/k_trim\/\" target=\"_blank\" style=\"font-size:1.125rem\" rel=\"nofollow noopener\">Instagramissaan<\/a>.<\/p>\n<p class=\"article-content article-content-width !bg-background\">Pari tapasi vuoden 2021 syksyll\u00e4, kun Katrista ja Akista tuli yksi ohjelman tanssipareista.\u00a0Tanssijan ja jalkapallovaikuttaja-toimitusjohtajan tanssit p\u00e4\u00e4ttyiv\u00e4t tanssikisaohjelman 14. tuotantokaudella hienoon nelj\u00e4nteen sijaan.\u00a0<\/p>\n<p>        <a itemprop=\"url\" href=\"https:\/\/www.seiska.fi\/kotimaa\/katri-riihilahti-esitteli-upean-vauvavatsansa-kaarijakin-innostui-hot-mama\/1437517\" rel=\"nofollow noopener\" target=\"_blank\"><\/p>\n<p class=\"section-date\">\n        <strong class=\"article-section\" data-section=\"kotimaa\"><br \/>\n            kotimaa<br \/>\n        <\/strong><br \/>\n        21.8.2024 20:30\n    <\/p>\n<p>    Katri Riihilahti esitteli upean vauvavatsansa &#8211; K\u00e4\u00e4rij\u00e4kin innostui: &#8221;Hot mama!&#8221;<\/p>\n<p itemprop=\"description\" class=\"subtitle \">\n    Pikkulinnut ovat laulaneet, ett\u00e4 tanssijan synnytys saattaa koittaa tuota pikaa.\n<\/p>\n<p>        <\/a><\/p>\n<p class=\"article-content article-content-width !bg-background\">Katri kertoi vuonna 2023 <a href=\"https:\/\/www.is.fi\/menaiset\/ihmiset-ja-suhteet\/art-2000009445666.html\" target=\"_blank\" rel=\"nofollow noopener\">MeNaisille<\/a> tulevan pariskunnan yst\u00e4vystyneen kuvausten aikana, ja puolentoista vuoden yst\u00e4vyyden j\u00e4lkeen heist\u00e4 tuli pariskunta, vuonna 2022.<\/p>\n<p class=\"article-content article-content-width !bg-background\">H\u00e4it\u00e4\u00e4n pari tanssi vuoden 2023 elokuussa.<\/p>\n<p>&#8221;Kuuhun ja takaisin&#8221;<\/p>\n<p class=\"article-content article-content-width !bg-background\">Katrin julkaisemassa kuvakollaasissa on otoksia pariskunnan h\u00e4ist\u00e4. Kuvissa n\u00e4hd\u00e4\u00e4n hele\u00e4sti suuteleva pariskunta, sek\u00e4 mustavalkoiset ruudut sek\u00e4 Akista ett\u00e4 Katrista.<\/p>\n<p class=\"article-content article-content-width !bg-background\">\u2013\u00a0 Happy anniversary my love! I love you to the moon and back, Katri kirjoittaa julkaisun kuvatekstiss\u00e4 rakkaalleen.\u00a0<\/p>\n<p>        <a itemprop=\"url\" href=\"https:\/\/www.seiska.fi\/kotimaa\/aki-riihilahti-julkaisi-suloisen-yhteiskuvan-pienokainen-sulattaa-sydamet\/1466692\" rel=\"nofollow noopener\" target=\"_blank\"><\/p>\n<p class=\"section-date\">\n        <strong class=\"article-section\" data-section=\"kotimaa\"><br \/>\n            kotimaa<br \/>\n        <\/strong><br \/>\n        23.9.2024 18:30\n    <\/p>\n<p>    Aki Riihilahti julkaisi suloisen yhteiskuvan \u2013 pienokainen sulattaa syd\u00e4met<\/p>\n<p itemprop=\"description\" class=\"subtitle \">\n    Pariskunta ilmoitti vauvan syntym\u00e4st\u00e4 syyskuun alussa.\n<\/p>\n<p>        <\/a><\/p>\n<p class=\"article-content article-content-width !bg-background\">Siis suomeksi: Hyv\u00e4\u00e4 h\u00e4\u00e4p\u00e4iv\u00e4\u00e4 rakkaani! Rakastan sinua kuuhun ja takaisin.<\/p>\n<p>Asuntofarssi<\/p>\n<p class=\"article-content article-content-width !bg-background\">Seiska kertoi vuoden alussa Riihilahtien asuntofarssista.\u00a0<\/p>\n<p class=\"article-content article-content-width !bg-background\">Tuolloin Seiska kirjoitti, kuinka asunto-ostoksilla olleen pariskunnan k\u00e4mpp\u00e4kaupat olisivat p\u00e4\u00e4ttyneet karvaaseen pettymykseen, kun parin kiikarissa olleen asunnon ostikin taloyhti\u00f6n lunastusoikeutta k\u00e4ytt\u00e4nyt taho.<\/p>\n<p>        <a itemprop=\"url\" href=\"https:\/\/www.seiska.fi\/kotimaa\/jari-sillanpaan-myymasta-asunnosta-raju-riita-aki-riihilahti-mukana-sopassa\/1587328\" rel=\"nofollow noopener\" target=\"_blank\"><\/p>\n<p class=\"section-date\">\n        <strong class=\"article-section\" data-section=\"kotimaa\"><br \/>\n            kotimaa<br \/>\n        <\/strong><br \/>\n        23.1. 06:00\n    <\/p>\n<p>    Jari Sillanp\u00e4\u00e4n myym\u00e4st\u00e4 asunnosta raju riita \u2013 Aki Riihilahti mukana sopassa<\/p>\n<p itemprop=\"description\" class=\"subtitle \">\n    Laulajan asuntokuvion p\u00e4\u00e4t\u00f6s Helsingin Ratakadulla oli kaikkea muuta kuin Sillanp\u00e4\u00e4lle tai Aki Riihilahdelle mieluinen.\n<\/p>\n<p>        <\/a><\/p>\n<p class=\"article-content article-content-width !bg-background\">Remonttia vaativan kohteen ostamatta j\u00e4\u00e4minen oli lopulta kuitenkin helpotus, Riihilahtien asiaoidenhoitaja viestitti tammikuussa Seiskalle heid\u00e4n puolestaan:<\/p>\n<p class=\"article-content article-content-width !bg-background\"> \u2013 Toisaalta olo heill\u00e4 on jopa huojentunut, kun taloyhti\u00f6n todellinen tila on viel\u00e4 kaupanteon j\u00e4lkeen selkiytynyt eik\u00e4 nyt tarvitse k\u00e4ytt\u00e4\u00e4 paria seuraavaa vuotta remontoimiseen.<\/p>\n<p><script async src=\"\/\/www.instagram.com\/embed.js\"><\/script><\/p>\n","protected":false},"excerpt":{"rendered":"Timo Korhonen Ex-jalkapalloilija Aki ja tanssija Katri Riihilahti meniv\u00e4t naimisiin vuonna 2023. Tanssii t\u00e4htien kanssa -opettajaksi tulevalle kaudelle&hellip;\n","protected":false},"author":2,"featured_media":10293,"comment_status":"","ping_status":"","sticky":false,"template":"","format":"standard","meta":{"footnotes":""},"categories":[136],"tags":[4717,4720,407,137,33,31,30,4718,408,4719,651,32,903,109],"class_list":{"0":"post-10292","1":"post","2":"type-post","3":"status-publish","4":"format-standard","5":"has-post-thumbnail","7":"category-julkkikset","8":"tag-aki-riihilahti","9":"tag-asuntofarssi","10":"tag-celebrities","11":"tag-entertainment","12":"tag-fi","13":"tag-finland","14":"tag-finnish","15":"tag-haapaiva","16":"tag-julkkikset","17":"tag-katri-riihilahti","18":"tag-suhteet","19":"tag-suomi","20":"tag-tanssii-tahtien-kanssa","21":"tag-viihde"},"share_on_mastodon":{"url":"","error":""},"_links":{"self":[{"href":"https:\/\/www.europesays.com\/fi\/wp-json\/wp\/v2\/posts\/10292","targetHints":{"allow":["GET"]}}],"collection":[{"href":"https:\/\/www.europesays.com\/fi\/wp-json\/wp\/v2\/posts"}],"about":[{"href":"https:\/\/www.europesays.com\/fi\/wp-json\/wp\/v2\/types\/post"}],"author":[{"embeddable":true,"href":"https:\/\/www.europesays.com\/fi\/wp-json\/wp\/v2\/users\/2"}],"replies":[{"embeddable":true,"href":"https:\/\/www.europesays.com\/fi\/wp-json\/wp\/v2\/comments?post=10292"}],"version-history":[{"count":0,"href":"https:\/\/www.europesays.com\/fi\/wp-json\/wp\/v2\/posts\/10292\/revisions"}],"wp:featuredmedia":[{"embeddable":true,"href":"https:\/\/www.europesays.com\/fi\/wp-json\/wp\/v2\/media\/10293"}],"wp:attachment":[{"href":"https:\/\/www.europesays.com\/fi\/wp-json\/wp\/v2\/media?parent=10292"}],"wp:term":[{"taxonomy":"category","embeddable":true,"href":"https:\/\/www.europesays.com\/fi\/wp-json\/wp\/v2\/categories?post=10292"},{"taxonomy":"post_tag","embeddable":true,"href":"https:\/\/www.europesays.com\/fi\/wp-json\/wp\/v2\/tags?post=10292"}],"curies":[{"name":"wp","href":"https:\/\/api.w.org\/{rel}","templated":true}]}}