{"id":102927,"date":"2025-11-29T06:36:11","date_gmt":"2025-11-29T06:36:11","guid":{"rendered":"https:\/\/www.europesays.com\/fi\/102927\/"},"modified":"2025-11-29T06:36:11","modified_gmt":"2025-11-29T06:36:11","slug":"trump-mitatoimassa-bidenin-lahes-kaikki-maaraykset","status":"publish","type":"post","link":"https:\/\/www.europesays.com\/fi\/102927\/","title":{"rendered":"Trump mit\u00e4t\u00f6im\u00e4ss\u00e4 Bidenin l\u00e4hes kaikki m\u00e4\u00e4r\u00e4ykset"},"content":{"rendered":"<p><strong class=\"typography-bold\">Presidentti Trump kertoo peruvansa valtaosan edelt\u00e4j\u00e4ns\u00e4 m\u00e4\u00e4r\u00e4yksist\u00e4.<\/strong><\/p>\n<p>Yhdysvaltain presidentti <strong class=\"typography-bold\">Donald Trump<\/strong> kirjoittaa viestipalvelu <a class=\"underline\" data-testid=\"external-link\" href=\"https:\/\/truthsocial.com\/@realDonaldTrump\/posts\/115629010097815862\" rel=\"noopener noreferrer nofollow\" target=\"_blank\" data-sentry-component=\"ExternalLink\" data-sentry-source-file=\"ExternalLink.tsx\">Truth Social -p\u00e4ivityksess\u00e4\u00e4n<\/a> julistavansa edelt\u00e4j\u00e4ns\u00e4 <strong class=\"typography-bold\">Joe Bidenin<\/strong> sellaiset m\u00e4\u00e4r\u00e4ykset mit\u00e4t\u00f6it\u00e4v\u00e4ksi, jotka on allekirjoitettu automaattikyn\u00e4\u00e4 k\u00e4ytt\u00e4en.<\/p>\n<p>Viestiss\u00e4 Trump kertoo n\u00e4iden p\u00e4\u00e4t\u00f6sten kattavan 92 prosenttia Bidenin allekirjoittamista m\u00e4\u00e4r\u00e4yksist\u00e4.<\/p>\n<p>Presidentin mukaan automaattikyn\u00e4\u00e4 olisi k\u00e4ytetty allekirjoittamaan m\u00e4\u00e4r\u00e4yksi\u00e4 ilman Bidenin tiet\u00e4myst\u00e4 asiasta.<\/p>\n<p>\u2013 Perun t\u00e4ten kaikki toimeenpanom\u00e4\u00e4r\u00e4ykset ja kaiken muun, mit\u00e4 Joe Biden ei ole suoraan allekirjoittanut, koska Autopen-prosessia hoitaneet ihmiset tekiv\u00e4t sen laittomasti, Trump kirjoittaa.<\/p>\n<p>\u2013 Joe Biden ei ollut osallisena Autopen-prosessissa, ja jos h\u00e4n v\u00e4itt\u00e4\u00e4 olleensa, h\u00e4nt\u00e4 syytet\u00e4\u00e4n v\u00e4\u00e4r\u00e4n valan antamisesta, Trump kirjoittaa.<\/p>\n<p>Bidenin viimeisiin m\u00e4\u00e4r\u00e4yksiin kuuluivat muun muassa ennakoivat armahdukset t\u00e4m\u00e4n perheenj\u00e4senille ja koronaviruksen vastaisia toimia johtaneelle <strong class=\"typography-bold\">Anthony Faucille<\/strong>. Toimet tulkittiin siten, ett\u00e4 Biden halusi toimella est\u00e4\u00e4 Trumpin kostotoimet oikeusteitse.<\/p>\n","protected":false},"excerpt":{"rendered":"Presidentti Trump kertoo peruvansa valtaosan edelt\u00e4j\u00e4ns\u00e4 m\u00e4\u00e4r\u00e4yksist\u00e4. Yhdysvaltain presidentti Donald Trump kirjoittaa viestipalvelu Truth Social -p\u00e4ivityksess\u00e4\u00e4n julistavansa edelt\u00e4j\u00e4ns\u00e4&hellip;\n","protected":false},"author":2,"featured_media":102928,"comment_status":"","ping_status":"","sticky":false,"template":"","format":"standard","meta":{"footnotes":""},"categories":[12],"tags":[22,23,26,27,33,31,30,17,24,25,28,29,15,18,21,32,19,20,16],"class_list":{"0":"post-102927","1":"post","2":"type-post","3":"status-publish","4":"format-standard","5":"has-post-thumbnail","7":"category-suomi","8":"tag-breaking-news","9":"tag-breakingnews","10":"tag-featured-news","11":"tag-featurednews","12":"tag-fi","13":"tag-finland","14":"tag-finnish","15":"tag-headlines","16":"tag-latest-news","17":"tag-latestnews","18":"tag-main-news","19":"tag-mainnews","20":"tag-news","21":"tag-otsikot","22":"tag-paauutiset","23":"tag-suomi","24":"tag-top-stories","25":"tag-topstories","26":"tag-uutiset"},"share_on_mastodon":{"url":"https:\/\/pubeurope.com\/@fi\/115631606029458386","error":""},"_links":{"self":[{"href":"https:\/\/www.europesays.com\/fi\/wp-json\/wp\/v2\/posts\/102927","targetHints":{"allow":["GET"]}}],"collection":[{"href":"https:\/\/www.europesays.com\/fi\/wp-json\/wp\/v2\/posts"}],"about":[{"href":"https:\/\/www.europesays.com\/fi\/wp-json\/wp\/v2\/types\/post"}],"author":[{"embeddable":true,"href":"https:\/\/www.europesays.com\/fi\/wp-json\/wp\/v2\/users\/2"}],"replies":[{"embeddable":true,"href":"https:\/\/www.europesays.com\/fi\/wp-json\/wp\/v2\/comments?post=102927"}],"version-history":[{"count":0,"href":"https:\/\/www.europesays.com\/fi\/wp-json\/wp\/v2\/posts\/102927\/revisions"}],"wp:featuredmedia":[{"embeddable":true,"href":"https:\/\/www.europesays.com\/fi\/wp-json\/wp\/v2\/media\/102928"}],"wp:attachment":[{"href":"https:\/\/www.europesays.com\/fi\/wp-json\/wp\/v2\/media?parent=102927"}],"wp:term":[{"taxonomy":"category","embeddable":true,"href":"https:\/\/www.europesays.com\/fi\/wp-json\/wp\/v2\/categories?post=102927"},{"taxonomy":"post_tag","embeddable":true,"href":"https:\/\/www.europesays.com\/fi\/wp-json\/wp\/v2\/tags?post=102927"}],"curies":[{"name":"wp","href":"https:\/\/api.w.org\/{rel}","templated":true}]}}