{"id":102931,"date":"2025-11-29T06:49:09","date_gmt":"2025-11-29T06:49:09","guid":{"rendered":"https:\/\/www.europesays.com\/fi\/102931\/"},"modified":"2025-11-29T06:49:09","modified_gmt":"2025-11-29T06:49:09","slug":"danny-ja-helmi-loukasmaki-kanarian-lammossa-herattivat-huomiota-hotellin-kattoterassilla","status":"publish","type":"post","link":"https:\/\/www.europesays.com\/fi\/102931\/","title":{"rendered":"Danny ja Helmi Loukasm\u00e4ki Kanarian l\u00e4mm\u00f6ss\u00e4 &#8211; her\u00e4ttiv\u00e4t huomiota hotellin kattoterassilla"},"content":{"rendered":"<p>\n            Danny ja Helmi Loukasm\u00e4ki Rauma 2021-06-11<br \/>\n            Pasi Murto\n        <\/p>\n<p class=\"subtitle \">Kaksikko n\u00e4htiin yhten\u00e4 p\u00e4iv\u00e4n\u00e4 hotellin kattoterassilla.<\/p>\n<p class=\"article-content article-content-width !bg-background\">Viihdelegenda  alias , 83, ja , 24, pakenivat kotimaan harmautta toissaviikolla Kanarian l\u00e4mp\u00f6\u00f6n.<\/p>\n<p class=\"article-content article-content-width !bg-background\">Viikon reissuun mahtui my\u00f6s kolme keikkaa, kun Danny esiintyi kertaalleen Las Palmasin Suomi-kerhossa ja kahtena iltana Playa del Ingl\u00e9sin Iskelm\u00e4-baarissa.<\/p>\n<p>        <a itemprop=\"url\" href=\"https:\/\/www.seiska.fi\/vain-seiskassa\/salakuvat-kanarialta-danny-ja-helmi-loukasmaki-viihtyivat-kaksistaan-yksi-asia-kiinnitti-huomion\/2004275\" rel=\"nofollow noopener\" target=\"_blank\"><\/p>\n<p>\nSalakuvat Kanarialta!\n<\/p>\n<p class=\"section-date\">\n        <strong class=\"article-section\" data-section=\"vain seiskassa\"><br \/>\n            vain seiskassa<br \/>\n        <\/strong><br \/>\n        27.11. 05:00\n    <\/p>\n<p>Salakuvat Kanarialta! Danny ja Helmi Loukasm\u00e4ki viihtyiv\u00e4t kaksistaan \u2013 yksi asia kiinnitti huomion\n    <\/p>\n<p itemprop=\"description\" class=\"subtitle \">\n    Danny ja Helmi pitiv\u00e4t matkallaan h\u00e4mment\u00e4v\u00e4n matalaa profiilia.\n<\/p>\n<p>        <\/a><\/p>\n<p>Suosii yht\u00e4 hotellia<\/p>\n<p class=\"article-content article-content-width !bg-background\">Danny ja Helmi majoittautuivat reissullaan Ingl\u00e9sin kupeessa San Agustinissa sijaitsevassa Gloria Palacessa. Kyseess\u00e4 on sama hotelli, johon Danny vei ex-laulajarakkaansa  vuonna 2019.<\/p>\n<p>                <img decoding=\"async\" src=\"https:\/\/www.europesays.com\/fi\/wp-content\/uploads\/2025\/11\/2005271.webp\" width=\"576\" height=\"360\" title=\"Gloria Palace San Agustinissa on nelj\u00e4n t\u00e4hden hotelli ja spa.\" alt=\"Danny ja Helmi Loukasm\u00e4ki asuivat Kanarialla nelj\u00e4n t\u00e4hden hotellissa.\" loading=\"lazy\" \/>            <\/p>\n<p>\n            Gloria Palace San Agustinissa on nelj\u00e4n t\u00e4hden hotelli ja spa.<br \/>\n            Juhamatti Nieminen\n        <\/p>\n<p class=\"article-content article-content-width !bg-background\">Luonnonkivest\u00e4 rakennettu hotelli tarjoaa rentouttavan lomakeitaan upealla merin\u00e4k\u00f6alalla. Asukkaiden k\u00e4yt\u00f6ss\u00e4 on kaksi ulkouima-allasta sek\u00e4 spa-sis\u00e4kylpyl\u00e4. Viikon reissu hotellissa lentoineen maksaa kahdelta hengelt\u00e4 talvikaudella noin 2 200 euroa.<\/p>\n<p class=\"article-content article-content-width !bg-background\">Musiikkineuvoksen tiedet\u00e4\u00e4n mieltyneen hotelliin jo 2000-luvun alussa, kun h\u00e4n vieraili Kanarialla tanssitytt\u00f6jens\u00e4 kanssa.<\/p>\n<p>        <a itemprop=\"url\" href=\"https:\/\/www.seiska.fi\/vain-seiskassa\/espanjassa-hieraistiin-silmia-danny-ja-helmi-loukasmaki-yllattavissa-touhuissa-kanarialla\/1995072\" rel=\"nofollow noopener\" target=\"_blank\"><\/p>\n<p>\nDanny ja Helmi\n<\/p>\n<p class=\"section-date\">\n        <strong class=\"article-section\" data-section=\"vain seiskassa\"><br \/>\n            vain seiskassa<br \/>\n        <\/strong><br \/>\n        26.11. 05:00\n    <\/p>\n<p>Espanjassa hieraistiin silmi\u00e4! Danny ja Helmi Loukasm\u00e4ki yll\u00e4tt\u00e4viss\u00e4 touhuissa Kanarialla\n    <\/p>\n<p itemprop=\"description\" class=\"subtitle \">\n    \u2013 N\u00e4in se tosiaan oli, Seiskalle kerrotaan Gran Canarialta.\n<\/p>\n<p>        <\/a><\/p>\n<p>Aamupalat yhteisiss\u00e4 tiloissa<\/p>\n<p class=\"article-content article-content-width !bg-background\">Danny ja Helmi noteerattiin pitkin viikkoa hotellin aamupalalta, johon he ilmaantuivat aamukymmenen aikoihin. Hotellilla Danny laahusti silminn\u00e4kij\u00f6iden mukaan seuralaisneitins\u00e4 vanavedess\u00e4 omin jaloin.<\/p>\n<p class=\"article-content article-content-width !bg-background\">\u2013 K\u00e4vely oli kyll\u00e4kin verkkaisen ja tuskaisen oloista, aamupalap\u00f6yd\u00e4st\u00e4 vinkataan.<\/p>\n<p>        <a itemprop=\"url\" href=\"https:\/\/www.seiska.fi\/vain-seiskassa\/kuvat-lentoasemalta-helmi-loukasmaki-tyonsi-dannya-pyoratuolissa\/1990682\" rel=\"nofollow noopener\" target=\"_blank\"><\/p>\n<p>\nKuvat lentoasemalta!\n<\/p>\n<p class=\"section-date\">\n        <strong class=\"article-section\" data-section=\"vain seiskassa\"><br \/>\n            vain seiskassa<br \/>\n        <\/strong><br \/>\n        12.11. 16:00\n    <\/p>\n<p>Kuvat lentoasemalta! Helmi Loukasm\u00e4ki ty\u00f6nsi Danny\u00e4 py\u00f6r\u00e4tuolissa\n    <\/p>\n<p itemprop=\"description\" class=\"subtitle \">\n    Danny suuntasi Helmin kanssa Kanarialle, jossa musiikkineuvos nousee seuraavan viikon aikana keikkalavalle kolmena eri iltana.\n<\/p>\n<p>        <\/a><\/p>\n<p class=\"article-content article-content-width !bg-background\">Kaksikko n\u00e4htiin yhten\u00e4 p\u00e4iv\u00e4n\u00e4 hotellin kattoterassilla, jossa he k\u00e4viv\u00e4t haukkaamassa pient\u00e4 purtavaa Dannyn tuttavien kanssa. Muun porukan poistuessa Danny ja Helmi j\u00e4iv\u00e4t toviksi nauttimaan kattoterassin n\u00e4k\u00f6aloista, kunnes suuntasivat takaisin huoneeseensa.<\/p>\n<p>                <img decoding=\"async\" src=\"https:\/\/www.europesays.com\/fi\/wp-content\/uploads\/2025\/11\/2005273.webp\" width=\"576\" height=\"303\" title=\"Helmi ja Danny viihtyiv\u00e4t tuttaviensa kanssa hotellin kattoterassilla.\" alt=\"Danny ja Helmi Loukasm\u00e4ki hotellin kattoterassilla.\" loading=\"lazy\" \/>            <\/p>\n<p>\n            Helmi ja Danny viihtyiv\u00e4t tuttaviensa kanssa hotellin kattoterassilla.<br \/>\n            JUHAMATTI NIEMINEN\n        <\/p>\n<p class=\"article-content article-content-width !bg-background\">Danny ja Helmi palasivat Suomeen viime viikon torstaina. Parin tarkoituksena on tehd\u00e4 uusi reissu Kanarialle ensi kev\u00e4\u00e4n\u00e4.<\/p>\n","protected":false},"excerpt":{"rendered":"Danny ja Helmi Loukasm\u00e4ki Rauma 2021-06-11 Pasi Murto Kaksikko n\u00e4htiin yhten\u00e4 p\u00e4iv\u00e4n\u00e4 hotellin kattoterassilla. Viihdelegenda alias , 83,&hellip;\n","protected":false},"author":2,"featured_media":102932,"comment_status":"","ping_status":"","sticky":false,"template":"","format":"standard","meta":{"footnotes":""},"categories":[136],"tags":[407,8967,137,11144,33,31,30,19595,9178,11419,408,17851,1478,32,109],"class_list":{"0":"post-102931","1":"post","2":"type-post","3":"status-publish","4":"format-standard","5":"has-post-thumbnail","7":"category-julkkikset","8":"tag-celebrities","9":"tag-danny","10":"tag-entertainment","11":"tag-erika-vikman","12":"tag-fi","13":"tag-finland","14":"tag-finnish","15":"tag-gloria-palace","16":"tag-helmi-loukasmaki","17":"tag-ilkka-lipsanen","18":"tag-julkkikset","19":"tag-kanaria","20":"tag-matkailu","21":"tag-suomi","22":"tag-viihde"},"share_on_mastodon":{"url":"https:\/\/pubeurope.com\/@fi\/115631657155522046","error":""},"_links":{"self":[{"href":"https:\/\/www.europesays.com\/fi\/wp-json\/wp\/v2\/posts\/102931","targetHints":{"allow":["GET"]}}],"collection":[{"href":"https:\/\/www.europesays.com\/fi\/wp-json\/wp\/v2\/posts"}],"about":[{"href":"https:\/\/www.europesays.com\/fi\/wp-json\/wp\/v2\/types\/post"}],"author":[{"embeddable":true,"href":"https:\/\/www.europesays.com\/fi\/wp-json\/wp\/v2\/users\/2"}],"replies":[{"embeddable":true,"href":"https:\/\/www.europesays.com\/fi\/wp-json\/wp\/v2\/comments?post=102931"}],"version-history":[{"count":0,"href":"https:\/\/www.europesays.com\/fi\/wp-json\/wp\/v2\/posts\/102931\/revisions"}],"wp:featuredmedia":[{"embeddable":true,"href":"https:\/\/www.europesays.com\/fi\/wp-json\/wp\/v2\/media\/102932"}],"wp:attachment":[{"href":"https:\/\/www.europesays.com\/fi\/wp-json\/wp\/v2\/media?parent=102931"}],"wp:term":[{"taxonomy":"category","embeddable":true,"href":"https:\/\/www.europesays.com\/fi\/wp-json\/wp\/v2\/categories?post=102931"},{"taxonomy":"post_tag","embeddable":true,"href":"https:\/\/www.europesays.com\/fi\/wp-json\/wp\/v2\/tags?post=102931"}],"curies":[{"name":"wp","href":"https:\/\/api.w.org\/{rel}","templated":true}]}}