{"id":102935,"date":"2025-11-29T06:57:08","date_gmt":"2025-11-29T06:57:08","guid":{"rendered":"https:\/\/www.europesays.com\/fi\/102935\/"},"modified":"2025-11-29T06:57:08","modified_gmt":"2025-11-29T06:57:08","slug":"jeffrey-lawman-tuomittiin-petoksesta-tosi-tv-tahden-kommentit-ja-seuraamukset","status":"publish","type":"post","link":"https:\/\/www.europesays.com\/fi\/102935\/","title":{"rendered":"Jeffrey Lawman tuomittiin petoksesta: Tosi-tv-t\u00e4hden kommentit ja seuraamukset"},"content":{"rendered":"<p>\n            20250812, Helsinki. Selviytyj\u00e4t Suomi pressi. Kuvassa Jeffrey Lawman.<br \/>\n            Timo Korhonen\n        <\/p>\n<p class=\"subtitle \">Lawman tuomittiin t\u00e4n\u00e4\u00e4n It\u00e4-Uudenmaan k\u00e4r\u00e4j\u00e4oikeudessa petoksesta sakkoihin.<\/p>\n<p class=\"article-content article-content-width !bg-background\">It\u00e4-Uudenmaan k\u00e4r\u00e4j\u00e4oikeus tuomitsi tosi-tv-t\u00e4hti  t\u00e4n\u00e4\u00e4n (28.11.) petoksesta sakkorangaistukseen niin sanoitulla Salaattik\u00e4r\u00e4jill\u00e4.\u00a0<\/p>\n<p class=\"article-content article-content-width !bg-background\">Lawman j\u00e4tti saapumatta syytteidens\u00e4 k\u00e4sittelyyn.\u00a0<\/p>\n<p>        <a itemprop=\"url\" href=\"https:\/\/www.seiska.fi\/rikos\/seiska-seuraa-jeffrey-lawmanin-rikossyyte-oikeudessa-yllatyskaanne\/2004613\" rel=\"nofollow noopener\" target=\"_blank\"><\/p>\n<p>\nJeffrey Lawman oikeudessa\n<\/p>\n<p class=\"section-date\">\n        <strong class=\"article-section\" data-section=\"rikos\"><br \/>\n            rikos<br \/>\n        <\/strong><br \/>\n        28.11. 11:00\n    <\/p>\n<p>Seiska seuraa: Jeffrey Lawmanin rikossyyte oikeudessa \u2013 Yll\u00e4tysk\u00e4\u00e4nne\n    <\/p>\n<p itemprop=\"description\" class=\"subtitle \">\n    Tv-t\u00e4hden syytteit\u00e4 k\u00e4sitell\u00e4\u00e4n perjantaina oikeudessa.\n<\/p>\n<p>        <\/a><\/p>\n<p class=\"article-content article-content-width !bg-background\">Nyt Jeffrey kommentoi lyhyesti tuomiotaan\u00a0<a href=\"https:\/\/www.instagram.com\/lawmanjeffrey\/\" aria-label=\"Jeffrey Lawmanin Instagram\" target=\"_blank\" rel=\"nofollow noopener\">Instagraminsa<\/a> tarinat-osiossa t\u00e4n\u00e4\u00e4n (28.11.) julkaisemallaan videolla.<\/p>\n<p class=\"article-content article-content-width !bg-background\"> \u2013 Olen toiminut v\u00e4\u00e4rin ja kadun sit\u00e4 todella paljon. Nolottaa todella paljon, ja se kuuluu asiaan: kun toimii v\u00e4\u00e4rin, kuuluu nolottaa ja h\u00e4vett\u00e4\u00e4, ja olla vihainen itselleen, h\u00e4n toteaa, ja jatkaa:<\/p>\n<p class=\"article-content article-content-width !bg-background\"> \u2013 Ja kantaa siit\u00e4 vastuu sek\u00e4 el\u00e4\u00e4 t\u00e4m\u00e4n tunteen kanssa ja menn\u00e4 eteenp\u00e4in.<\/p>\n<p>        <a itemprop=\"url\" href=\"https:\/\/www.seiska.fi\/rikos\/jeffrey-lawman-tuomittiin-petoksesta-salaattikarajilla\/2006465\" rel=\"nofollow noopener\" target=\"_blank\"><\/p>\n<p>\nSalaattik\u00e4r\u00e4j\u00e4t\n<\/p>\n<p class=\"section-date\">\n        <strong class=\"article-section\" data-section=\"rikos\"><br \/>\n            rikos<br \/>\n        <\/strong><br \/>\n        28.11. 12:28\n    <\/p>\n<p>Jeffrey Lawman tuomittiin petoksesta salaattik\u00e4r\u00e4jill\u00e4\n    <\/p>\n<p itemprop=\"description\" class=\"subtitle \">\n    Realitypersoona ei saapunut oikeusk\u00e4sittelyyn.\n<\/p>\n<p>        <\/a><\/p>\n<p class=\"article-content article-content-width !bg-background\">Tarinat ovat katsottavissa 24 tuntia julkaisustaan.<\/p>\n<p>T\u00e4st\u00e4 on kyse<\/p>\n<p class=\"article-content article-content-width !bg-background\">Tuomiossa on kyse siit\u00e4, ett\u00e4 Jeffrey punnitsi ja maksoi vantaalaisen S-Marketin salaattibaarin tuotteita liian alhaisella hinnalla kaikkiaan 33 kertaa: h\u00e4n ker\u00e4si salaattibaarista annoksen, punnitsi sen, tulosti hintalapun, ja lis\u00e4si rasiaan viel\u00e4 lis\u00e4\u00e4 ruokaa.<\/p>\n<p>                <img decoding=\"async\" src=\"https:\/\/www.europesays.com\/fi\/wp-content\/uploads\/2025\/11\/1854530.webp\" width=\"576\" height=\"720\" title=\"Jeffrey Lawman kuvattuna t\u00e4m\u00e4n vuoden elokuussa.\" alt=\"Jeffrey Lawman punaisen j\u00e4\u00e4kiekkopaitaan pukeutuneena. Taustalla n\u00e4kyy katul\u00e4tk\u00e4turnaus.\" loading=\"lazy\" \/>            <\/p>\n<p>\n            Jeffrey Lawman kuvattuna t\u00e4m\u00e4n vuoden elokuussa.<br \/>\n            ATTE KAJOVA\n        <\/p>\n<p>        <a itemprop=\"url\" href=\"https:\/\/www.seiska.fi\/rikos\/jeffrey-lawman-rikossyyte-1\/1699014\" rel=\"nofollow noopener\" target=\"_blank\"><\/p>\n<p>\nJeffrey Lawman\n<\/p>\n<p class=\"section-date\">\n        <strong class=\"article-section\" data-section=\"rikos\"><br \/>\n            rikos<br \/>\n        <\/strong><br \/>\n        14.5. 16:30\n    <\/p>\n<p>Jeffrey Lawman: rikossyyte!\n    <\/p>\n<p itemprop=\"description\" class=\"subtitle \">\n    Tv:st\u00e4 tuttu Jeffrey joutuu oikeuteen.\n<\/p>\n<p>        <\/a><\/p>\n<p class=\"article-content article-content-width !bg-background\">Osassa tapauksista h\u00e4n on punninnut salaattirasian viel\u00e4 t\u00e4m\u00e4n j\u00e4lkeen uudelleen, mutta maksanut sen kuitenkin itsepalvelukassoilla ensimm\u00e4isell\u00e4, halvemmalla, hintalapulla.\u00a0<\/p>\n<p class=\"article-content article-content-width !bg-background\"> Tapahtumat sijoittuvat aikav\u00e4lille 11.4.\u201317.12.2024.<\/p>\n<p>Petossalaatti tuli kalliiksi<\/p>\n<p class=\"article-content article-content-width !bg-background\">Salaatille tuli hintaa, sill\u00e4 It\u00e4-Uudenmaan k\u00e4r\u00e4j\u00e4oikeus tuomitsi Lawmanin 60 p\u00e4iv\u00e4sakkoon. Se tekee h\u00e4nen tuloillaan yhteens\u00e4 360 euroa.<\/p>\n<p>        <a itemprop=\"url\" href=\"https:\/\/www.seiska.fi\/rikos\/uutta-tietoa-jeffrey-lawmanin-rikossyytteesta\/1791203\" rel=\"nofollow noopener\" target=\"_blank\"><\/p>\n<p>\nJeffrey Lawmanin rikossyyte\n<\/p>\n<p class=\"section-date\">\n        <strong class=\"article-section\" data-section=\"rikos\"><br \/>\n            rikos<br \/>\n        <\/strong><br \/>\n        30.5. 15:25\n    <\/p>\n<p>Uutta tietoa Jeffrey Lawmanin rikossyytteest\u00e4\n    <\/p>\n<p itemprop=\"description\" class=\"subtitle \">\n    Selviytyj\u00e4t-kilpailijan petossyytteest\u00e4 on ilmennyt uutta tietoa.\n<\/p>\n<p>        <\/a><\/p>\n<p class=\"article-content article-content-width !bg-background\">Lawman joutuu korvaamaan my\u00f6s asianomistajan vaatimat 2640 euron suuruiset selvittelykorvaukset HOK-Elanto Liiketoiminta Oy:lle.<\/p>\n<p class=\"article-content article-content-width !bg-background\">Lis\u00e4ksi h\u00e4n joutuu maksamaan 80 rikosuhrimaksun.<\/p>\n<p class=\"article-content article-content-width !bg-background\">Tuomio ei ole lainvoimainen.<\/p>\n<p><script async src=\"\/\/www.instagram.com\/embed.js\"><\/script><\/p>\n","protected":false},"excerpt":{"rendered":"20250812, Helsinki. Selviytyj\u00e4t Suomi pressi. Kuvassa Jeffrey Lawman. Timo Korhonen Lawman tuomittiin t\u00e4n\u00e4\u00e4n It\u00e4-Uudenmaan k\u00e4r\u00e4j\u00e4oikeudessa petoksesta sakkoihin. It\u00e4-Uudenmaan&hellip;\n","protected":false},"author":2,"featured_media":102936,"comment_status":"","ping_status":"","sticky":false,"template":"","format":"standard","meta":{"footnotes":""},"categories":[130],"tags":[137,33,31,30,7956,2960,7283,38,19596,7959,32,109],"class_list":{"0":"post-102935","1":"post","2":"type-post","3":"status-publish","4":"format-standard","5":"has-post-thumbnail","7":"category-viihde","8":"tag-entertainment","9":"tag-fi","10":"tag-finland","11":"tag-finnish","12":"tag-ita-uudenmaan-karajaoikeus","13":"tag-jeffrey-lawman","14":"tag-petos","15":"tag-rikos","16":"tag-s-market","17":"tag-sakkorangaistus","18":"tag-suomi","19":"tag-viihde"},"share_on_mastodon":{"url":"https:\/\/pubeurope.com\/@fi\/115631688551852857","error":""},"_links":{"self":[{"href":"https:\/\/www.europesays.com\/fi\/wp-json\/wp\/v2\/posts\/102935","targetHints":{"allow":["GET"]}}],"collection":[{"href":"https:\/\/www.europesays.com\/fi\/wp-json\/wp\/v2\/posts"}],"about":[{"href":"https:\/\/www.europesays.com\/fi\/wp-json\/wp\/v2\/types\/post"}],"author":[{"embeddable":true,"href":"https:\/\/www.europesays.com\/fi\/wp-json\/wp\/v2\/users\/2"}],"replies":[{"embeddable":true,"href":"https:\/\/www.europesays.com\/fi\/wp-json\/wp\/v2\/comments?post=102935"}],"version-history":[{"count":0,"href":"https:\/\/www.europesays.com\/fi\/wp-json\/wp\/v2\/posts\/102935\/revisions"}],"wp:featuredmedia":[{"embeddable":true,"href":"https:\/\/www.europesays.com\/fi\/wp-json\/wp\/v2\/media\/102936"}],"wp:attachment":[{"href":"https:\/\/www.europesays.com\/fi\/wp-json\/wp\/v2\/media?parent=102935"}],"wp:term":[{"taxonomy":"category","embeddable":true,"href":"https:\/\/www.europesays.com\/fi\/wp-json\/wp\/v2\/categories?post=102935"},{"taxonomy":"post_tag","embeddable":true,"href":"https:\/\/www.europesays.com\/fi\/wp-json\/wp\/v2\/tags?post=102935"}],"curies":[{"name":"wp","href":"https:\/\/api.w.org\/{rel}","templated":true}]}}