{"id":102941,"date":"2025-11-29T07:02:08","date_gmt":"2025-11-29T07:02:08","guid":{"rendered":"https:\/\/www.europesays.com\/fi\/102941\/"},"modified":"2025-11-29T07:02:08","modified_gmt":"2025-11-29T07:02:08","slug":"turun-telakalta-haadetty-yhtio-jatkaa-rekrytointia-uutisia-lyhyesti","status":"publish","type":"post","link":"https:\/\/www.europesays.com\/fi\/102941\/","title":{"rendered":"Turun telakalta h\u00e4\u00e4detty yhti\u00f6 jatkaa rekrytointia | Uutisia lyhyesti"},"content":{"rendered":"<p class=\"aw-1gybjub aw-5vja16 kEtdKx kmuxyA yle__article__paragraph\">STT haki valehenkil\u00f6llisyydell\u00e4 t\u00f6it\u00e4 virolaisesta alihankintafirmasta. K\u00e4vi ilmi, ett\u00e4 yhti\u00f6 etsii yh\u00e4 ty\u00f6ntekij\u00f6it\u00e4 Suomessa.<\/p>\n<p><img decoding=\"async\" alt=\"Kuvankaappaus, jossa kuva kahdesta laivasta ja teksti\u00e4.\" src=\"https:\/\/www.europesays.com\/fi\/wp-content\/uploads\/2025\/11\/39-1561595692a915428dbd.jpeg\" class=\"aw-1l9m598 hKVVvP\"\/><\/p>\n<p>Avaa kuvien katselu<\/p>\n<p>Hodes-yhti\u00f6 kertoo verkkosivuillaan, ett\u00e4 Turun telakan loistoristeilij\u00f6it\u00e4 on ollut rakentamassa yli 200 yhti\u00f6n ty\u00f6ntekij\u00e4\u00e4. Kuva: Lehtikuva<\/p>\n<p class=\"aw-1gybjub aw-1p7kakr kEtdKx cEmitX yle__article__paragraph\">Turun telakalta pois potkittu virolaisyhti\u00f6 on viel\u00e4 marraskuussa jatkanut laivanrakennustaitoisten hitsaajien rekrytointia Suomessa. Yhti\u00f6st\u00e4 on tarjottu t\u00f6it\u00e4 Turussa ja Helsingiss\u00e4. Asia k\u00e4y ilmi STT:n selvityksest\u00e4, jossa se k\u00e4ytti peiteroolia tekeytyen ukrainalaiseksi ty\u00f6nhakijaksi.<\/p>\n<p class=\"aw-1gybjub aw-1p7kakr kEtdKx cEmitX yle__article__paragraph\">STT uutisoi syyskuussa, ett\u00e4 ukrainalaisille oli maksettu liian pieni\u00e4 palkkoja heid\u00e4n ty\u00f6skennelless\u00e4\u00e4n virolaisissa alihankintayhti\u00f6iss\u00e4 Turun telakalla. Lokakuussa Meyer Turku kertoi sulkeneensa ulos telakalta kaksi uutisoinnissa esille noussutta yhti\u00f6t\u00e4, Hodesin ja Bongo Marinen.<\/p>\n<p class=\"aw-1gybjub aw-1p7kakr kEtdKx cEmitX yle__article__paragraph\">Hodes ja Bongo Marine liittyv\u00e4t toisiinsa. Niill\u00e4 on ollut muun muassa sama osoite Tallinnassa, samoja vastuuhenkil\u00f6it\u00e4 ja sama virolainen puhelinnumero rekrytoinnissa.<\/p>\n<p class=\"aw-1gybjub aw-1p7kakr kEtdKx cEmitX yle__article__paragraph\">Syyskuussa Hodes oli ilmoittanut Suomessa olevasta hitsausty\u00f6st\u00e4 laivanrakennuksessa ja -korjauksessa. Ven\u00e4j\u00e4nkielisess\u00e4 ilmoituksessa luvattiin muun muassa keskim\u00e4\u00e4r\u00e4ist\u00e4 parempaa palkkaa sek\u00e4 maksutonta majoitusta ja ty\u00f6vaatteita.<\/p>\n<p class=\"aw-1gybjub aw-1p7kakr kEtdKx cEmitX yle__article__paragraph\">STT j\u00e4rjesti marraskuussa ven\u00e4j\u00e4\u00e4 ja ukrainaa puhuvan henkil\u00f6n soittamaan ilmoituksessa kerrottuun numeroon. Ukrainalaiseksi hitsaajaksi esitt\u00e4ytyneelle \u201dIgorille\u201d sanottiin puhelussa, ett\u00e4 yhti\u00f6 hakee edelleen ty\u00f6ntekij\u00f6it\u00e4 Turkuun ja sen lis\u00e4ksi Helsinkiin.<\/p>\n<p class=\"aw-1gybjub aw-1p7kakr kEtdKx cEmitX yle__article__paragraph\">STT k\u00e4ytti tiedonhankinnassa peiteroolia, koska Hodes tai muut ukrainalaisten riistoon liittyv\u00e4t yhti\u00f6t eiv\u00e4t ole kuukausien yritt\u00e4misen j\u00e4lkeen antaneet kommenttia toiminnastaan Suomessa.<\/p>\n","protected":false},"excerpt":{"rendered":"STT haki valehenkil\u00f6llisyydell\u00e4 t\u00f6it\u00e4 virolaisesta alihankintafirmasta. K\u00e4vi ilmi, ett\u00e4 yhti\u00f6 etsii yh\u00e4 ty\u00f6ntekij\u00f6it\u00e4 Suomessa. Avaa kuvien katselu Hodes-yhti\u00f6&hellip;\n","protected":false},"author":2,"featured_media":102942,"comment_status":"","ping_status":"","sticky":false,"template":"","format":"standard","meta":{"footnotes":""},"categories":[12],"tags":[22,23,26,27,33,31,30,17,24,25,28,29,8833,15,18,21,32,78,2790,19,20,662,2247,16,663],"class_list":{"0":"post-102941","1":"post","2":"type-post","3":"status-publish","4":"format-standard","5":"has-post-thumbnail","7":"category-suomi","8":"tag-breaking-news","9":"tag-breakingnews","10":"tag-featured-news","11":"tag-featurednews","12":"tag-fi","13":"tag-finland","14":"tag-finnish","15":"tag-headlines","16":"tag-latest-news","17":"tag-latestnews","18":"tag-main-news","19":"tag-mainnews","20":"tag-meyer-turku-oy","21":"tag-news","22":"tag-otsikot","23":"tag-paauutiset","24":"tag-suomi","25":"tag-talous","26":"tag-telakkateollisuus","27":"tag-top-stories","28":"tag-topstories","29":"tag-turku","30":"tag-tyomarkkinat","31":"tag-uutiset","32":"tag-varsinais-suomi"},"share_on_mastodon":{"url":"https:\/\/pubeurope.com\/@fi\/115631708198161141","error":""},"_links":{"self":[{"href":"https:\/\/www.europesays.com\/fi\/wp-json\/wp\/v2\/posts\/102941","targetHints":{"allow":["GET"]}}],"collection":[{"href":"https:\/\/www.europesays.com\/fi\/wp-json\/wp\/v2\/posts"}],"about":[{"href":"https:\/\/www.europesays.com\/fi\/wp-json\/wp\/v2\/types\/post"}],"author":[{"embeddable":true,"href":"https:\/\/www.europesays.com\/fi\/wp-json\/wp\/v2\/users\/2"}],"replies":[{"embeddable":true,"href":"https:\/\/www.europesays.com\/fi\/wp-json\/wp\/v2\/comments?post=102941"}],"version-history":[{"count":0,"href":"https:\/\/www.europesays.com\/fi\/wp-json\/wp\/v2\/posts\/102941\/revisions"}],"wp:featuredmedia":[{"embeddable":true,"href":"https:\/\/www.europesays.com\/fi\/wp-json\/wp\/v2\/media\/102942"}],"wp:attachment":[{"href":"https:\/\/www.europesays.com\/fi\/wp-json\/wp\/v2\/media?parent=102941"}],"wp:term":[{"taxonomy":"category","embeddable":true,"href":"https:\/\/www.europesays.com\/fi\/wp-json\/wp\/v2\/categories?post=102941"},{"taxonomy":"post_tag","embeddable":true,"href":"https:\/\/www.europesays.com\/fi\/wp-json\/wp\/v2\/tags?post=102941"}],"curies":[{"name":"wp","href":"https:\/\/api.w.org\/{rel}","templated":true}]}}