{"id":102943,"date":"2025-11-29T07:03:08","date_gmt":"2025-11-29T07:03:08","guid":{"rendered":"https:\/\/www.europesays.com\/fi\/102943\/"},"modified":"2025-11-29T07:03:08","modified_gmt":"2025-11-29T07:03:08","slug":"turun-telakalta-pois-potkittu-yhtio-rekrytoi-yha","status":"publish","type":"post","link":"https:\/\/www.europesays.com\/fi\/102943\/","title":{"rendered":"Turun telakalta pois potkittu yhti\u00f6 rekrytoi yh\u00e4"},"content":{"rendered":"<p>Telakat|Asiantuntija pit\u00e4\u00e4 yhti\u00f6n tarjoamia tuntim\u00e4\u00e4ri\u00e4 kohtuuttomina.<\/p>\n<p class=\"article-body mb-nof-24 px-nof-16\">\u201dHyville tekij\u00f6ille l\u00f6ytyy aina t\u00f6it\u00e4\u201d, vakuutettiin Suomessa rekrytoivasta firmasta \u201dukrainalaiselle Igorille\u201d marraskuussa.<\/p>\n<p class=\"article-body mb-nof-24 px-nof-16\">STT tekeytyi ty\u00f6t\u00e4 etsiv\u00e4ksi hitsaajaksi selvitt\u00e4\u00e4kseen, miten ukrainalaisten telakkaty\u00f6ntekij\u00f6iden riistoon liittyv\u00e4t virolaisyhti\u00f6t toimivat t\u00e4ll\u00e4 hetkell\u00e4. STT:n syyskuisen uutisen mukaan ukrainalaisille oli muun muassa maksettu liian pieni\u00e4 palkkoja heid\u00e4n ty\u00f6skennelless\u00e4\u00e4n virolaisissa alihankintayhti\u00f6iss\u00e4 Turun telakalla.<\/p>\n<p class=\"article-body mb-nof-24 px-nof-16\">Lokakuussa telakkayhti\u00f6 Meyer Turku sulki ulos telakalta kaksi uutisoinnissa esille noussutta yhti\u00f6t\u00e4 Hodesin ja Bongo Marinen. Meyer Turun mukaan se oli saanut varmistuksen, ett\u00e4 yhti\u00f6ihin liittyv\u00e4t v\u00e4\u00e4rink\u00e4yt\u00f6sep\u00e4ilyt ovat aiheellisia.<\/p>\n<p class=\"article-body mb-nof-24 px-nof-16\">Hodes ja Bongo Marine liittyv\u00e4t toisiinsa. Niill\u00e4 on ollut muun muassa sama osoite Tallinnassa, samoja vastuuhenkil\u00f6it\u00e4 ja sama virolainen puhelinnumero rekrytoinnissa.<\/p>\n<p class=\"article-body mb-nof-24 px-nof-16\">Syyskuussa Hodes oli ilmoittanut Suomessa olevasta hitsausty\u00f6st\u00e4 laivanrakennuksessa ja -korjauksessa. Ven\u00e4j\u00e4nkielisess\u00e4 ilmoituksessa luvattiin muun muassa keskim\u00e4\u00e4r\u00e4ist\u00e4 parempaa palkkaa sek\u00e4 maksutonta majoitusta ja ty\u00f6vaatteita.<\/p>\n<p class=\"article-body mb-nof-24 px-nof-16\">STT j\u00e4rjesti marraskuussa ven\u00e4j\u00e4\u00e4 ja ukrainaa puhuvan henkil\u00f6n soittamaan ilmoituksessa kerrottuun numeroon. Ukrainalaiseksi hitsaajaksi esitt\u00e4ytyneelle \u201dIgorille\u201d sanottiin puhelussa, ett\u00e4 yhti\u00f6 hakee edelleen ty\u00f6ntekij\u00f6it\u00e4 Turkuun ja sen lis\u00e4ksi Helsinkiin.<\/p>\n<p class=\"article-body mb-nof-24 px-nof-16\">Hodes-yhti\u00f6n numeroon vastasi ukrainaa puhuva henkil\u00f6.<\/p>\n<p class=\"article-body mb-nof-24 px-nof-16\">\u201dTy\u00f6t\u00e4 hitsaajalle on t\u00e4ll\u00e4 hetkell\u00e4 Turussa. Sanoisitteko, onko teill\u00e4 kokemusta laivanrakennusalalta?\u201d Igorilta kysyttiin.<\/p>\n<p class=\"article-body mb-nof-24 px-nof-16\">Igor sanoi ty\u00f6skennelleens\u00e4 laivanrakennuksessa viisi vuotta ja ett\u00e4 h\u00e4nell\u00e4 on oleskelulupa Suomessa. H\u00e4n kysyi palkasta.<\/p>\n<p class=\"article-body mb-nof-24 px-nof-16\">\u201dPalkka on meill\u00e4 15\u201317 euroa nettona tunnilta. Tarkka tuntipalkka vahvistetaan projektin valvojan puhelinhaastattelussa\u201d, rekrytoija sanoi.<\/p>\n<p class=\"article-body mb-nof-24 px-nof-16\">\u201dSe on ennen veroja?\u201d<\/p>\n<p class=\"article-body mb-nof-24 px-nof-16\">\u201dEi, se on verojen j\u00e4lkeen. Bruttopalkka riippuu siit\u00e4, mik\u00e4 teid\u00e4n verokantanne on. Sit\u00e4 en tied\u00e4. Se selvi\u00e4\u00e4, kun olette sopinut ja teette sopimuksen projektikoordinaattorin kanssa. Silloin selvi\u00e4\u00e4 teid\u00e4n bruttotuntipalkkanne.\u201d<\/p>\n<p class=\"article-body mb-nof-24 px-nof-16\">Yhti\u00f6st\u00e4 kerrottiin viikkotuntim\u00e4\u00e4r\u00e4ksi noin 56.<\/p>\n<p class=\"article-body mb-nof-24 px-nof-16\">\u201dMajoitus, ty\u00f6matkat ja ty\u00f6vaatteet ovat meid\u00e4n kustannuksellamme.\u201d<\/p>\n<p class=\"article-body mb-nof-24 px-nof-16\">Yhti\u00f6n mukaan ty\u00f6suhde olisi pitk\u00e4aikainen.<\/p>\n<p class=\"article-body mb-nof-24 px-nof-16\">\u201dHyville ty\u00f6ntekij\u00f6ille meill\u00e4 on ty\u00f6t\u00e4 aina.\u201d<\/p>\n<p class=\"article-body mb-nof-24 px-nof-16\">Seuraavalla viikolla Igor yritti soittaa ukrainalaiselle projektikoordinaattorille ty\u00f6haastattelun sopimiseksi. L\u00e4hes viikon yritt\u00e4misen j\u00e4lkeen h\u00e4nt\u00e4 ei tavoitettu puhelimitse.<\/p>\n<p class=\"article-body mb-nof-24 px-nof-16\">Marraskuun lopulla Igor soitti uudelleen ty\u00f6paikkailmoituksessa olleeseen numeroon. Henkil\u00f6 oli aiemmassa puhelussa ollut haluton vastaamaan suoraan, miss\u00e4 kohteessa ty\u00f6t\u00e4 tarkalleen olisi.<\/p>\n<p class=\"article-body mb-nof-24 px-nof-16\">\u201dPuhuimme nimenomaan Turun telakalla ty\u00f6skentelyst\u00e4, eik\u00f6 niin?\u201d Igor kysyi.<\/p>\n<p class=\"article-body mb-nof-24 px-nof-16\">\u201dKyll\u00e4. T\u00e4ll\u00e4 hetkell\u00e4 on tarjolla toinenkin paikka. Se on Helsingiss\u00e4. Siell\u00e4 on laivanrakennusta\u201d, rekrytoija sanoi.<\/p>\n<p class=\"article-body mb-nof-24 px-nof-16\">Rekrytoijan mukaan tarvetta olisi runkorakenteiden hitsaajalle. H\u00e4n kehotti jatkamaan projektikoordinaattorin tavoittelua.<\/p>\n<p class=\"article-body mb-nof-24 px-nof-16\">\u201dKun olette saaneet h\u00e4neen yhteyden, voin keskustelunne tuloksen j\u00e4lkeen olla uudelleen yhteydess\u00e4 teihin\u201d, rekrytoija sanoi puhelun p\u00e4\u00e4tteeksi.<\/p>\n<p class=\"article-body mb-nof-24 px-nof-16\">Puhelun aikana k\u00e4vi ilmi, ett\u00e4 yhti\u00f6ss\u00e4 oli alettu ihmetell\u00e4, miksei Igorista l\u00f6ydy tietoa mist\u00e4\u00e4n. T\u00e4m\u00e4n j\u00e4lkeen STT ei en\u00e4\u00e4 ollut peitenimell\u00e4 yhteydess\u00e4 yhti\u00f6\u00f6n. Yhti\u00f6 ei vastannut STT:n toimittajan yhteydenottoihin, joissa pyydettiin kommenttia ja kerrottiin peiteroolin k\u00e4yt\u00f6st\u00e4 tiedonhankinnassa.<\/p>\n<p class=\"article-body mb-nof-24 px-nof-16\">Teollisuusliiton ty\u00f6ehtoasiantuntija <a class=\"article-personlink\" href=\"https:\/\/www.hs.fi\/haku\/?query=Deniz%20Kacar\" rel=\"nofollow noopener\" target=\"_blank\">Deniz Kacar<\/a> ei ole yll\u00e4ttynyt, ett\u00e4 yhti\u00f6 yritt\u00e4\u00e4 yh\u00e4 rekrytoida Suomen telakoille. Ulkomaalaisten ty\u00f6ntekij\u00f6iden ty\u00f6ehtoja polkeville yrityksille on h\u00e4nen mukaansa tavallista, ett\u00e4 ne rekrytoivat yhdell\u00e4 nimell\u00e4 ja toimivat toisella.<\/p>\n<p class=\"article-body mb-nof-24 px-nof-16\">Nettopalkan tarjoamisen syy on Kacarin mukaan tavallisesti alipalkkauksen piilotteleminen. H\u00e4n lis\u00e4\u00e4, ett\u00e4 yhti\u00f6t ovat maksaneet ukrainalaisille isoja osia palkasta verottomina p\u00e4iv\u00e4rahoina.<\/p>\n<p class=\"article-body mb-nof-24 px-nof-16\">\u201dKun ei makseta veroja, saadaan alipalkkaus vaikuttamaan paremmalta diililt\u00e4 kuin se todellisuudessa on\u201d, Kacar sanoo.<\/p>\n<p class=\"article-body mb-nof-24 px-nof-16\">Yhti\u00f6n tarjoamia ty\u00f6tunteja Kacar pit\u00e4\u00e4 kohtuuttomina.<\/p>\n<p class=\"article-body mb-nof-24 px-nof-16\">\u201dLaillisia tuntim\u00e4\u00e4ri\u00e4 nuo eiv\u00e4t tietenk\u00e4\u00e4n ole ja kun tiedet\u00e4\u00e4n, ett\u00e4 mit\u00e4\u00e4n lisi\u00e4 yhti\u00f6t eiv\u00e4t maksa eiv\u00e4tk\u00e4 t\u00e4ytt\u00e4 palkkaa v\u00e4ltt\u00e4m\u00e4tt\u00e4 tunneistakaan.\u201d<\/p>\n<p class=\"article-body mb-nof-24 px-nof-16\">Helsingin telakalta kerrotaan, ettei Hodesilla tai Bongo Marinella ole t\u00e4ll\u00e4 hetkell\u00e4 sopimuksia telakan tai siell\u00e4 toimivan alihankintaketjun kanssa. Telakka ei my\u00f6sk\u00e4\u00e4n aio tulevaisuudessa tehd\u00e4 sopimuksia niiden kanssa. Helsingin telakalla on nyky\u00e4\u00e4n k\u00e4yt\u00f6ss\u00e4 j\u00e4rjestelm\u00e4, joka v\u00e4hent\u00e4\u00e4 riski\u00e4, ett\u00e4 alihankintaketjuun p\u00e4\u00e4tyy ep\u00e4luotettavia toimijoita, kerrotaan telakkayhti\u00f6 Davien viestinn\u00e4st\u00e4.<\/p>\n<p class=\"article-body mb-nof-24 px-nof-16\">Meyer Turusta vastattiin, ettei se kommentoi \u201dkeskener\u00e4isi\u00e4 yksitt\u00e4isiin yrityksiin tai henkil\u00f6ihin liittyvi\u00e4 asioita\u201d. Yhti\u00f6n mukaan se on selvitystens\u00e4 perusteella antanut yksitt\u00e4isille yrityksille ja niiden vastuuhenkil\u00f6ille porttikieltoja Turun telakalle.<\/p>\n<p class=\"article-body mb-nof-24 px-nof-16\">STT k\u00e4ytti tiedonhankinnassa peiteroolia, koska Hodes tai muut ukrainalaisten riistoon liittyv\u00e4t yhti\u00f6t eiv\u00e4t ole kuukausien yritt\u00e4misen j\u00e4lkeen antaneet kommenttia toiminnastaan Suomessa. Yhti\u00f6iden toimintaa on haluttu selvitt\u00e4\u00e4, koska ulkomaalaisten ty\u00f6ntekij\u00f6iden ty\u00f6ehtojen polkeminen on merkitt\u00e4v\u00e4 ja usein piiloon j\u00e4\u00e4v\u00e4 yhteiskunnallinen ongelma.<\/p>\n<p class=\"article-body mb-nof-24 px-nof-16\">STT:n aiemman selvityksen perusteella yhti\u00f6ill\u00e4 on ollut tapana piilotella todellista toimintaansa ja kytk\u00f6ksi\u00e4\u00e4n. Ne ovat vaihdelleet nimi\u00e4, ja ty\u00f6ntekij\u00f6it\u00e4 on siirretty yhti\u00f6lt\u00e4 toiselle. My\u00f6s esimerkiksi aluehallintovirastolla on ollut vaikeuksia saada tietoa yhti\u00f6ist\u00e4.<\/p>\n","protected":false},"excerpt":{"rendered":"Telakat|Asiantuntija pit\u00e4\u00e4 yhti\u00f6n tarjoamia tuntim\u00e4\u00e4ri\u00e4 kohtuuttomina. \u201dHyville tekij\u00f6ille l\u00f6ytyy aina t\u00f6it\u00e4\u201d, vakuutettiin Suomessa rekrytoivasta firmasta \u201dukrainalaiselle Igorille\u201d marraskuussa.&hellip;\n","protected":false},"author":2,"featured_media":102944,"comment_status":"","ping_status":"","sticky":false,"template":"","format":"standard","meta":{"footnotes":""},"categories":[5],"tags":[22,23,26,27,33,31,30,17,46,24,25,28,29,15,18,21,32,19,20,16],"class_list":{"0":"post-102943","1":"post","2":"type-post","3":"status-publish","4":"format-standard","5":"has-post-thumbnail","7":"category-otsikot","8":"tag-breaking-news","9":"tag-breakingnews","10":"tag-featured-news","11":"tag-featurednews","12":"tag-fi","13":"tag-finland","14":"tag-finnish","15":"tag-headlines","16":"tag-helsingin-sanomat","17":"tag-latest-news","18":"tag-latestnews","19":"tag-main-news","20":"tag-mainnews","21":"tag-news","22":"tag-otsikot","23":"tag-paauutiset","24":"tag-suomi","25":"tag-top-stories","26":"tag-topstories","27":"tag-uutiset"},"share_on_mastodon":{"url":"https:\/\/pubeurope.com\/@fi\/115631712037388541","error":""},"_links":{"self":[{"href":"https:\/\/www.europesays.com\/fi\/wp-json\/wp\/v2\/posts\/102943","targetHints":{"allow":["GET"]}}],"collection":[{"href":"https:\/\/www.europesays.com\/fi\/wp-json\/wp\/v2\/posts"}],"about":[{"href":"https:\/\/www.europesays.com\/fi\/wp-json\/wp\/v2\/types\/post"}],"author":[{"embeddable":true,"href":"https:\/\/www.europesays.com\/fi\/wp-json\/wp\/v2\/users\/2"}],"replies":[{"embeddable":true,"href":"https:\/\/www.europesays.com\/fi\/wp-json\/wp\/v2\/comments?post=102943"}],"version-history":[{"count":0,"href":"https:\/\/www.europesays.com\/fi\/wp-json\/wp\/v2\/posts\/102943\/revisions"}],"wp:featuredmedia":[{"embeddable":true,"href":"https:\/\/www.europesays.com\/fi\/wp-json\/wp\/v2\/media\/102944"}],"wp:attachment":[{"href":"https:\/\/www.europesays.com\/fi\/wp-json\/wp\/v2\/media?parent=102943"}],"wp:term":[{"taxonomy":"category","embeddable":true,"href":"https:\/\/www.europesays.com\/fi\/wp-json\/wp\/v2\/categories?post=102943"},{"taxonomy":"post_tag","embeddable":true,"href":"https:\/\/www.europesays.com\/fi\/wp-json\/wp\/v2\/tags?post=102943"}],"curies":[{"name":"wp","href":"https:\/\/api.w.org\/{rel}","templated":true}]}}