{"id":102951,"date":"2025-11-29T07:26:09","date_gmt":"2025-11-29T07:26:09","guid":{"rendered":"https:\/\/www.europesays.com\/fi\/102951\/"},"modified":"2025-11-29T07:26:09","modified_gmt":"2025-11-29T07:26:09","slug":"kateisostaja-on-nyt-asuntomarkkinoiden-kuningas","status":"publish","type":"post","link":"https:\/\/www.europesays.com\/fi\/102951\/","title":{"rendered":"K\u00e4teisostaja on nyt asuntomarkkinoiden kuningas"},"content":{"rendered":"<p>P\u00e4\u00e4kirjoitus|Juuri nyt k\u00e4teisostajat ja pelottomat sijoittajat ovat kuninkaita<\/p>\n<p class=\"article-body mb-nof-24 px-nof-16\">Asuntomarkkinat Suomessa ovat jumissa. Jumi tulee purkautumaan ainakin kasvukeskuksissa, sill\u00e4 niihin virtaa kaiken aikaa lis\u00e4\u00e4 asukkaita.<\/p>\n<p class=\"article-body mb-nof-24 px-nof-16\">Asuntokaupasta suuri osa tehd\u00e4\u00e4n ketjuissa. Uusi ostetaan vasta, kun oma on myyty. Ja kun ostetaan, myyj\u00e4 voi hankkia itselleen oman uuden. Ja niin edesp\u00e4in.<\/p>\n<p class=\"article-body mb-nof-24 px-nof-16\">Ep\u00e4varmoina aikoina ketjut muuttuvat pitkiksi ja sitkeiksi. Uutta ei silloin moni uskalla ostaa pelk\u00e4ll\u00e4 velalla sen vuoksi, ett\u00e4 oman myynti voi viiv\u00e4sty\u00e4 ja iso laina j\u00e4\u00e4 hoidettavaksi siksi ajaksi. Ep\u00e4varmuus sijoittuu kolmeen kohtaan. Kuinka pitk\u00e4 t\u00e4m\u00e4 odotteluaika on, paljonko se tulee maksamaan lainanhoitokuluina ja mit\u00e4 odottelun aikana voi tapahtua omassa el\u00e4m\u00e4ss\u00e4.<\/p>\n<p class=\"article-body mb-nof-24 px-nof-16\">Ajat ovat nyt ep\u00e4varmat. Ketjussa voi esimerkiksi p\u00e4\u00e4kaupunkiseudulla olla puolikymment\u00e4 asuntoa. Tosin todellisuudessa esimerkiksi ty\u00f6llisyyden ja ostovoiman kannalta ajat ovat v\u00e4hemm\u00e4n ep\u00e4varmat kuin mit\u00e4 suomalaiset kuvittelevat. Ty\u00f6llisyysaste on pysytellyt Suomen mittakaavassa ihan kohtuullisena ja ostovoimakin kasvaa. 1990-luvun alun laman muistavat tiet\u00e4v\u00e4t, ett\u00e4 nykyinen talousahdinko ja asuntomarkkinoiden jumi ovat siihen verrattuna v\u00e4h\u00e4isi\u00e4 vastatuulia.<\/p>\n<p class=\"article-body mb-nof-24 px-nof-16\">Mutta niin sanottu sentimentti sanelee: ketjut pysyv\u00e4t lukossa.<\/p>\n<p class=\"article-body mb-nof-24 px-nof-16\">Asuntomarkkinoilla k\u00e4teisostajat ovat t\u00e4llaisina aikoina kuninkaita. V\u00e4litt\u00e4jilt\u00e4 l\u00f6ytyy ihmeen hyvin aikaa esitell\u00e4, jos asuntoa hakeva kertoo, ett\u00e4 h\u00e4n ei ole mink\u00e4\u00e4n ketjun lenkki. T\u00e4llaisella ostajalla on my\u00f6s merkitt\u00e4v\u00e4\u00e4 voimaa neuvotella hinnoista.<\/p>\n<p class=\"article-body mb-nof-24 px-nof-16\">Asuntojen hinnat ovat laskeneet Suomessa t\u00e4n\u00e4 vuonna jo kolmatta vuotta per\u00e4kk\u00e4in. Vuodessa laskua on tullut koko maassa 2,4 prosenttia. Tilanne tuntuu muuttuvan. Asuntokauppojen m\u00e4\u00e4r\u00e4 on jo k\u00e4\u00e4ntynyt kasvuun. Samalla hinnat ovat syksyll\u00e4 k\u00e4\u00e4ntyneet liev\u00e4\u00e4n nousuun suurimmista kaupungeista Oulussa, Helsingiss\u00e4 ja Tampereella. Sen sijaan Espoossa, Vantaalla ja Turussa hinnat jatkoivat laskuaan. N\u00e4m\u00e4 asiat k\u00e4viv\u00e4t ilmi Tilastokeskuksen <a class=\"article-genericlink\" href=\"https:\/\/stat.fi\/julkaisu\/cm195zwfma33a06uky1t7xpy0\" rel=\"nofollow noopener\" target=\"_blank\">julkaisemista<\/a> ennakkotiedoista.<\/p>\n<p class=\"article-body mb-nof-24 px-nof-16\">Kuluttajien <a class=\"article-genericlink\" href=\"https:\/\/stat.fi\/julkaisu\/cm0l2snbg0yxq08w3kkjikqjj\" rel=\"nofollow noopener\" target=\"_blank\">luottamus<\/a> alkaa hiljalleen l\u00e4hennell\u00e4 realismia. Luottamus ei ollut marraskuussa h\u00e4\u00e4pp\u00f6inen, mutta usko tulevaan oli kuitenkin parempi kuin lokakuussa.<\/p>\n<blockquote class=\"citation\">\n<p>\u201d<\/p>\n<p>Lokakuussa tehtiin paljon kauppoja<\/p>\n<\/blockquote>\n<p class=\"article-body mb-nof-24 px-nof-16\">Lis\u00e4\u00e4 tietoa asuntokaupan tilasta tarjosi asuntokauppoja v\u00e4litt\u00e4v\u00e4n Oikotien tekem\u00e4 kysely, jonka mukaan sek\u00e4 myyj\u00e4t ett\u00e4 ostajat ovat l\u00e4hteneet liikkeelle. Viel\u00e4 kev\u00e4\u00e4ll\u00e4 ostamista harkitsevista 12 prosenttia uskoi hintojen viel\u00e4 halpenevan, mutta nyt siihen uskoi en\u00e4\u00e4 viisi prosenttia vastaajista.<\/p>\n<p class=\"article-body mb-nof-24 px-nof-16\">My\u00f6s sijoittajat ovat hiljalleen palaamassa markkinoille. Asuntojen kysynt\u00e4 on jakautumassa kahtia kaikkein halvimpiin ja kalleimpiin asuntoihin. Kalliimpia asuntoja ostavien joukossa on todenn\u00e4k\u00f6isesti kohtuullisen paljon niit\u00e4, jotka eiv\u00e4t lainaa tarvitse. Halvimpia mets\u00e4st\u00e4v\u00e4t ne, jotka kokeilevat, kuinka hulluja tarjouksia voi tehd\u00e4. Selv\u00e4 jakolinja kulkee my\u00f6s vanhojen ja uusien asuntojen v\u00e4lill\u00e4: vanhat liikkuvat, mutta uudet eiv\u00e4t.<\/p>\n<p class=\"article-body mb-nof-24 px-nof-16\">Kiinteist\u00f6nv\u00e4litt\u00e4jien Keskusliiton <a class=\"article-genericlink\" href=\"https:\/\/kiinteistonvalitysala.fi\/asuntomarkkinat\/lokakuun-2025-asuntokauppakatsaus-eniten-asuntokauppoja-yli-kolmeen-vuoteen\/\" rel=\"nofollow noopener\" target=\"_blank\">mukaan<\/a> lokakuussa tehtiin k\u00e4ytettyjen asuntojen kauppoja enemm\u00e4n kuin miss\u00e4\u00e4n muussa kuussa kolmen viime vuoden aikana.<\/p>\n<p class=\"article-body mb-nof-24 px-nof-16\">Asuntomarkkinoiden jumin purkautuminen voi tapahtua nopeasti ja rytin\u00e4ll\u00e4.<\/p>\n<p class=\"article-body mb-nof-24 px-nof-16\">Korona-aikoina se \u201dsentimentti\u201d muuttui hetkess\u00e4 ja asuntoja myytiin niin paljon kuin niit\u00e4 tarjottiin ja hinnat nousivat. Silloinkaan asuntomarkkinoiden tilaa oli turha perustella j\u00e4rjellisill\u00e4 syill\u00e4. Mik\u00e4 rationaalinen yhteys pandemialla muka oli asuntohaaveisiin ja asuntojen hintoihin? Silloin olisi tosiaan ollut syyt\u00e4 pel\u00e4t\u00e4 oman toimeentulon ja ty\u00f6paikan olevan suuressa vaarassa.<\/p>\n<p class=\"article-body mb-nof-24 px-nof-16\">Mustavalkoisista Suomi-filmeist\u00e4 tuttu tukinuitto p\u00e4\u00e4tyy joskus siihen, ett\u00e4 tukit j\u00e4\u00e4v\u00e4t sumaan joen mutkaan. Kun lopulta pari tukkia l\u00e4htee syyst\u00e4 tai toisesta liikkeelle \u2013 itsest\u00e4\u00e4n tai autettuna \u2013 koko suma purkautuu hetkess\u00e4.<\/p>\n","protected":false},"excerpt":{"rendered":"P\u00e4\u00e4kirjoitus|Juuri nyt k\u00e4teisostajat ja pelottomat sijoittajat ovat kuninkaita Asuntomarkkinat Suomessa ovat jumissa. Jumi tulee purkautumaan ainakin kasvukeskuksissa, sill\u00e4&hellip;\n","protected":false},"author":2,"featured_media":3965,"comment_status":"","ping_status":"","sticky":false,"template":"","format":"standard","meta":{"footnotes":""},"categories":[76],"tags":[79,77,33,31,30,46,32,78],"class_list":{"0":"post-102951","1":"post","2":"type-post","3":"status-publish","4":"format-standard","5":"has-post-thumbnail","7":"category-talous","8":"tag-business","9":"tag-economy","10":"tag-fi","11":"tag-finland","12":"tag-finnish","13":"tag-helsingin-sanomat","14":"tag-suomi","15":"tag-talous"},"share_on_mastodon":{"url":"https:\/\/pubeurope.com\/@fi\/115631802564469531","error":""},"_links":{"self":[{"href":"https:\/\/www.europesays.com\/fi\/wp-json\/wp\/v2\/posts\/102951","targetHints":{"allow":["GET"]}}],"collection":[{"href":"https:\/\/www.europesays.com\/fi\/wp-json\/wp\/v2\/posts"}],"about":[{"href":"https:\/\/www.europesays.com\/fi\/wp-json\/wp\/v2\/types\/post"}],"author":[{"embeddable":true,"href":"https:\/\/www.europesays.com\/fi\/wp-json\/wp\/v2\/users\/2"}],"replies":[{"embeddable":true,"href":"https:\/\/www.europesays.com\/fi\/wp-json\/wp\/v2\/comments?post=102951"}],"version-history":[{"count":0,"href":"https:\/\/www.europesays.com\/fi\/wp-json\/wp\/v2\/posts\/102951\/revisions"}],"wp:featuredmedia":[{"embeddable":true,"href":"https:\/\/www.europesays.com\/fi\/wp-json\/wp\/v2\/media\/3965"}],"wp:attachment":[{"href":"https:\/\/www.europesays.com\/fi\/wp-json\/wp\/v2\/media?parent=102951"}],"wp:term":[{"taxonomy":"category","embeddable":true,"href":"https:\/\/www.europesays.com\/fi\/wp-json\/wp\/v2\/categories?post=102951"},{"taxonomy":"post_tag","embeddable":true,"href":"https:\/\/www.europesays.com\/fi\/wp-json\/wp\/v2\/tags?post=102951"}],"curies":[{"name":"wp","href":"https:\/\/api.w.org\/{rel}","templated":true}]}}