{"id":102954,"date":"2025-11-29T07:28:08","date_gmt":"2025-11-29T07:28:08","guid":{"rendered":"https:\/\/www.europesays.com\/fi\/102954\/"},"modified":"2025-11-29T07:28:08","modified_gmt":"2025-11-29T07:28:08","slug":"nuoren-monkijakuljettajan-pakomatka-paattyi-lyhyeen","status":"publish","type":"post","link":"https:\/\/www.europesays.com\/fi\/102954\/","title":{"rendered":"Nuoren m\u00f6nkij\u00e4kuljettajan pakomatka p\u00e4\u00e4ttyi lyhyeen"},"content":{"rendered":"<p>Juopunut 15-vuotias yritti karata poliisilta.<\/p>\n<p class=\"article-body mb-nof-24 px-nof-16\">Poliisi sai ilmoituksen ep\u00e4illyst\u00e4 rattijuoposta Oulun Limingantullissa kahdeksalta perjantai-iltana, poliisi tiedottaa. 15-vuotias m\u00f6nkij\u00e4kuljettaja l\u00f6ytyi kauppakeskuksen pihalta.<\/p>\n<p class=\"article-body mb-nof-24 px-nof-16\">Kuljettajan mukana oli my\u00f6s samanik\u00e4inen nuori nainen.<\/p>\n<p class=\"article-body mb-nof-24 px-nof-16\">Poliisin l\u00e4hestyess\u00e4 m\u00f6nkij\u00e4\u00e4 nuori mies koitti kuitenkin karata. H\u00e4n yritti poistua m\u00f6nkij\u00e4ll\u00e4 paikalta ja t\u00f6rm\u00e4si parkkipaikalle pys\u00e4k\u00f6ityyn autoon. N\u00e4in ollen pakomatka p\u00e4\u00e4ttyi lyhyeen.<\/p>\n<p class=\"article-body mb-nof-24 px-nof-16\">Paikallinen nuori puhalsi alkometriin t\u00f6rke\u00e4n rattijuopumuksen rajan ylitt\u00e4v\u00e4t lukemat. Lis\u00e4ksi h\u00e4nt\u00e4 ep\u00e4ill\u00e4\u00e4n t\u00f6rke\u00e4st\u00e4 liikenneturvallisuuden vaarantamisesta. Asiaa selvitet\u00e4\u00e4n sosiaalip\u00e4ivystyksen kanssa.<\/p>\n<p class=\"article-body mb-nof-24 px-nof-16\">Kuljettaja p\u00e4\u00e4tyi putkan sijaan ensihoitoon, koska l\u00e4\u00e4k\u00e4ri arvioi t\u00e4m\u00e4n humalatilan vaarallisen kovaksi. Kyydiss\u00e4 ollut nainen toimitettiin vanhemmilleen.<\/p>\n","protected":false},"excerpt":{"rendered":"Juopunut 15-vuotias yritti karata poliisilta. Poliisi sai ilmoituksen ep\u00e4illyst\u00e4 rattijuoposta Oulun Limingantullissa kahdeksalta perjantai-iltana, poliisi tiedottaa. 15-vuotias m\u00f6nkij\u00e4kuljettaja&hellip;\n","protected":false},"author":2,"featured_media":1024,"comment_status":"","ping_status":"","sticky":false,"template":"","format":"standard","meta":{"footnotes":""},"categories":[12],"tags":[22,23,26,27,33,31,30,17,34,24,25,28,29,15,18,21,32,19,20,16],"class_list":{"0":"post-102954","1":"post","2":"type-post","3":"status-publish","4":"format-standard","5":"has-post-thumbnail","7":"category-suomi","8":"tag-breaking-news","9":"tag-breakingnews","10":"tag-featured-news","11":"tag-featurednews","12":"tag-fi","13":"tag-finland","14":"tag-finnish","15":"tag-headlines","16":"tag-ilta-sanomat","17":"tag-latest-news","18":"tag-latestnews","19":"tag-main-news","20":"tag-mainnews","21":"tag-news","22":"tag-otsikot","23":"tag-paauutiset","24":"tag-suomi","25":"tag-top-stories","26":"tag-topstories","27":"tag-uutiset"},"share_on_mastodon":{"url":"https:\/\/pubeurope.com\/@fi\/115631810481545874","error":""},"_links":{"self":[{"href":"https:\/\/www.europesays.com\/fi\/wp-json\/wp\/v2\/posts\/102954","targetHints":{"allow":["GET"]}}],"collection":[{"href":"https:\/\/www.europesays.com\/fi\/wp-json\/wp\/v2\/posts"}],"about":[{"href":"https:\/\/www.europesays.com\/fi\/wp-json\/wp\/v2\/types\/post"}],"author":[{"embeddable":true,"href":"https:\/\/www.europesays.com\/fi\/wp-json\/wp\/v2\/users\/2"}],"replies":[{"embeddable":true,"href":"https:\/\/www.europesays.com\/fi\/wp-json\/wp\/v2\/comments?post=102954"}],"version-history":[{"count":0,"href":"https:\/\/www.europesays.com\/fi\/wp-json\/wp\/v2\/posts\/102954\/revisions"}],"wp:featuredmedia":[{"embeddable":true,"href":"https:\/\/www.europesays.com\/fi\/wp-json\/wp\/v2\/media\/1024"}],"wp:attachment":[{"href":"https:\/\/www.europesays.com\/fi\/wp-json\/wp\/v2\/media?parent=102954"}],"wp:term":[{"taxonomy":"category","embeddable":true,"href":"https:\/\/www.europesays.com\/fi\/wp-json\/wp\/v2\/categories?post=102954"},{"taxonomy":"post_tag","embeddable":true,"href":"https:\/\/www.europesays.com\/fi\/wp-json\/wp\/v2\/tags?post=102954"}],"curies":[{"name":"wp","href":"https:\/\/api.w.org\/{rel}","templated":true}]}}