{"id":102957,"date":"2025-11-29T07:41:12","date_gmt":"2025-11-29T07:41:12","guid":{"rendered":"https:\/\/www.europesays.com\/fi\/102957\/"},"modified":"2025-11-29T07:41:12","modified_gmt":"2025-11-29T07:41:12","slug":"laulaja-olli-halonen-on-aina-fanittanut-eppu-normaalia","status":"publish","type":"post","link":"https:\/\/www.europesays.com\/fi\/102957\/","title":{"rendered":"Laulaja Olli Halonen on aina fanittanut Eppu Normaalia"},"content":{"rendered":"<p>Muusikko, laulaja ja lauluntekij\u00e4 <strong>Olli Halonen<\/strong> kertoo Eppu Normaalin vaikuttaneen musiikkiinsa kaikista artisteista eniten.<\/p>\n<p>\u201dOpin kotona kuuntelemaan Eppuja ihan pienest\u00e4 saakka, koska vanhempani tykk\u00e4siv\u00e4t b\u00e4ndist\u00e4. Kun CD-levyt yleistyiv\u00e4t, se oli iso taitekohta minulle musiikinkuuntelijana.\u201d<\/p>\n<p>Vuonna 1988 syntyneen Halosen vanhemmat eiv\u00e4t antaneet h\u00e4nen lapsensa laittaa LP-levyj\u00e4 stereoihin, ettei soittimen neula hajoa.<\/p>\n<p>\u201dMutta kun kotiimme tuli CD-soitin, sain k\u00e4ytt\u00e4\u00e4 sit\u00e4 itse. Ensimm\u00e4inen levy, jonka sain, oli Eppu Normaalin <a href=\"https:\/\/fi.wikipedia.org\/wiki\/Repullinen_hittej%C3%A4\" target=\"_blank\" rel=\"noreferrer noopener nofollow\">Repullinen hittej\u00e4<\/a>.\u201d<\/p>\n<p>Sit\u00e4 levy\u00e4 Halonen kuuntelin lukemattomia kertoja.<\/p>\n<p>\u201dTulin tokaluokkalaisena koulusta kotiin, laitoin levyn soimaan ja makasin olohuoneen lattialla Eppuja kuunnellen. Samalla kirjoitin pieneen vihkoon yl\u00f6s biisien sanoituksia. Ei ollut netti\u00e4, josta tarkistaa, ett\u00e4 kuulinko sanat oikein.\u201d<\/p>\n<p>Eppujen levy oli niin monipuolinen, ett\u00e4 se riitti Haloselle mainiosti yll\u00e4tt\u00e4v\u00e4n pitk\u00e4\u00e4n.<\/p>\n<p>\u201dTaisi menn\u00e4 pari vuotta, ennen kuin ymm\u00e4rsin edes kysy\u00e4 vanhemmiltani, ett\u00e4 voisinko saada jonkun toisenkin levyn.\u201d<\/p>\n<p>Syksyll\u00e4 1996 julkaistu Eppujen tupla-CD Repullinen hittej\u00e4 resonoi muidenkin kuin nuoren Olli Halosen syd\u00e4mess\u00e4. Levy viihtyi per\u00e4ti kaksitoista viikkoa levymyyntitilaston ykk\u00f6sen\u00e4 ja myi kaikkiaan yli 250\u00a0000 kappaletta. Ainoastaan Jari Sillanp\u00e4\u00e4n esikoisalbumi on myynyt useampia kappaleita.<\/p>\n<p>Eppu Normaalin merkityst\u00e4 Olli Halonen ei ole koskaan kertonut Epuille.<\/p>\n<p>\u201dSe on hauska juttu. Lapsuuden idolit ovat minulle ainoita ihmisi\u00e4, joiden tapaaminen oikeasti j\u00e4nnitt\u00e4\u00e4. Olen tavannut paljon nykyp\u00e4iv\u00e4n t\u00e4hti\u00e4, ja heille voi sanoa rennosti, ett\u00e4 terve. Tuntuu, ett\u00e4 kaikkihan me olemme samanlaisia ihmisi\u00e4. Mutta Eput\u2026 He ovat minulle eri asia.\u201d<\/p>\n<p>Tilaisuuksia asian kertomiseen on kyll\u00e4 ollut.<\/p>\n<p>\u201dN\u00e4in kerran <strong>Juha Torvisen<\/strong> [Eppu Normaalin kitaristi] yhden festarin b\u00e4kk\u00e4rill\u00e4 istuskelemassa. Tunnistin h\u00e4net jo kaukaa. Mietin silloin, ett\u00e4 nyt pit\u00e4isi menn\u00e4 sanomaan, kuinka paljon he ovat vaikuttaneet minuun. Jotenkin en kuitenkaan uskaltanut menn\u00e4 sanomaan h\u00e4nelle yht\u00e4\u00e4n mit\u00e4\u00e4n.\u201d<\/p>\n<p>Toisella kerralla Olli Halonen esiintyi samoilla festareilla kuin Eppu Normaali.<\/p>\n<p>\u201dKatsoin heid\u00e4n keikkansa illan viimeisen\u00e4 esiintyj\u00e4n\u00e4. Vett\u00e4 tuli ihan \u00e4lytt\u00f6m\u00e4sti. Menin keikan j\u00e4lkeen ihan tarkoituksella b\u00e4kk\u00e4rille hengailemaan sit\u00e4 varten, ett\u00e4 jos he k\u00e4velev\u00e4t ohi, olisin siin\u00e4 muka sattumalta ja voisin jutella heille. Mutta koska satoi niin runsaasti vett\u00e4, he olivat varmaan menneet lavalta suoraan autoon ja l\u00e4hteneet menem\u00e4\u00e4n, enk\u00e4 sitten n\u00e4hnyt heit\u00e4.\u201d<\/p>\n<p>Sel\u00e4nne tuli jutulle<\/p>\n<p>Eppujen lis\u00e4ksi Halosella oli toinenkin lapsuuden idoli. H\u00e4nen kanssaan Halonen p\u00e4\u00e4si jutulle.<\/p>\n<p>\u201dLapsena ajattelin, ett\u00e4 minusta tulee j\u00e4\u00e4kiekkoilija ja <strong>Teemu Sel\u00e4nne<\/strong> oli ik\u00e4luokalleni mielett\u00f6m\u00e4n suuri sankari. H\u00e4n oli lama-ajan lapsille kuin sukupolvikokemus, meni NHL:\u00e4\u00e4n ja teki tulokasenn\u00e4tykset ja muut. Muutenkin h\u00e4n oli julkisuudessa erilainen kuin suomalaiset urheilijat siihen saakka, hymyili ja oli puhelias. Ehdottomasti h\u00e4n oli lapsena minulle idoli.\u201d<\/p>\n<p><strong>Juha Tapio<\/strong> esiintyi Tampereen Ratinassa elokuussa 2022 ja Halonen esiintyi siell\u00e4 l\u00e4mmittelij\u00e4n roolissa.<\/p>\n<p>\u201dOltiin vaimoni <strong>Pian<\/strong> kanssa keikan jatkoilla ja yht\u00e4kki\u00e4 h\u00e4n sanoi minulle, ett\u00e4 katsopas kuka tuolla on. Pia tiesi kuinka paljon olin lapsena fanittanut Sel\u00e4nnett\u00e4 ja sanoi, ett\u00e4 mene nyt juttelemaan h\u00e4nelle. Mutta en silloinkaan uskaltanut, vaan j\u00e4in miettim\u00e4\u00e4n, ett\u00e4 mit\u00e4 min\u00e4 h\u00e4nelle sanoisin. Tilanne ratkesi siihen, kun Sel\u00e4nne itse tuli sanomaan minulle, ett\u00e4 h\u00e4n tykk\u00e4\u00e4 musiikistani. Sitten p\u00e4\u00e4stiin juttelemaan. Onneksi h\u00e4n tuli puhumaan, ehk\u00e4 en olisi itse saanut aikaiseksi.\u201d<\/p>\n<p><a href=\"https:\/\/seura.fi\/asiat\/ajankohtaista\/eppu-normaali-tietovisa\/\" target=\"_blank\" rel=\"noreferrer noopener nofollow\">Lue my\u00f6s: Tietovisa: Tunnetko Eppu Normaalin musiikin? Jatka hittikappaleiden sanoja!<\/a><\/p>\n","protected":false},"excerpt":{"rendered":"Muusikko, laulaja ja lauluntekij\u00e4 Olli Halonen kertoo Eppu Normaalin vaikuttaneen musiikkiinsa kaikista artisteista eniten. \u201dOpin kotona kuuntelemaan Eppuja&hellip;\n","protected":false},"author":2,"featured_media":102958,"comment_status":"","ping_status":"","sticky":false,"template":"","format":"standard","meta":{"footnotes":""},"categories":[136],"tags":[407,137,15485,33,31,30,408,7666,1223,1122,32,5844,3375,109],"class_list":{"0":"post-102957","1":"post","2":"type-post","3":"status-publish","4":"format-standard","5":"has-post-thumbnail","7":"category-julkkikset","8":"tag-celebrities","9":"tag-entertainment","10":"tag-eppu-normaali","11":"tag-fi","12":"tag-finland","13":"tag-finnish","14":"tag-julkkikset","15":"tag-olli-halonen","16":"tag-popmusiikki","17":"tag-rock","18":"tag-suomi","19":"tag-suomirock","20":"tag-teemu-selanne","21":"tag-viihde"},"share_on_mastodon":{"url":"https:\/\/pubeurope.com\/@fi\/115631861503489162","error":""},"_links":{"self":[{"href":"https:\/\/www.europesays.com\/fi\/wp-json\/wp\/v2\/posts\/102957","targetHints":{"allow":["GET"]}}],"collection":[{"href":"https:\/\/www.europesays.com\/fi\/wp-json\/wp\/v2\/posts"}],"about":[{"href":"https:\/\/www.europesays.com\/fi\/wp-json\/wp\/v2\/types\/post"}],"author":[{"embeddable":true,"href":"https:\/\/www.europesays.com\/fi\/wp-json\/wp\/v2\/users\/2"}],"replies":[{"embeddable":true,"href":"https:\/\/www.europesays.com\/fi\/wp-json\/wp\/v2\/comments?post=102957"}],"version-history":[{"count":0,"href":"https:\/\/www.europesays.com\/fi\/wp-json\/wp\/v2\/posts\/102957\/revisions"}],"wp:featuredmedia":[{"embeddable":true,"href":"https:\/\/www.europesays.com\/fi\/wp-json\/wp\/v2\/media\/102958"}],"wp:attachment":[{"href":"https:\/\/www.europesays.com\/fi\/wp-json\/wp\/v2\/media?parent=102957"}],"wp:term":[{"taxonomy":"category","embeddable":true,"href":"https:\/\/www.europesays.com\/fi\/wp-json\/wp\/v2\/categories?post=102957"},{"taxonomy":"post_tag","embeddable":true,"href":"https:\/\/www.europesays.com\/fi\/wp-json\/wp\/v2\/tags?post=102957"}],"curies":[{"name":"wp","href":"https:\/\/api.w.org\/{rel}","templated":true}]}}