{"id":102963,"date":"2025-11-29T07:46:09","date_gmt":"2025-11-29T07:46:09","guid":{"rendered":"https:\/\/www.europesays.com\/fi\/102963\/"},"modified":"2025-11-29T07:46:09","modified_gmt":"2025-11-29T07:46:09","slug":"hurja-tarina-kertoo-miten-australialaismies-putosi-suomen-hyvinvointivaltion-kelkasta","status":"publish","type":"post","link":"https:\/\/www.europesays.com\/fi\/102963\/","title":{"rendered":"Hurja tarina kertoo, miten australialaismies putosi Suomen hyvin\u00advointi\u00advaltion kelkasta"},"content":{"rendered":"<p>Oskari Pastilan dokumentti on hurja tarina australialaismiehen kohtalosta suomalaisessa hyvinvointiyhteiskunnassa.<\/p>\n<p>28.11. 20:00<\/p>\n<p class=\"article-body mb-nof-24 px-nof-16\">Dokumentti<\/p>\n<p class=\"article-body mb-nof-24 px-nof-16\">The AlphabetMan. Ohjaus Oskari Pastila. 86 min. K7. \u2605\u2605\u2605<\/p>\n<p class=\"article-body mb-nof-24 px-nof-16\">Ohjaaja <a class=\"article-personlink\" href=\"https:\/\/www.aamulehti.fi\/haku\/?query=Oskari%20Pastila\" rel=\"nofollow noopener\" target=\"_blank\">Oskari Pastila<\/a> tekee niin sanottuja seurantadokumentteja, joissa p\u00e4\u00e4henkil\u00f6n el\u00e4m\u00e4\u00e4 saatetaan kuvata jopa useiden vuosien ajan. T\u00e4ll\u00f6in saadaan kattava kuva kohteen persoonallisuudesta ja el\u00e4m\u00e4nvaiheista.<\/p>\n","protected":false},"excerpt":{"rendered":"Oskari Pastilan dokumentti on hurja tarina australialaismiehen kohtalosta suomalaisessa hyvinvointiyhteiskunnassa. 28.11. 20:00 Dokumentti The AlphabetMan. Ohjaus Oskari Pastila.&hellip;\n","protected":false},"author":2,"featured_media":102964,"comment_status":"","ping_status":"","sticky":false,"template":"","format":"standard","meta":{"footnotes":""},"categories":[131],"tags":[157,155,137,33,173,31,30,172,32,109],"class_list":{"0":"post-102963","1":"post","2":"type-post","3":"status-publish","4":"format-standard","5":"has-post-thumbnail","7":"category-elokuvat","8":"tag-aamulehti","9":"tag-elokuvat","10":"tag-entertainment","11":"tag-fi","12":"tag-film","13":"tag-finland","14":"tag-finnish","15":"tag-movies","16":"tag-suomi","17":"tag-viihde"},"share_on_mastodon":{"url":"https:\/\/pubeurope.com\/@fi\/115631881160251273","error":""},"_links":{"self":[{"href":"https:\/\/www.europesays.com\/fi\/wp-json\/wp\/v2\/posts\/102963","targetHints":{"allow":["GET"]}}],"collection":[{"href":"https:\/\/www.europesays.com\/fi\/wp-json\/wp\/v2\/posts"}],"about":[{"href":"https:\/\/www.europesays.com\/fi\/wp-json\/wp\/v2\/types\/post"}],"author":[{"embeddable":true,"href":"https:\/\/www.europesays.com\/fi\/wp-json\/wp\/v2\/users\/2"}],"replies":[{"embeddable":true,"href":"https:\/\/www.europesays.com\/fi\/wp-json\/wp\/v2\/comments?post=102963"}],"version-history":[{"count":0,"href":"https:\/\/www.europesays.com\/fi\/wp-json\/wp\/v2\/posts\/102963\/revisions"}],"wp:featuredmedia":[{"embeddable":true,"href":"https:\/\/www.europesays.com\/fi\/wp-json\/wp\/v2\/media\/102964"}],"wp:attachment":[{"href":"https:\/\/www.europesays.com\/fi\/wp-json\/wp\/v2\/media?parent=102963"}],"wp:term":[{"taxonomy":"category","embeddable":true,"href":"https:\/\/www.europesays.com\/fi\/wp-json\/wp\/v2\/categories?post=102963"},{"taxonomy":"post_tag","embeddable":true,"href":"https:\/\/www.europesays.com\/fi\/wp-json\/wp\/v2\/tags?post=102963"}],"curies":[{"name":"wp","href":"https:\/\/api.w.org\/{rel}","templated":true}]}}