{"id":102975,"date":"2025-11-29T07:55:08","date_gmt":"2025-11-29T07:55:08","guid":{"rendered":"https:\/\/www.europesays.com\/fi\/102975\/"},"modified":"2025-11-29T07:55:08","modified_gmt":"2025-11-29T07:55:08","slug":"hs-seuraa-kalle-rovanperan-viimeinen-rallipaiva","status":"publish","type":"post","link":"https:\/\/www.europesays.com\/fi\/102975\/","title":{"rendered":"HS seuraa \u2013 Kalle Rovanper\u00e4n viimeinen rallip\u00e4iv\u00e4"},"content":{"rendered":"<p>Ralliseuranta|Rallikausi huipentuu Saudi-Arabiassa.<\/p>\n<p class=\"article-body mb-nof-24 px-nof-16\">Saudi-Arabian MM-rallin p\u00e4\u00e4t\u00f6sp\u00e4iv\u00e4n\u00e4 riitt\u00e4\u00e4 tapahtumia. Rallin voittajan lis\u00e4ksi selvi\u00e4\u00e4, kuka on kauden 2025 maailmanmestari.<\/p>\n<p class=\"article-body mb-nof-24 px-nof-16\">Kruunussa on tiukimmin kiinni <a class=\"article-personlink\" href=\"https:\/\/www.hs.fi\/haku\/?query=S%C3%A9bastien%20Ogier\" rel=\"nofollow noopener\" target=\"_blank\">S\u00e9bastien Ogier<\/a>. <a class=\"article-personlink\" href=\"https:\/\/www.hs.fi\/haku\/?query=Elfyn%20Evans\" rel=\"nofollow noopener\" target=\"_blank\">Elfyn Evans<\/a> haastaa. My\u00f6s <a class=\"article-personlink\" href=\"https:\/\/www.hs.fi\/haku\/?query=Kalle%20Rovanper%C3%A4ll%C3%A4\" rel=\"nofollow noopener\" target=\"_blank\">Kalle Rovanper\u00e4ll\u00e4<\/a> on ohut sauma, jos vastustajilla on ep\u00e4onnea.<\/p>\n<p class=\"article-body mb-nof-24 px-nof-16\">Samalla Rovanper\u00e4n ralliura p\u00e4\u00e4ttyy ainakin toistaiseksi. Kaksinkertainen maailmanmestari siirtyy formuloihin ensi kaudeksi.<\/p>\n<p class=\"article-body mb-nof-24 px-nof-16\">Seuranta aukeaa alle.<\/p>\n<p>Rallin tilanne, EK15\/17<\/p>\n<p class=\"article-body mb-nof-24 px-nof-16\">1. Thierry Neuville 2.54.24,1<\/p>\n<p class=\"article-body mb-nof-24 px-nof-16\">2. Martins Sesks +2,0 s<\/p>\n<p class=\"article-body mb-nof-24 px-nof-16\">3. Takamoto Katsuta +44,0<\/p>\n<p class=\"article-body mb-nof-24 px-nof-16\">4. Adrien Fourmaux +50,2<\/p>\n<p class=\"article-body mb-nof-24 px-nof-16\">5. Kalle Rovanper\u00e4 +1.08,6<\/p>\n<p class=\"article-body mb-nof-24 px-nof-16\">6. S\u00e9bastien Ogier +1.13,5<\/p>\n<p class=\"article-body mb-nof-24 px-nof-16\">7. Sami Pajari +1.43,5<\/p>\n<p class=\"article-body mb-nof-24 px-nof-16\">8. Elfyn Evans +3.53,4<\/p>\n<p>Lauantain aikataulu<\/p>\n<ul class=\"mb-nof-16 px-nof-16 article-unordered-list unordered-list\">\n<li class=\"unordered-list-item\">\n<p class=\"article-body\">09.21: EK16 Asfan (32,88 km)<\/p>\n<\/li>\n<li class=\"unordered-list-item\">\n<p class=\"article-body\">12.15: EK17 Thahban 2 (16,39 km) &#8211; Power Stage<\/p>\n<\/li>\n<\/ul>\n","protected":false},"excerpt":{"rendered":"Ralliseuranta|Rallikausi huipentuu Saudi-Arabiassa. Saudi-Arabian MM-rallin p\u00e4\u00e4t\u00f6sp\u00e4iv\u00e4n\u00e4 riitt\u00e4\u00e4 tapahtumia. Rallin voittajan lis\u00e4ksi selvi\u00e4\u00e4, kuka on kauden 2025 maailmanmestari. Kruunussa&hellip;\n","protected":false},"author":2,"featured_media":102976,"comment_status":"","ping_status":"","sticky":false,"template":"","format":"standard","meta":{"footnotes":""},"categories":[5],"tags":[22,23,26,27,33,31,30,17,46,24,25,28,29,15,18,21,32,19,20,16],"class_list":{"0":"post-102975","1":"post","2":"type-post","3":"status-publish","4":"format-standard","5":"has-post-thumbnail","7":"category-otsikot","8":"tag-breaking-news","9":"tag-breakingnews","10":"tag-featured-news","11":"tag-featurednews","12":"tag-fi","13":"tag-finland","14":"tag-finnish","15":"tag-headlines","16":"tag-helsingin-sanomat","17":"tag-latest-news","18":"tag-latestnews","19":"tag-main-news","20":"tag-mainnews","21":"tag-news","22":"tag-otsikot","23":"tag-paauutiset","24":"tag-suomi","25":"tag-top-stories","26":"tag-topstories","27":"tag-uutiset"},"share_on_mastodon":{"url":"https:\/\/pubeurope.com\/@fi\/115631916523842112","error":""},"_links":{"self":[{"href":"https:\/\/www.europesays.com\/fi\/wp-json\/wp\/v2\/posts\/102975","targetHints":{"allow":["GET"]}}],"collection":[{"href":"https:\/\/www.europesays.com\/fi\/wp-json\/wp\/v2\/posts"}],"about":[{"href":"https:\/\/www.europesays.com\/fi\/wp-json\/wp\/v2\/types\/post"}],"author":[{"embeddable":true,"href":"https:\/\/www.europesays.com\/fi\/wp-json\/wp\/v2\/users\/2"}],"replies":[{"embeddable":true,"href":"https:\/\/www.europesays.com\/fi\/wp-json\/wp\/v2\/comments?post=102975"}],"version-history":[{"count":0,"href":"https:\/\/www.europesays.com\/fi\/wp-json\/wp\/v2\/posts\/102975\/revisions"}],"wp:featuredmedia":[{"embeddable":true,"href":"https:\/\/www.europesays.com\/fi\/wp-json\/wp\/v2\/media\/102976"}],"wp:attachment":[{"href":"https:\/\/www.europesays.com\/fi\/wp-json\/wp\/v2\/media?parent=102975"}],"wp:term":[{"taxonomy":"category","embeddable":true,"href":"https:\/\/www.europesays.com\/fi\/wp-json\/wp\/v2\/categories?post=102975"},{"taxonomy":"post_tag","embeddable":true,"href":"https:\/\/www.europesays.com\/fi\/wp-json\/wp\/v2\/tags?post=102975"}],"curies":[{"name":"wp","href":"https:\/\/api.w.org\/{rel}","templated":true}]}}