{"id":102981,"date":"2025-11-29T08:11:07","date_gmt":"2025-11-29T08:11:07","guid":{"rendered":"https:\/\/www.europesays.com\/fi\/102981\/"},"modified":"2025-11-29T08:11:07","modified_gmt":"2025-11-29T08:11:07","slug":"iski-pieni-kyllastyminen-suomen-pienin-paikallisradio-lopettaa","status":"publish","type":"post","link":"https:\/\/www.europesays.com\/fi\/102981\/","title":{"rendered":"&#8221;Iski pieni kyll\u00e4styminen&#8221; \u2013 Suomen pienin paikallisradio lopettaa"},"content":{"rendered":"<p>\n      Alavudella toimiva Suomen pienin paikallisradio Vihtaradio lopettaa toimintansa. Paikallisradion viimeinen l\u00e4hetys on huomenna lauantaina 29. marraskuuta.\n    <\/p>\n<p>\n      \u2013 Lopetusp\u00e4\u00e4t\u00f6kselle ei ole mit\u00e4\u00e4n sen merkitt\u00e4v\u00e4mp\u00e4\u00e4 syyt\u00e4. Taustalla on pieni kyll\u00e4styminen ja oma ik\u00e4\u00e4ntyminen, olenhan jo 72-vuotias, kertoo Vihtaradiota syksyst\u00e4 2020 l\u00e4htien luotsannut alavutelainen Raimo Joensuu.\n    <\/p>\n<p class=\"article__paragraph\">\n      H\u00e4nen mukaansa Vihtaradion vanhoja haastatteluja voi k\u00e4yd\u00e4 lukemassa radion omalla verkkosivulla lopettamisen j\u00e4lkeenkin. Vanhat l\u00e4hetykset sen sijaan ovat kadonneet bittiavaruuteen.\n    <\/p>\n<p class=\"article__paragraph\">\n      Radion ohjelmistoon on kuulunut paikallisten ihmisten haastatteluja ja &#8221;ratioukkeli&#8221; Joensuun omaa h\u00f6p\u00f6ttely\u00e4. V\u00e4liss\u00e4 on kuultu musiikkia radion omasta levykokoelmasta.\n    <\/p>\n<p class=\"article__paragraph\">\n      Vihtaradion l\u00e4hetyksi\u00e4 on voinut kuunnella aina lauantaisin kello 15\u201321.\n    <\/p>\n<p class=\"article__note\">\n      28.11.2025 klo 15.12.: Korjattu juttuun tieto koskien vanhoja l\u00e4hetyksi\u00e4 ja haastatteluita.\n    <\/p>\n","protected":false},"excerpt":{"rendered":"Alavudella toimiva Suomen pienin paikallisradio Vihtaradio lopettaa toimintansa. Paikallisradion viimeinen l\u00e4hetys on huomenna lauantaina 29. marraskuuta. \u2013 Lopetusp\u00e4\u00e4t\u00f6kselle&hellip;\n","protected":false},"author":2,"featured_media":102982,"comment_status":"","ping_status":"","sticky":false,"template":"","format":"standard","meta":{"footnotes":""},"categories":[132],"tags":[137,33,31,30,195,47,32,109],"class_list":{"0":"post-102981","1":"post","2":"type-post","3":"status-publish","4":"format-standard","5":"has-post-thumbnail","7":"category-musiikki","8":"tag-entertainment","9":"tag-fi","10":"tag-finland","11":"tag-finnish","12":"tag-music","13":"tag-musiikki","14":"tag-suomi","15":"tag-viihde"},"share_on_mastodon":{"url":"https:\/\/pubeurope.com\/@fi\/115631979435860718","error":""},"_links":{"self":[{"href":"https:\/\/www.europesays.com\/fi\/wp-json\/wp\/v2\/posts\/102981","targetHints":{"allow":["GET"]}}],"collection":[{"href":"https:\/\/www.europesays.com\/fi\/wp-json\/wp\/v2\/posts"}],"about":[{"href":"https:\/\/www.europesays.com\/fi\/wp-json\/wp\/v2\/types\/post"}],"author":[{"embeddable":true,"href":"https:\/\/www.europesays.com\/fi\/wp-json\/wp\/v2\/users\/2"}],"replies":[{"embeddable":true,"href":"https:\/\/www.europesays.com\/fi\/wp-json\/wp\/v2\/comments?post=102981"}],"version-history":[{"count":0,"href":"https:\/\/www.europesays.com\/fi\/wp-json\/wp\/v2\/posts\/102981\/revisions"}],"wp:featuredmedia":[{"embeddable":true,"href":"https:\/\/www.europesays.com\/fi\/wp-json\/wp\/v2\/media\/102982"}],"wp:attachment":[{"href":"https:\/\/www.europesays.com\/fi\/wp-json\/wp\/v2\/media?parent=102981"}],"wp:term":[{"taxonomy":"category","embeddable":true,"href":"https:\/\/www.europesays.com\/fi\/wp-json\/wp\/v2\/categories?post=102981"},{"taxonomy":"post_tag","embeddable":true,"href":"https:\/\/www.europesays.com\/fi\/wp-json\/wp\/v2\/tags?post=102981"}],"curies":[{"name":"wp","href":"https:\/\/api.w.org\/{rel}","templated":true}]}}