{"id":102985,"date":"2025-11-29T08:15:09","date_gmt":"2025-11-29T08:15:09","guid":{"rendered":"https:\/\/www.europesays.com\/fi\/102985\/"},"modified":"2025-11-29T08:15:09","modified_gmt":"2025-11-29T08:15:09","slug":"vappu-pimia-paljastaa-haluaisi-nahda-taman-suomen-ex-ykkosnaisen-ttk-kisassa","status":"publish","type":"post","link":"https:\/\/www.europesays.com\/fi\/102985\/","title":{"rendered":"Vappu Pimi\u00e4 paljastaa &#8211; Haluaisi n\u00e4hd\u00e4 t\u00e4m\u00e4n Suomen ex-ykk\u00f6snaisen TTK-kisassa!"},"content":{"rendered":"<p>  <a href=\"https:\/\/www.suomi24.fi\/viihde\/l\/6929a532a6a2e-5454.webp\" rel=\"nofollow noopener\" target=\"_blank\"><img decoding=\"async\" src=\"https:\/\/www.europesays.com\/fi\/wp-content\/uploads\/2025\/11\/6929a532a6a2e-5454.webp.webp\" alt=\"Vappu Pimi\u00e4\" loading=\"lazy\"\/><\/a>Vappu Pimi\u00e4. Kuva: Suomi24 Viihde<\/p>\n<p>Yritt\u00e4j\u00e4, juontaja, tietokirjailija ja somevaikuttaja Vappu Pimi\u00e4 n\u00e4htiin t\u00e4n\u00e4 syksyn\u00e4 viimeisest\u00e4 kertaa Tanssii T\u00e4htien Kanssa -suosikkiohjelman juontajana. TTK:n kauden ekassa jaksossa 31.8.2025 kuultiin yll\u00e4tysuutinen, kun Pimi\u00e4 kertoi j\u00e4tt\u00e4v\u00e4ns\u00e4 ohjelman.<\/p>\n<p>TTK-juontohommissa valovoimainen nainen on ollut vuodesta 2009 l\u00e4htien. Juontoparina on n\u00e4hty mm. <strong>Marco Bjurstr\u00f6m<\/strong> ja <strong>Mikko Leppilampi<\/strong>. Parilla edellisell\u00e4 kaudella ja t\u00e4n\u00e4kin syksyn\u00e4 juontajaparina on <strong>Ernest Lawson<\/strong>.<\/p>\n<p>Vappu Pimi\u00e4, olet n\u00e4hnyt monenlaisia julkkiksia TTK-parketilla. Kenet erityisesti haluaisit n\u00e4hd\u00e4 TTK-kisassa tulevaisuudessa?<\/p>\n<p>-Olisihan niit\u00e4 siis ihan miljoona, ket\u00e4 m\u00e4 haluaisin n\u00e4hd\u00e4 TTK-parketilla. Nyt tuli ensimm\u00e4isen\u00e4 mieleen, ja siis n\u00e4m\u00e4 on mahdottomuuksia, mutta <strong>Jenni Haukio <\/strong>olisi ihan mahtava.<\/p>\n<p>Pimi\u00e4 paljastaa toiveensa saada Suomen ex-ykk\u00f6snainen, presidentti <strong>Sauli Niinist\u00f6n<\/strong> puoliso mukaan Tanssii T\u00e4htien Kanssa -ohjelmaan.<\/p>\n<p><a href=\"https:\/\/www.suomi24.fi\/viihde\/l\/6929a5b3ea58c-5454.webp\" rel=\"nofollow noopener\" target=\"_blank\"><img decoding=\"async\" src=\"https:\/\/www.europesays.com\/fi\/wp-content\/uploads\/2025\/11\/6929a5b3ea58c-5454.webp.webp\" alt=\"Vappu Pimi\u00e4\" loading=\"lazy\"\/><\/a>Vappu Pimi\u00e4 juonsi viimeisen TTK-l\u00e4hetyksens\u00e4 yhdess\u00e4 Ernest Lawsonin kanssa. Kuva: MTV3<\/p>\n<p>Suosikkijuontaja jatkaa toivomuslistaansa:<\/p>\n<p>&#8211;<strong>Kimi R\u00e4ikk\u00f6nen<\/strong> olisi aika ihana. <strong>Minttu R\u00e4ikk\u00f6selle<\/strong> sanoin, ett\u00e4 tervetuloa, kun n\u00e4htiin. <strong>Teemu <\/strong>ja <strong>Sirpa Sel\u00e4nne<\/strong> voisivat tulla vaikka molemmat samalle kaudelle, Pimi\u00e4 heitt\u00e4\u00e4 Suomi24 Viihteelle.<\/p>\n<p>Pimi\u00e4ll\u00e4 ja aviomies <strong>Teemu Huuhtasella<\/strong> on kaksi tyt\u00e4rt\u00e4. Vappu Pimi\u00e4 miettii asiaa my\u00f6s lastensa kautta ja esitt\u00e4\u00e4 toivomuslistaan viel\u00e4 yhden nimen.<\/p>\n<p>-Jos m\u00e4 mietin omien lasteni kautta, nuorten tytt\u00e4rien, niin esimerkiksi jos <strong>Mirella <\/strong>tulisi, niin he sekoaisi, hyv\u00e4ntuulinen Pimi\u00e4 paljastaa Suomi24 Viihteelle.<\/p>\n<p>Tanssii T\u00e4htien Kanssa MTV Katsomo<\/p>\n<p><a href=\"https:\/\/www.telsu.fi\/\" rel=\"noopener noreferrer nofollow\" target=\"_blank\">Katso tv-ohjelma-ajat Telsu.fi<\/a><\/p>\n","protected":false},"excerpt":{"rendered":"Vappu Pimi\u00e4. Kuva: Suomi24 Viihde Yritt\u00e4j\u00e4, juontaja, tietokirjailija ja somevaikuttaja Vappu Pimi\u00e4 n\u00e4htiin t\u00e4n\u00e4 syksyn\u00e4 viimeisest\u00e4 kertaa Tanssii&hellip;\n","protected":false},"author":2,"featured_media":102986,"comment_status":"","ping_status":"","sticky":false,"template":"","format":"standard","meta":{"footnotes":""},"categories":[130],"tags":[137,33,31,30,32,109],"class_list":{"0":"post-102985","1":"post","2":"type-post","3":"status-publish","4":"format-standard","5":"has-post-thumbnail","7":"category-viihde","8":"tag-entertainment","9":"tag-fi","10":"tag-finland","11":"tag-finnish","12":"tag-suomi","13":"tag-viihde"},"share_on_mastodon":{"url":"https:\/\/pubeurope.com\/@fi\/115631995356671591","error":""},"_links":{"self":[{"href":"https:\/\/www.europesays.com\/fi\/wp-json\/wp\/v2\/posts\/102985","targetHints":{"allow":["GET"]}}],"collection":[{"href":"https:\/\/www.europesays.com\/fi\/wp-json\/wp\/v2\/posts"}],"about":[{"href":"https:\/\/www.europesays.com\/fi\/wp-json\/wp\/v2\/types\/post"}],"author":[{"embeddable":true,"href":"https:\/\/www.europesays.com\/fi\/wp-json\/wp\/v2\/users\/2"}],"replies":[{"embeddable":true,"href":"https:\/\/www.europesays.com\/fi\/wp-json\/wp\/v2\/comments?post=102985"}],"version-history":[{"count":0,"href":"https:\/\/www.europesays.com\/fi\/wp-json\/wp\/v2\/posts\/102985\/revisions"}],"wp:featuredmedia":[{"embeddable":true,"href":"https:\/\/www.europesays.com\/fi\/wp-json\/wp\/v2\/media\/102986"}],"wp:attachment":[{"href":"https:\/\/www.europesays.com\/fi\/wp-json\/wp\/v2\/media?parent=102985"}],"wp:term":[{"taxonomy":"category","embeddable":true,"href":"https:\/\/www.europesays.com\/fi\/wp-json\/wp\/v2\/categories?post=102985"},{"taxonomy":"post_tag","embeddable":true,"href":"https:\/\/www.europesays.com\/fi\/wp-json\/wp\/v2\/tags?post=102985"}],"curies":[{"name":"wp","href":"https:\/\/api.w.org\/{rel}","templated":true}]}}