{"id":102987,"date":"2025-11-29T08:18:10","date_gmt":"2025-11-29T08:18:10","guid":{"rendered":"https:\/\/www.europesays.com\/fi\/102987\/"},"modified":"2025-11-29T08:18:10","modified_gmt":"2025-11-29T08:18:10","slug":"osakkeiden-hyva-vire-kasvatti-tyoelakevaroja-7-miljardilla","status":"publish","type":"post","link":"https:\/\/www.europesays.com\/fi\/102987\/","title":{"rendered":"Osakkeiden hyv\u00e4 vire kasvatti ty\u00f6el\u00e4kevaroja 7 miljardilla"},"content":{"rendered":"<p>El\u00e4kevaroja oli syyskuun lopussa kaikkiaan 279 miljardia euroa.<\/p>\n<p>28.11. 10:16<\/p>\n<p class=\"article-body mb-nof-24 px-nof-16\">Sijoitusmarkkinoiden ja erityisesti osakkeiden hyv\u00e4 vire kasvatti suomalaisten ty\u00f6el\u00e4kevaroja hein\u00e4-syyskuussa yhteens\u00e4 seitsem\u00e4ll\u00e4 miljardilla eurolla, k\u00e4y ilmi Ty\u00f6el\u00e4kevakuuttajat Telan tilastoista.<\/p>\n<p class=\"article-body mb-nof-24 px-nof-16\">Kaikkiaan suomalaisten ty\u00f6el\u00e4kkeiden rahoitukseen k\u00e4ytett\u00e4vi\u00e4 el\u00e4kevaroja oli syyskuun lopussa 279 miljardia euroa.<\/p>\n<p class=\"article-body mb-nof-24 px-nof-16\">Telan p\u00e4\u00e4ekonomistin <a class=\"article-personlink\" href=\"https:\/\/www.is.fi\/haku\/?query=Mikko%20M%C3%A4kisen\" rel=\"nofollow noopener\" target=\"_blank\">Mikko M\u00e4kisen<\/a> mukaan sijoitusmarkkinat ovat kehittyneet t\u00e4n\u00e4 vuonna yll\u00e4tt\u00e4v\u00e4n vahvasti, vaikka kuluvaa vuotta ovat leimanneet geo- ja kauppapoliittiset j\u00e4nnitteet.<\/p>\n","protected":false},"excerpt":{"rendered":"El\u00e4kevaroja oli syyskuun lopussa kaikkiaan 279 miljardia euroa. 28.11. 10:16 Sijoitusmarkkinoiden ja erityisesti osakkeiden hyv\u00e4 vire kasvatti suomalaisten&hellip;\n","protected":false},"author":2,"featured_media":102988,"comment_status":"","ping_status":"","sticky":false,"template":"","format":"standard","meta":{"footnotes":""},"categories":[76],"tags":[79,77,33,31,30,34,32,78],"class_list":{"0":"post-102987","1":"post","2":"type-post","3":"status-publish","4":"format-standard","5":"has-post-thumbnail","7":"category-talous","8":"tag-business","9":"tag-economy","10":"tag-fi","11":"tag-finland","12":"tag-finnish","13":"tag-ilta-sanomat","14":"tag-suomi","15":"tag-talous"},"share_on_mastodon":{"url":"https:\/\/pubeurope.com\/@fi\/115632007192341093","error":""},"_links":{"self":[{"href":"https:\/\/www.europesays.com\/fi\/wp-json\/wp\/v2\/posts\/102987","targetHints":{"allow":["GET"]}}],"collection":[{"href":"https:\/\/www.europesays.com\/fi\/wp-json\/wp\/v2\/posts"}],"about":[{"href":"https:\/\/www.europesays.com\/fi\/wp-json\/wp\/v2\/types\/post"}],"author":[{"embeddable":true,"href":"https:\/\/www.europesays.com\/fi\/wp-json\/wp\/v2\/users\/2"}],"replies":[{"embeddable":true,"href":"https:\/\/www.europesays.com\/fi\/wp-json\/wp\/v2\/comments?post=102987"}],"version-history":[{"count":0,"href":"https:\/\/www.europesays.com\/fi\/wp-json\/wp\/v2\/posts\/102987\/revisions"}],"wp:featuredmedia":[{"embeddable":true,"href":"https:\/\/www.europesays.com\/fi\/wp-json\/wp\/v2\/media\/102988"}],"wp:attachment":[{"href":"https:\/\/www.europesays.com\/fi\/wp-json\/wp\/v2\/media?parent=102987"}],"wp:term":[{"taxonomy":"category","embeddable":true,"href":"https:\/\/www.europesays.com\/fi\/wp-json\/wp\/v2\/categories?post=102987"},{"taxonomy":"post_tag","embeddable":true,"href":"https:\/\/www.europesays.com\/fi\/wp-json\/wp\/v2\/tags?post=102987"}],"curies":[{"name":"wp","href":"https:\/\/api.w.org\/{rel}","templated":true}]}}