{"id":103001,"date":"2025-11-29T08:41:09","date_gmt":"2025-11-29T08:41:09","guid":{"rendered":"https:\/\/www.europesays.com\/fi\/103001\/"},"modified":"2025-11-29T08:41:09","modified_gmt":"2025-11-29T08:41:09","slug":"is-mari-valosaari-ero-ja-kohdunpoisto","status":"publish","type":"post","link":"https:\/\/www.europesays.com\/fi\/103001\/","title":{"rendered":"IS: Mari Valosaari: Ero ja kohdunpoisto"},"content":{"rendered":"<p>Radiojuontaja Mari Valosaari kertoo joutuneensa vaikean p\u00e4\u00e4t\u00f6ksen eteen.<\/p>\n<p><img decoding=\"async\" class=\"image image-show image-preview\" src=\"https:\/\/www.europesays.com\/fi\/wp-content\/uploads\/2025\/09\/e7ab278f9514a1d0b1c2404be0167c4e014bb4022a67f882f2a58e9470408ecc.jpg\" alt=\"\"\/><img decoding=\"async\" class=\"image image-show\" src=\"https:\/\/www.europesays.com\/fi\/wp-content\/uploads\/2025\/09\/1756701188_874_e7ab278f9514a1d0b1c2404be0167c4e014bb4022a67f882f2a58e9470408ecc.jpg\" alt=\"\"\/><\/p>\n<p>Mari Valosaari kertoo Ilta-Sanomille muutoksista el\u00e4m\u00e4ss\u00e4\u00e4n. Pete Anikari<\/p>\n<p class=\"paragraph\">Radiojuontaja <strong>Mari Valosaari<\/strong> kertoo <a href=\"https:\/\/www.is.fi\/viihde\/art-2000011658273.html?utm_source=ampparit\" rel=\"noopener nofollow\" target=\"_blank\">Ilta-Sanomille<\/a> isoista muutoksista el\u00e4m\u00e4ss\u00e4\u00e4n. Yksi iso muutos on marraskuussa tapahtunut ero vuoden mittaisesta parisuhteesta. Samoihin aikoihin h\u00e4n lopetti ty\u00f6ns\u00e4 radio Novalla.<\/p>\n<p class=\"paragraph\">Yll\u00e4tt\u00e4vi\u00e4 asioita tapahtui kuitenkin jo puolitoista vuotta sitten, jolloin Valosaari hakeutui  sairaalatutkimuksiin voimakkaiden vatsakipujen takia. Ultra\u00e4\u00e4nikuvista selvisi, ett\u00e4 h\u00e4nell\u00e4 on myooma, eli kohtulihaksen kasvain. Sit\u00e4 ei heti leikattu, mutta t\u00e4ll\u00e4 viikolla l\u00e4\u00e4k\u00e4ri ehdotti kohdunpoistoa.<\/p>\n<p class=\"paragraph\">\u2013 T\u00e4m\u00e4n my\u00f6t\u00e4 el\u00e4m\u00e4ss\u00e4ni p\u00e4\u00e4ttyy yksi merkitt\u00e4v\u00e4 el\u00e4m\u00e4nvaihe. Olin p\u00e4\u00e4tt\u00e4nyt jo, etten tule hankkimaan lapsia, mutta nyt ulkopuolinen taho teki p\u00e4\u00e4t\u00f6ksen, etten niit\u00e4 tule en\u00e4\u00e4 koskaan saamaan. Se tuntuu todella surulliselta, Valosaari kertoi Ilta-Sanomille.<\/p>\n<p class=\"paragraph\">Mari Valosaarella on kaksi lasta, <strong>Mila<\/strong>, 12, ja <strong>Mio<\/strong>, 9 yhdess\u00e4 laulaja-palomies <strong>Jontte Valosaaren<\/strong> kanssa. He olivat naimisissa vuosina 2013 -2019.<\/p>\n<p class=\"paragraph\">Valosaari kertoi syyskuussa lopettavansa ty\u00f6t radio Novalla arvomaailmansa takia. H\u00e4n kertoi haluavansa olla enemm\u00e4n omien lastensa kanssa.<\/p>\n<p class=\"paragraph\">\u2013 Arvomaailmani pakottaa minut valitsemaan illat kotona. Rakastan radion tekemist\u00e4, mutta enemm\u00e4n rakastan lapsiani, h\u00e4n kirjoitti <a href=\"https:\/\/www.instagram.com\/p\/DOC2oxzjNGT\/?utm_source=ig_embed\" rel=\"noopener nofollow\" target=\"_blank\">Instagramissa.<\/a><\/p>\n<p class=\"paragraph\">H\u00e4n on ty\u00f6skennellyt kanavalla l\u00e4hes kuusi vuotta ja juontanut omaa ohjelmaansa melkein nelj\u00e4 vuotta. Lopettamisp\u00e4\u00e4t\u00f6s oli Valosaarelle vaikea.<\/p>\n<p class=\"paragraph\">Radiot\u00f6idens\u00e4 lis\u00e4ksi Valosaari muistetaan my\u00f6s televisio-ohjelmista, kuten Erikoisjoukot ja Fitnessp\u00e4iv\u00e4kirjat.<\/p>\n<p><script async src=\"\/\/www.instagram.com\/embed.js\"><\/script><\/p>\n","protected":false},"excerpt":{"rendered":"Radiojuontaja Mari Valosaari kertoo joutuneensa vaikean p\u00e4\u00e4t\u00f6ksen eteen. Mari Valosaari kertoo Ilta-Sanomille muutoksista el\u00e4m\u00e4ss\u00e4\u00e4n. Pete Anikari Radiojuontaja Mari&hellip;\n","protected":false},"author":2,"featured_media":103002,"comment_status":"","ping_status":"","sticky":false,"template":"","format":"standard","meta":{"footnotes":""},"categories":[130],"tags":[35,137,33,31,30,2461,32,502,167,140,139,109],"class_list":{"0":"post-103001","1":"post","2":"type-post","3":"status-publish","4":"format-standard","5":"has-post-thumbnail","7":"category-viihde","8":"tag-24h","9":"tag-entertainment","10":"tag-fi","11":"tag-finland","12":"tag-finnish","13":"tag-sairaalat-ja-terveyskeskukset","14":"tag-suomi","15":"tag-terveydenhoito","16":"tag-terveys","17":"tag-tv-ja-elokuvat","18":"tag-tv-ohjelmat","19":"tag-viihde"},"share_on_mastodon":{"url":"https:\/\/pubeurope.com\/@fi\/115632097582297220","error":""},"_links":{"self":[{"href":"https:\/\/www.europesays.com\/fi\/wp-json\/wp\/v2\/posts\/103001","targetHints":{"allow":["GET"]}}],"collection":[{"href":"https:\/\/www.europesays.com\/fi\/wp-json\/wp\/v2\/posts"}],"about":[{"href":"https:\/\/www.europesays.com\/fi\/wp-json\/wp\/v2\/types\/post"}],"author":[{"embeddable":true,"href":"https:\/\/www.europesays.com\/fi\/wp-json\/wp\/v2\/users\/2"}],"replies":[{"embeddable":true,"href":"https:\/\/www.europesays.com\/fi\/wp-json\/wp\/v2\/comments?post=103001"}],"version-history":[{"count":0,"href":"https:\/\/www.europesays.com\/fi\/wp-json\/wp\/v2\/posts\/103001\/revisions"}],"wp:featuredmedia":[{"embeddable":true,"href":"https:\/\/www.europesays.com\/fi\/wp-json\/wp\/v2\/media\/103002"}],"wp:attachment":[{"href":"https:\/\/www.europesays.com\/fi\/wp-json\/wp\/v2\/media?parent=103001"}],"wp:term":[{"taxonomy":"category","embeddable":true,"href":"https:\/\/www.europesays.com\/fi\/wp-json\/wp\/v2\/categories?post=103001"},{"taxonomy":"post_tag","embeddable":true,"href":"https:\/\/www.europesays.com\/fi\/wp-json\/wp\/v2\/tags?post=103001"}],"curies":[{"name":"wp","href":"https:\/\/api.w.org\/{rel}","templated":true}]}}