{"id":103005,"date":"2025-11-29T08:45:15","date_gmt":"2025-11-29T08:45:15","guid":{"rendered":"https:\/\/www.europesays.com\/fi\/103005\/"},"modified":"2025-11-29T08:45:15","modified_gmt":"2025-11-29T08:45:15","slug":"suomi-sulkee-kolme-suurlahetystoa-ilta-sanomat","status":"publish","type":"post","link":"https:\/\/www.europesays.com\/fi\/103005\/","title":{"rendered":"Suomi sulkee kolme suurl\u00e4hetyst\u00f6\u00e4 &#8211; Ilta-Sanomat"},"content":{"rendered":"<p>Tavoitteena on sulkea l\u00e4hetyst\u00f6t vuoden 2026 aikana.<\/p>\n<p>28.11. 15:25<\/p>\n<p class=\"article-body mb-nof-24 px-nof-16\">Ulkoministeri\u00f6 sulkee kolme Aasiassa sijaitsevaa Suomen suurl\u00e4hetyst\u00f6\u00e4. Lapun luukulle laittavat Pakistanin Islamabadissa, Afganistanin Kabulissa ja Myanmarin Yangonissa sijaitsevat suurl\u00e4hetyst\u00f6t.<\/p>\n<p class=\"article-body mb-nof-24 px-nof-16\">Ulkoministeri\u00f6n tavoitteena on sulkea l\u00e4hetyst\u00f6t vuoden 2026 aikana.<\/p>\n<p class=\"article-body mb-nof-24 px-nof-16\">Sulkemisien taustalla ovat ulkoministeri\u00f6n mukaan toiminnalliset ja strategiset syyt. N\u00e4iden taustalla ovat Pakistanin, Afganistanin ja Myanmarin poliittisissa tilanteissa tapahtuneet muutokset ja Suomen v\u00e4h\u00e4inen taloudellinen yhteisty\u00f6 maiden kanssa.<\/p>\n<p><img decoding=\"async\" src=\"https:\/\/images.sanoma-sndp.fi\/7437940c7203d79cfeb8b6a0fa6badc8.svg\" alt=\"\" class=\"_Img_1rerz_1\" style=\"aspect-ratio:1.3733333333333333\" loading=\"eager\"\/><\/p>\n<p class=\"article-body mb-nof-24 px-nof-16\">\u2013 Kehit\u00e4mme Suomen edustustoverkostoa m\u00e4\u00e4r\u00e4tietoisesti vastaamaan tulevaisuuden haasteisiin. Toimintaymp\u00e4rist\u00f6mme muuttuu t\u00e4ll\u00e4 hetkell\u00e4 nopeasti. Teht\u00e4v\u00e4t muutokset tukevat vahvemman ja kilpailukykyisemm\u00e4n Suomen rakentamista ja Suomen ulkosuhteiden hoitamista painopisteidemme mukaisesti, kommentoi ulkoministeri <a class=\"article-personlink\" href=\"https:\/\/www.is.fi\/haku\/?query=Elina%20Valtonen\" rel=\"nofollow noopener\" target=\"_blank\">Elina Valtonen<\/a> (kok) tiedotteessa.<\/p>\n<p class=\"article-body mb-nof-24 px-nof-16\">Sulkemisten vastapainoksi Suomi perustaa p\u00e4\u00e4konsulaatin Yhdysvaltain Houstoniin. Ulkoministeri\u00f6n tavoitteena on kohdistaa resurssit maihin, jotka ovat Suomen kannalta merkitt\u00e4vi\u00e4.<\/p>\n","protected":false},"excerpt":{"rendered":"Tavoitteena on sulkea l\u00e4hetyst\u00f6t vuoden 2026 aikana. 28.11. 15:25 Ulkoministeri\u00f6 sulkee kolme Aasiassa sijaitsevaa Suomen suurl\u00e4hetyst\u00f6\u00e4. Lapun luukulle&hellip;\n","protected":false},"author":2,"featured_media":103006,"comment_status":"","ping_status":"","sticky":false,"template":"","format":"standard","meta":{"footnotes":""},"categories":[14],"tags":[22,23,26,27,33,31,30,17,34,24,25,28,29,15,18,21,32,19,20,56,16,59,60,61],"class_list":{"0":"post-103005","1":"post","2":"type-post","3":"status-publish","4":"format-standard","5":"has-post-thumbnail","7":"category-ulkomaat","8":"tag-breaking-news","9":"tag-breakingnews","10":"tag-featured-news","11":"tag-featurednews","12":"tag-fi","13":"tag-finland","14":"tag-finnish","15":"tag-headlines","16":"tag-ilta-sanomat","17":"tag-latest-news","18":"tag-latestnews","19":"tag-main-news","20":"tag-mainnews","21":"tag-news","22":"tag-otsikot","23":"tag-paauutiset","24":"tag-suomi","25":"tag-top-stories","26":"tag-topstories","27":"tag-ulkomaat","28":"tag-uutiset","29":"tag-world","30":"tag-world-news","31":"tag-worldnews"},"share_on_mastodon":{"url":"https:\/\/pubeurope.com\/@fi\/115632113448622868","error":""},"_links":{"self":[{"href":"https:\/\/www.europesays.com\/fi\/wp-json\/wp\/v2\/posts\/103005","targetHints":{"allow":["GET"]}}],"collection":[{"href":"https:\/\/www.europesays.com\/fi\/wp-json\/wp\/v2\/posts"}],"about":[{"href":"https:\/\/www.europesays.com\/fi\/wp-json\/wp\/v2\/types\/post"}],"author":[{"embeddable":true,"href":"https:\/\/www.europesays.com\/fi\/wp-json\/wp\/v2\/users\/2"}],"replies":[{"embeddable":true,"href":"https:\/\/www.europesays.com\/fi\/wp-json\/wp\/v2\/comments?post=103005"}],"version-history":[{"count":0,"href":"https:\/\/www.europesays.com\/fi\/wp-json\/wp\/v2\/posts\/103005\/revisions"}],"wp:featuredmedia":[{"embeddable":true,"href":"https:\/\/www.europesays.com\/fi\/wp-json\/wp\/v2\/media\/103006"}],"wp:attachment":[{"href":"https:\/\/www.europesays.com\/fi\/wp-json\/wp\/v2\/media?parent=103005"}],"wp:term":[{"taxonomy":"category","embeddable":true,"href":"https:\/\/www.europesays.com\/fi\/wp-json\/wp\/v2\/categories?post=103005"},{"taxonomy":"post_tag","embeddable":true,"href":"https:\/\/www.europesays.com\/fi\/wp-json\/wp\/v2\/tags?post=103005"}],"curies":[{"name":"wp","href":"https:\/\/api.w.org\/{rel}","templated":true}]}}