{"id":103009,"date":"2025-11-29T08:47:09","date_gmt":"2025-11-29T08:47:09","guid":{"rendered":"https:\/\/www.europesays.com\/fi\/103009\/"},"modified":"2025-11-29T08:47:09","modified_gmt":"2025-11-29T08:47:09","slug":"stt-haki-valehenkilollisyydella-toita-virolaisesta-alihankintafirmasta","status":"publish","type":"post","link":"https:\/\/www.europesays.com\/fi\/103009\/","title":{"rendered":"STT haki valehenkil\u00f6llisyydell\u00e4 t\u00f6it\u00e4 virolaisesta alihankintafirmasta"},"content":{"rendered":"<p>STT haki valehenkil\u00f6llisyydell\u00e4 t\u00f6it\u00e4 virolaisesta alihankintafirmasta | MTV Uutiset<a class=\"sr-only bg-component-bg-color focus:not-sr-only focus:absolute focus:left-0 focus:right-auto focus:top-0 focus:p-200\" href=\"#main\" data-sentry-component=\"SkipToContentLink\" data-sentry-source-file=\"SkipToContentLink.tsx\">Hypp\u00e4\u00e4 p\u00e4\u00e4sis\u00e4lt\u00f6\u00f6n<\/a>Sis\u00e4ll\u00f6t<\/p>\n<ul class=\"flex w-full flex-1 flex-wrap gap-800\">\n<li class=\"block flex-1 flex-nowrap xs:flex-initial\" data-testid=\"site-footer-section-item-component\" data-sentry-component=\"SiteFooterSectionItem\" data-sentry-source-file=\"SiteFooterSectionItem.tsx\">Tomi Einonen<br \/>Vastaava p\u00e4\u00e4toimittaja<\/li>\n<li class=\"block flex-1 flex-nowrap xs:flex-initial\" data-testid=\"site-footer-section-item-component\" data-sentry-component=\"SiteFooterSectionItem\" data-sentry-source-file=\"SiteFooterSectionItem.tsx\">Ilkka Ahtiainen<br \/>Uutisp\u00e4\u00e4toimittaja<\/li>\n<li class=\"block flex-1 flex-nowrap xs:flex-initial\" data-testid=\"site-footer-section-item-component\" data-sentry-component=\"SiteFooterSectionItem\" data-sentry-source-file=\"SiteFooterSectionItem.tsx\">Mona Haapsaari<br \/>Toimitusp\u00e4\u00e4llikk\u00f6<\/li>\n<li class=\"block flex-1 flex-nowrap xs:flex-initial\" data-testid=\"site-footer-section-item-component\" data-sentry-component=\"SiteFooterSectionItem\" data-sentry-source-file=\"SiteFooterSectionItem.tsx\">Teemu Niikko<br \/>Toimitusp\u00e4\u00e4llikk\u00f6, urheilu<\/li>\n<\/ul>\n<p>Liiketoiminta<\/p>\n<ul class=\"flex w-full flex-1 flex-wrap gap-800\">\n<li class=\"block flex-1 flex-nowrap xs:flex-initial\" data-testid=\"site-footer-section-item-component\" data-sentry-component=\"SiteFooterSectionItem\" data-sentry-source-file=\"SiteFooterSectionItem.tsx\">Iina Eloranta<br \/>VP, Channels and Digital Consumption<\/li>\n<\/ul>\n<p>SuomiAreena<\/p>\n<ul class=\"flex w-full flex-1 flex-wrap gap-800\">\n<li class=\"block flex-1 flex-nowrap xs:flex-initial\" data-testid=\"site-footer-section-item-component\" data-sentry-component=\"SiteFooterSectionItem\" data-sentry-source-file=\"SiteFooterSectionItem.tsx\">Jeremias Kontio<br \/>Vastaava tuottaja<\/li>\n<\/ul>\n<p><a class=\"flex flex-col items-center justify-center\" data-testid=\"Etusivu-navigation-bar-item\" role=\"link\" title=\"Etusivu linkki\" data-sentry-element=\"Link\" data-sentry-component=\"InternalLink\" data-sentry-source-file=\"InternalLink.tsx\" href=\"https:\/\/www.mtvuutiset.fi\/\" rel=\"nofollow noopener\" target=\"_blank\">Etusivu<\/a><a class=\"flex flex-col items-center justify-center\" data-testid=\"Videot-navigation-bar-item\" role=\"link\" title=\"Videot linkki\" data-sentry-element=\"Link\" data-sentry-component=\"InternalLink\" data-sentry-source-file=\"InternalLink.tsx\" href=\"https:\/\/www.mtvuutiset.fi\/videot\" rel=\"nofollow noopener\" target=\"_blank\">Videot<\/a><a class=\"flex flex-col items-center justify-center\" data-testid=\"Tuoreimmat-navigation-bar-item\" role=\"link\" title=\"Tuoreimmat linkki\" data-sentry-element=\"Link\" data-sentry-component=\"InternalLink\" data-sentry-source-file=\"InternalLink.tsx\" href=\"https:\/\/www.mtvuutiset.fi\/tuoreimmat\" rel=\"nofollow noopener\" target=\"_blank\">Tuoreimmat<\/a><a class=\"flex flex-col items-center justify-center\" data-testid=\"Luetuimmat-navigation-bar-item\" role=\"link\" title=\"Luetuimmat linkki\" data-sentry-element=\"Link\" data-sentry-component=\"InternalLink\" data-sentry-source-file=\"InternalLink.tsx\" href=\"https:\/\/www.mtvuutiset.fi\/luetuimmat\" rel=\"nofollow noopener\" target=\"_blank\">Luetuimmat<\/a>Odota<img alt=\"Lokakuussa telakkayhti\u00f6 Meyer Turku sulki ulos telakalta kaksi uutisoinnissa esille noussutta yhti\u00f6t\u00e4 Hodesin ja Bongo Marinen.\" data-testid=\"header-media-image\" class=\"h-full w-full object-cover transition duration-700 ease-in-out hover:scale-[1.05]\" fetchpriority=\"high\" loading=\"eager\" width=\"1024\" height=\"576\" decoding=\"async\" style=\"color:transparent;background-size:cover;background-position:50% 50%;background-repeat:no-repeat;background-image:url(&quot;data:image\/svg+xml;base64,Cjxzdmcgd2lkdGg9IjEwMjQiIGhlaWdodD0iNTc2IiB2ZXJzaW9uPSIxLjEiIHhtbG5zPSJodHRwOi8vd3d3LnczLm9yZy8yMDAwL3N2ZyIgeG1sbnM6eGxpbms9Imh0dHA6Ly93d3cudzMub3JnLzE5OTkveGxpbmsiPgogIDxkZWZzPgogICAgPGxpbmVhckdyYWRpZW50IGlkPSJnIj4KICAgICAgPHN0b3Agc3RvcC1jb2xvcj0iIzBCMTgyMyIgb2Zmc2V0PSIyMCUiIC8+CiAgICAgIDxzdG9wIHN0b3AtY29sb3I9IiMxQTI3MzIiIG9mZnNldD0iNTAlIiAvPgogICAgICA8c3RvcCBzdG9wLWNvbG9yPSIjMEIxODIzIiBvZmZzZXQ9IjcwJSIgLz4KICAgIDwvbGluZWFyR3JhZGllbnQ+CiAgPC9kZWZzPgogIDxyZWN0IHdpZHRoPSIxMDI0IiBoZWlnaHQ9IjU3NiIgZmlsbD0iIzBCMTgyMyIgLz4KICA8cmVjdCBpZD0iciIgd2lkdGg9IjEwMjQiIGhlaWdodD0iNTc2IiBmaWxsPSJ1cmwoI2cpIiAvPgogIDxhbmltYXRlIHhsaW5rOmhyZWY9IiNyIiBhdHRyaWJ1dGVOYW1lPSJ4IiBmcm9tPSItMTAyNCIgdG89IjEwMjQiIGR1cj0iMXMiIHJlcGVhdENvdW50PSJpbmRlZmluaXRlIiAgLz4KPC9zdmc+&quot;)\" src=\"https:\/\/www.europesays.com\/fi\/wp-content\/uploads\/2025\/11\/1764406029_265_image\"\/>Lokakuussa telakkayhti\u00f6 Meyer Turku sulki ulos telakalta kaksi uutisoinnissa esille noussutta yhti\u00f6t\u00e4 Hodesin ja Bongo Marinen.Julkaistu 29.11.2025 09:19<\/p>\n<p><strong class=\"typography-bold\">STT haki valehenkil\u00f6llisyydell\u00e4 t\u00f6it\u00e4 virolaisesta alihankintafirmasta. K\u00e4vi ilmi, ett\u00e4 yhti\u00f6 etsii yh\u00e4 ty\u00f6ntekij\u00f6it\u00e4 Suomessa.<\/strong><\/p>\n<p>&#8221;Hyville tekij\u00f6ille l\u00f6ytyy aina t\u00f6it\u00e4&#8221;, vakuutettiin Suomessa rekrytoivasta firmasta &#8221;ukrainalaiselle Igorille&#8221; marraskuussa.<\/p>\n<p>STT tekeytyi ty\u00f6t\u00e4 etsiv\u00e4ksi hitsaajaksi selvitt\u00e4\u00e4kseen, miten ukrainalaisten telakkaty\u00f6ntekij\u00f6iden riistoon liittyv\u00e4t virolaisyhti\u00f6t toimivat t\u00e4ll\u00e4 hetkell\u00e4. STT:n syyskuisen uutisen mukaan ukrainalaisille oli muun muassa maksettu liian pieni\u00e4 palkkoja heid\u00e4n ty\u00f6skennelless\u00e4\u00e4n virolaisissa alihankintayhti\u00f6iss\u00e4 Turun telakalla.<\/p>\n<p>Lokakuussa telakkayhti\u00f6 Meyer Turku sulki ulos telakalta kaksi uutisoinnissa esille noussutta yhti\u00f6t\u00e4 Hodesin ja Bongo Marinen. Meyer Turun mukaan se oli saanut varmistuksen, ett\u00e4 yhti\u00f6ihin liittyv\u00e4t v\u00e4\u00e4rink\u00e4yt\u00f6sep\u00e4ilyt ovat aiheellisia.<\/p>\n<p>Hodes ja Bongo Marine liittyv\u00e4t toisiinsa. Niill\u00e4 on ollut muun muassa sama osoite Tallinnassa, samoja vastuuhenkil\u00f6it\u00e4 ja sama virolainen puhelinnumero rekrytoinnissa.<\/p>\n<p>Syyskuussa Hodes oli ilmoittanut Suomessa olevasta hitsausty\u00f6st\u00e4 laivanrakennuksessa ja -korjauksessa. Ven\u00e4j\u00e4nkielisess\u00e4 ilmoituksessa luvattiin muun muassa keskim\u00e4\u00e4r\u00e4ist\u00e4 parempaa palkkaa sek\u00e4 maksutonta majoitusta ja ty\u00f6vaatteita.<\/p>\n<p>STT j\u00e4rjesti marraskuussa ven\u00e4j\u00e4\u00e4 ja ukrainaa puhuvan henkil\u00f6n soittamaan ilmoituksessa kerrottuun numeroon. Ukrainalaiseksi hitsaajaksi esitt\u00e4ytyneelle &#8221;Igorille&#8221; sanottiin puhelussa, ett\u00e4 yhti\u00f6 hakee edelleen ty\u00f6ntekij\u00f6it\u00e4 Turkuun ja sen lis\u00e4ksi Helsinkiin.<\/p>\n<p>Yhti\u00f6 tarjoaa nettopalkkaa<\/p>\n<p>Hodes-yhti\u00f6n numeroon vastasi ukrainaa puhuva henkil\u00f6.<\/p>\n<p>\u2013\u2009Ty\u00f6t\u00e4 hitsaajalle on t\u00e4ll\u00e4 hetkell\u00e4 Turussa. Sanoisitteko, onko teill\u00e4 kokemusta laivanrakennusalalta? <strong class=\"typography-bold\">Igorilta<\/strong> kysyttiin.<\/p>\n<p>Igor sanoi ty\u00f6skennelleens\u00e4 laivanrakennuksessa viisi vuotta ja ett\u00e4 h\u00e4nell\u00e4 on oleskelulupa Suomessa. H\u00e4n kysyi palkasta.<\/p>\n<p>\u2013\u2009Palkka on meill\u00e4 15\u201317 euroa nettona tunnilta. Tarkka tuntipalkka vahvistetaan projektin valvojan puhelinhaastattelussa, rekrytoija sanoi.<\/p>\n<p>\u2013\u2009Se on ennen veroja?<\/p>\n<p>\u2013\u2009Ei, se on verojen j\u00e4lkeen. Bruttopalkka riippuu siit\u00e4, mik\u00e4 teid\u00e4n verokantanne on. Sit\u00e4 en tied\u00e4. Se selvi\u00e4\u00e4, kun olette sopinut ja teette sopimuksen projektikoordinaattorin kanssa. Silloin selvi\u00e4\u00e4 teid\u00e4n bruttotuntipalkkanne.<\/p>\n<p>Yhti\u00f6st\u00e4 kerrottiin viikkotuntim\u00e4\u00e4r\u00e4ksi noin 56.<\/p>\n<p>\u2013\u2009Majoitus, ty\u00f6matkat ja ty\u00f6vaatteet ovat meid\u00e4n kustannuksellamme.<\/p>\n<p>Yhti\u00f6n mukaan ty\u00f6suhde olisi pitk\u00e4aikainen.<\/p>\n<p>\u2013\u2009Hyville ty\u00f6ntekij\u00f6ille meill\u00e4 on ty\u00f6t\u00e4 aina.<\/p>\n<p>&#8221;Tarjolla toinenkin paikka&#8221;<\/p>\n<p>Seuraavalla viikolla Igor yritti soittaa ukrainalaiselle projektikoordinaattorille ty\u00f6haastattelun sopimiseksi. L\u00e4hes viikon yritt\u00e4misen j\u00e4lkeen h\u00e4nt\u00e4 ei tavoitettu puhelimitse.<\/p>\n<p>Marraskuun lopulla Igor soitti uudelleen ty\u00f6paikkailmoituksessa olleeseen numeroon. Henkil\u00f6 oli aiemmassa puhelussa ollut haluton vastaamaan suoraan, miss\u00e4 kohteessa ty\u00f6t\u00e4 tarkalleen olisi.<\/p>\n<p>\u2013\u2009Puhuimme nimenomaan Turun telakalla ty\u00f6skentelyst\u00e4, eik\u00f6 niin? Igor kysyi.<\/p>\n<p>\u2013\u2009Kyll\u00e4. T\u00e4ll\u00e4 hetkell\u00e4 on tarjolla toinenkin paikka. Se on Helsingiss\u00e4. Siell\u00e4 on laivanrakennusta, rekrytoija sanoi.<\/p>\n<p>Rekrytoijan mukaan tarvetta olisi runkorakenteiden hitsaajalle. H\u00e4n kehotti jatkamaan projektikoordinaattorin tavoittelua.<\/p>\n<p>\u2013\u2009Kun olette saaneet h\u00e4neen yhteyden, voin keskustelunne tuloksen j\u00e4lkeen olla uudelleen yhteydess\u00e4 teihin, rekrytoija sanoi puhelun p\u00e4\u00e4tteeksi.<\/p>\n<p>Puhelun aikana k\u00e4vi ilmi, ett\u00e4 yhti\u00f6ss\u00e4 oli alettu ihmetell\u00e4, miksei Igorista l\u00f6ydy tietoa mist\u00e4\u00e4n. T\u00e4m\u00e4n j\u00e4lkeen STT ei en\u00e4\u00e4 ollut peitenimell\u00e4 yhteydess\u00e4 yhti\u00f6\u00f6n. Yhti\u00f6 ei vastannut STT:n toimittajan yhteydenottoihin, joissa pyydettiin kommenttia ja kerrottiin peiteroolin k\u00e4yt\u00f6st\u00e4 tiedonhankinnassa.<\/p>\n<p><img alt=\"AOP Turku Meyer\" data-testid=\"crops-image\" class=\"h-full w-full object-cover transition duration-700 ease-in-out hover:scale-[1.05]\" fetchpriority=\"low\" loading=\"lazy\" width=\"1024\" height=\"576\" decoding=\"async\" style=\"color:transparent;background-size:cover;background-position:50% 50%;background-repeat:no-repeat;background-image:url(&quot;data:image\/svg+xml;base64,Cjxzdmcgd2lkdGg9IjEwMjQiIGhlaWdodD0iNTc2IiB2ZXJzaW9uPSIxLjEiIHhtbG5zPSJodHRwOi8vd3d3LnczLm9yZy8yMDAwL3N2ZyIgeG1sbnM6eGxpbms9Imh0dHA6Ly93d3cudzMub3JnLzE5OTkveGxpbmsiPgogIDxkZWZzPgogICAgPGxpbmVhckdyYWRpZW50IGlkPSJnIj4KICAgICAgPHN0b3Agc3RvcC1jb2xvcj0iIzBCMTgyMyIgb2Zmc2V0PSIyMCUiIC8+CiAgICAgIDxzdG9wIHN0b3AtY29sb3I9IiMxQTI3MzIiIG9mZnNldD0iNTAlIiAvPgogICAgICA8c3RvcCBzdG9wLWNvbG9yPSIjMEIxODIzIiBvZmZzZXQ9IjcwJSIgLz4KICAgIDwvbGluZWFyR3JhZGllbnQ+CiAgPC9kZWZzPgogIDxyZWN0IHdpZHRoPSIxMDI0IiBoZWlnaHQ9IjU3NiIgZmlsbD0iIzBCMTgyMyIgLz4KICA8cmVjdCBpZD0iciIgd2lkdGg9IjEwMjQiIGhlaWdodD0iNTc2IiBmaWxsPSJ1cmwoI2cpIiAvPgogIDxhbmltYXRlIHhsaW5rOmhyZWY9IiNyIiBhdHRyaWJ1dGVOYW1lPSJ4IiBmcm9tPSItMTAyNCIgdG89IjEwMjQiIGR1cj0iMXMiIHJlcGVhdENvdW50PSJpbmRlZmluaXRlIiAgLz4KPC9zdmc+&quot;)\" src=\"https:\/\/www.europesays.com\/fi\/wp-content\/uploads\/2025\/11\/1764406029_397_image\"\/>Kuvassa telakkayhti\u00f6 Meyer Turku.All Over Press<\/p>\n<p>Helsingin telakka: Ei sopimuksia<\/p>\n<p>Teollisuusliiton ty\u00f6ehtoasiantuntija <strong class=\"typography-bold\">Deniz Kacar<\/strong> ei ole yll\u00e4ttynyt, ett\u00e4 yhti\u00f6 yritt\u00e4\u00e4 yh\u00e4 rekrytoida Suomen telakoille. Ulkomaalaisten ty\u00f6ntekij\u00f6iden ty\u00f6ehtoja polkeville yrityksille on h\u00e4nen mukaansa tavallista, ett\u00e4 ne rekrytoivat yhdell\u00e4 nimell\u00e4 ja toimivat toisella.<\/p>\n<p>Nettopalkan tarjoamisen syy on Kacarin mukaan tavallisesti alipalkkauksen piilotteleminen. H\u00e4n lis\u00e4\u00e4, ett\u00e4 yhti\u00f6t ovat maksaneet ukrainalaisille isoja osia palkasta verottomina p\u00e4iv\u00e4rahoina.<\/p>\n<p>\u2013\u2009Kun ei makseta veroja, saadaan alipalkkaus vaikuttamaan paremmalta diililt\u00e4 kuin se todellisuudessa on, Kacar sanoo.<\/p>\n<p>Yhti\u00f6n tarjoamia ty\u00f6tunteja Kacar pit\u00e4\u00e4 kohtuuttomina.<\/p>\n<p>\u2013\u2009Laillisia tuntim\u00e4\u00e4ri\u00e4 nuo eiv\u00e4t tietenk\u00e4\u00e4n ole ja kun tiedet\u00e4\u00e4n, ett\u00e4 mit\u00e4\u00e4n lisi\u00e4 yhti\u00f6t eiv\u00e4t maksa eiv\u00e4tk\u00e4 t\u00e4ytt\u00e4 palkkaa v\u00e4ltt\u00e4m\u00e4tt\u00e4 tunneistakaan.<\/p>\n<p>Helsingin telakalta kerrotaan, ettei Hodesilla tai Bongo Marinella ole t\u00e4ll\u00e4 hetkell\u00e4 sopimuksia telakan tai siell\u00e4 toimivan alihankintaketjun kanssa. Telakka ei my\u00f6sk\u00e4\u00e4n aio tulevaisuudessa tehd\u00e4 sopimuksia niiden kanssa. Helsingin telakalla on nyky\u00e4\u00e4n k\u00e4yt\u00f6ss\u00e4 j\u00e4rjestelm\u00e4, joka v\u00e4hent\u00e4\u00e4 riski\u00e4, ett\u00e4 alihankintaketjuun p\u00e4\u00e4tyy ep\u00e4luotettavia toimijoita, kerrotaan telakkayhti\u00f6 Davien viestinn\u00e4st\u00e4.<\/p>\n<p>Meyer Turusta vastattiin, ettei se kommentoi &#8221;keskener\u00e4isi\u00e4 yksitt\u00e4isiin yrityksiin tai henkil\u00f6ihin liittyvi\u00e4 asioita&#8221;. Yhti\u00f6n mukaan se on selvitystens\u00e4 perusteella antanut yksitt\u00e4isille yrityksille ja niiden vastuuhenkil\u00f6ille porttikieltoja Turun telakalle.<\/p>\n<p>Yhti\u00f6t toimineet eri nimill\u00e4<\/p>\n<p>STT k\u00e4ytti tiedonhankinnassa peiteroolia, koska Hodes tai muut ukrainalaisten riistoon liittyv\u00e4t yhti\u00f6t eiv\u00e4t ole kuukausien yritt\u00e4misen j\u00e4lkeen antaneet kommenttia toiminnastaan Suomessa. Yhti\u00f6iden toimintaa on haluttu selvitt\u00e4\u00e4, koska ulkomaalaisten ty\u00f6ntekij\u00f6iden ty\u00f6ehtojen polkeminen on merkitt\u00e4v\u00e4 ja usein piiloon j\u00e4\u00e4v\u00e4 yhteiskunnallinen ongelma.<\/p>\n<p>STT:n aiemman selvityksen perusteella yhti\u00f6ill\u00e4 on ollut tapana piilotella todellista toimintaansa ja kytk\u00f6ksi\u00e4\u00e4n. Ne ovat vaihdelleet nimi\u00e4, ja ty\u00f6ntekij\u00f6it\u00e4 on siirretty yhti\u00f6lt\u00e4 toiselle. My\u00f6s esimerkiksi aluehallintovirastolla on ollut vaikeuksia saada tietoa yhti\u00f6ist\u00e4.<\/p>\n","protected":false},"excerpt":{"rendered":"STT haki valehenkil\u00f6llisyydell\u00e4 t\u00f6it\u00e4 virolaisesta alihankintafirmasta | MTV UutisetHypp\u00e4\u00e4 p\u00e4\u00e4sis\u00e4lt\u00f6\u00f6nSis\u00e4ll\u00f6t Tomi EinonenVastaava p\u00e4\u00e4toimittaja Ilkka AhtiainenUutisp\u00e4\u00e4toimittaja Mona HaapsaariToimitusp\u00e4\u00e4llikk\u00f6 Teemu&hellip;\n","protected":false},"author":2,"featured_media":103010,"comment_status":"","ping_status":"","sticky":false,"template":"","format":"standard","meta":{"footnotes":""},"categories":[5],"tags":[22,23,26,27,33,31,30,17,24,25,28,29,15,18,21,32,19,20,16],"class_list":{"0":"post-103009","1":"post","2":"type-post","3":"status-publish","4":"format-standard","5":"has-post-thumbnail","7":"category-otsikot","8":"tag-breaking-news","9":"tag-breakingnews","10":"tag-featured-news","11":"tag-featurednews","12":"tag-fi","13":"tag-finland","14":"tag-finnish","15":"tag-headlines","16":"tag-latest-news","17":"tag-latestnews","18":"tag-main-news","19":"tag-mainnews","20":"tag-news","21":"tag-otsikot","22":"tag-paauutiset","23":"tag-suomi","24":"tag-top-stories","25":"tag-topstories","26":"tag-uutiset"},"share_on_mastodon":{"url":"https:\/\/pubeurope.com\/@fi\/115632121088704649","error":""},"_links":{"self":[{"href":"https:\/\/www.europesays.com\/fi\/wp-json\/wp\/v2\/posts\/103009","targetHints":{"allow":["GET"]}}],"collection":[{"href":"https:\/\/www.europesays.com\/fi\/wp-json\/wp\/v2\/posts"}],"about":[{"href":"https:\/\/www.europesays.com\/fi\/wp-json\/wp\/v2\/types\/post"}],"author":[{"embeddable":true,"href":"https:\/\/www.europesays.com\/fi\/wp-json\/wp\/v2\/users\/2"}],"replies":[{"embeddable":true,"href":"https:\/\/www.europesays.com\/fi\/wp-json\/wp\/v2\/comments?post=103009"}],"version-history":[{"count":0,"href":"https:\/\/www.europesays.com\/fi\/wp-json\/wp\/v2\/posts\/103009\/revisions"}],"wp:featuredmedia":[{"embeddable":true,"href":"https:\/\/www.europesays.com\/fi\/wp-json\/wp\/v2\/media\/103010"}],"wp:attachment":[{"href":"https:\/\/www.europesays.com\/fi\/wp-json\/wp\/v2\/media?parent=103009"}],"wp:term":[{"taxonomy":"category","embeddable":true,"href":"https:\/\/www.europesays.com\/fi\/wp-json\/wp\/v2\/categories?post=103009"},{"taxonomy":"post_tag","embeddable":true,"href":"https:\/\/www.europesays.com\/fi\/wp-json\/wp\/v2\/tags?post=103009"}],"curies":[{"name":"wp","href":"https:\/\/api.w.org\/{rel}","templated":true}]}}