{"id":103021,"date":"2025-11-29T09:07:08","date_gmt":"2025-11-29T09:07:08","guid":{"rendered":"https:\/\/www.europesays.com\/fi\/103021\/"},"modified":"2025-11-29T09:07:08","modified_gmt":"2025-11-29T09:07:08","slug":"saara-aalto-keskeytti-keikan-yllattavan-syyn-vuoksi-katso-video","status":"publish","type":"post","link":"https:\/\/www.europesays.com\/fi\/103021\/","title":{"rendered":"Saara Aalto keskeytti keikan yll\u00e4tt\u00e4v\u00e4n syyn vuoksi \u2013 katso video"},"content":{"rendered":"<p>            Timo Korhonen\n        <\/p>\n<p class=\"subtitle \">Saara joutui keskeytt\u00e4m\u00e4\u00e4n keikkansa.<\/p>\n<p class=\"article-content article-content-width !bg-background\">Artisti , 38, jakoi<a href=\"https:\/\/www.instagram.com\/reel\/DRkQjqqDDua\/?utm_source=ig_web_copy_link&amp;igsh=MzRlODBiNWFlZA==\" target=\"_blank\" rel=\"nofollow noopener\"> Instagram<\/a>-tililleen torstaina (27.11.) ennenn\u00e4kem\u00e4tt\u00f6m\u00e4n tilanteen h\u00e4nen kolmen vuoden takaiselta keikaltaan.<\/p>\n<p class=\"font-weight-bold m-font-weight-bold article-content article-content-width !bg-background\">Katso Seiskan arkistosta! Saara Aalto The Voice Of Finlandin finalistina:<\/p>\n<p class=\"article-content article-content-width !bg-background\">Videolla omien sanojensa mukaan tuhansia keikkoja vet\u00e4nyt Saara joutui keskeytt\u00e4m\u00e4\u00e4n laulamisen kesken esitett\u00e4v\u00e4n kappaleen. Moista ei Saaran mukaan olllut tapahtunut koskaan aiemmin.<\/p>\n<p>&#8221;Anteeksi..anteeksi..&#8221;<\/p>\n<p class=\"article-content article-content-width !bg-background\">Vuonna 2022 kuvatulla videolla Saara esiintyy joulukonsertissaan pianon ja lapsikuoron s\u00e4est\u00e4ess\u00e4 taustalla. Kesken vokaalin nainen kuitenkin vaihtaa mikrofonin vesipulloon, ja ainoa mit\u00e4 h\u00e4nen suustaan tulee ulos on k\u00f6hin\u00e4\u00e4.<\/p>\n<p class=\"article-content article-content-width !bg-background\">Lopulta lauluun takaisin hypp\u00e4\u00e4minen ei en\u00e4\u00e4 onnistu, vaan Saara joutuu keskeytt\u00e4m\u00e4\u00e4n kappaleen.<\/p>\n<p class=\"article-content article-content-width !bg-background\"> \u2013 Anteeksi&#8230; anteeksi pieni tauko, h\u00e4n toteaa kappaleen keskeytt\u00e4miseksi.<\/p>\n<p>        <a itemprop=\"url\" href=\"https:\/\/www.seiska.fi\/kotimaa\/teemu-roivainen-avautuu-valeistaan-saara-aaltoon\/1342754\" rel=\"nofollow noopener\" target=\"_blank\"><\/p>\n<p class=\"section-date\">\n        <strong class=\"article-section\" data-section=\"kotimaa\"><br \/>\n            kotimaa<br \/>\n        <\/strong><br \/>\n        12.5.2024 10:00\n    <\/p>\n<p>Teemu Roivainen avautuu v\u00e4leist\u00e4\u00e4n Saara Aaltoon\n    <\/p>\n<p itemprop=\"description\" class=\"subtitle \">\n    Saara Aallon ja Teemun seurustelu kesti yhdeks\u00e4n vuotta, ja pari ilmoitti erosta 2013.\n<\/p>\n<p>        <\/a><\/p>\n<p class=\"article-content article-content-width !bg-background\">Syy kappaleen keskeytykseen sai yleis\u00f6n nauramaan.<\/p>\n<p class=\"article-content article-content-width !bg-background\"> \u2013 Tii\u00e4ttek\u00f6 mit\u00e4 mulla on niin iso karva kurkussa, ett\u00e4 m\u00e4 en pysty laulamaan!, Saara toteaa tomerasti.<\/p>\n<p>Ennenn\u00e4kem\u00e4t\u00f6nt\u00e4<\/p>\n<p class=\"article-content article-content-width !bg-background\">Saaran mukaan tilanne oli ensimm\u00e4inen laatuaan.<\/p>\n<p class=\"article-content article-content-width !bg-background\"> \u2013 M\u00e4 en oo ikin\u00e4 keskeytt\u00e4nyt kappaletta, mutta m\u00e4 ajattelin, ett\u00e4 kun se kutitti niin paljon se karva, h\u00e4n tunnustaa naurahtaen.<\/p>\n<p class=\"article-content article-content-width !bg-background\">Lopulta Saara pelasti tilanteen innostamalla yleis\u00f6n v\u00e4liaplodeihin ja nostamaan maljan vesipulloilla.\u00a0<\/p>\n<p>        <a itemprop=\"url\" href=\"https:\/\/www.seiska.fi\/kotimaa\/saara-aalto-paljasti-jattiyllatyksen\/1466263\" rel=\"nofollow noopener\" target=\"_blank\"><\/p>\n<p class=\"section-date\">\n        <strong class=\"article-section\" data-section=\"kotimaa\"><br \/>\n            kotimaa<br \/>\n        <\/strong><br \/>\n        21.9.2024 12:30\n    <\/p>\n<p>Saara Aalto paljasti j\u00e4ttiyll\u00e4tyksen!\n    <\/p>\n<p itemprop=\"description\" class=\"subtitle \">\n    Saaran ura kukoistaa.\n<\/p>\n<p>        <\/a><\/p>\n<p>Joulukiertue starttaa<\/p>\n<p class=\"article-content article-content-width !bg-background\">Saara julkaisi videon h\u00e4nen perjantaina 28. marraskuuta starttaavan joulukiertueensa kunniaksi. Hieman alle kuukauden mittaisella kiertueella on luvassa yhteens\u00e4 12 keikkaa ymp\u00e4ri Suomen. Kiertue starttaa Vaasasta, ja huipentuu 20. joulukuuta Sulkavalle.<\/p>\n<p><script async src=\"\/\/www.instagram.com\/embed.js\"><\/script><\/p>\n","protected":false},"excerpt":{"rendered":"Timo Korhonen Saara joutui keskeytt\u00e4m\u00e4\u00e4n keikkansa. Artisti , 38, jakoi Instagram-tililleen torstaina (27.11.) ennenn\u00e4kem\u00e4tt\u00f6m\u00e4n tilanteen h\u00e4nen kolmen vuoden&hellip;\n","protected":false},"author":2,"featured_media":103022,"comment_status":"","ping_status":"","sticky":false,"template":"","format":"standard","meta":{"footnotes":""},"categories":[130],"tags":[137,33,31,30,15697,4810,212,5508,32,6878,109],"class_list":{"0":"post-103021","1":"post","2":"type-post","3":"status-publish","4":"format-standard","5":"has-post-thumbnail","7":"category-viihde","8":"tag-entertainment","9":"tag-fi","10":"tag-finland","11":"tag-finnish","12":"tag-joulukiertue","13":"tag-keikka","14":"tag-lifestyle","15":"tag-saara-aalto","16":"tag-suomi","17":"tag-the-voice-of-finland","18":"tag-viihde"},"share_on_mastodon":{"url":"https:\/\/pubeurope.com\/@fi\/115632199743970739","error":""},"_links":{"self":[{"href":"https:\/\/www.europesays.com\/fi\/wp-json\/wp\/v2\/posts\/103021","targetHints":{"allow":["GET"]}}],"collection":[{"href":"https:\/\/www.europesays.com\/fi\/wp-json\/wp\/v2\/posts"}],"about":[{"href":"https:\/\/www.europesays.com\/fi\/wp-json\/wp\/v2\/types\/post"}],"author":[{"embeddable":true,"href":"https:\/\/www.europesays.com\/fi\/wp-json\/wp\/v2\/users\/2"}],"replies":[{"embeddable":true,"href":"https:\/\/www.europesays.com\/fi\/wp-json\/wp\/v2\/comments?post=103021"}],"version-history":[{"count":0,"href":"https:\/\/www.europesays.com\/fi\/wp-json\/wp\/v2\/posts\/103021\/revisions"}],"wp:featuredmedia":[{"embeddable":true,"href":"https:\/\/www.europesays.com\/fi\/wp-json\/wp\/v2\/media\/103022"}],"wp:attachment":[{"href":"https:\/\/www.europesays.com\/fi\/wp-json\/wp\/v2\/media?parent=103021"}],"wp:term":[{"taxonomy":"category","embeddable":true,"href":"https:\/\/www.europesays.com\/fi\/wp-json\/wp\/v2\/categories?post=103021"},{"taxonomy":"post_tag","embeddable":true,"href":"https:\/\/www.europesays.com\/fi\/wp-json\/wp\/v2\/tags?post=103021"}],"curies":[{"name":"wp","href":"https:\/\/api.w.org\/{rel}","templated":true}]}}