{"id":103023,"date":"2025-11-29T09:08:10","date_gmt":"2025-11-29T09:08:10","guid":{"rendered":"https:\/\/www.europesays.com\/fi\/103023\/"},"modified":"2025-11-29T09:08:10","modified_gmt":"2025-11-29T09:08:10","slug":"hallitus-haluaa-tuulivoimalat-kauemmas-kodeista-nain-lahelle-voi-jatkossa-rakentaa","status":"publish","type":"post","link":"https:\/\/www.europesays.com\/fi\/103023\/","title":{"rendered":"Hallitus haluaa tuulivoimalat kauemmas kodeista \u2013 n\u00e4in l\u00e4helle voi jatkossa rakentaa"},"content":{"rendered":"<p>Hallitus antaa esityksen uudesta alueidenk\u00e4ytt\u00f6laista ensi vuoden alussa.<\/p>\n<p>28.11. 14:20<\/p>\n<p class=\"article-body mb-nof-24 px-nof-16\">Hallituksessa on syntynyt sopu tuulivoiman v\u00e4himm\u00e4iset\u00e4isyyksist\u00e4 asutukseen.<\/p>\n<p class=\"article-body mb-nof-24 px-nof-16\">Ymp\u00e4rist\u00f6ministeri\u00f6n <a class=\"article-genericlink\" href=\"https:\/\/ym.fi\/-\/hallitukselta-linjaus-tuulivoiman-vahimmaisetaisyyksista\" rel=\"nofollow noopener\" target=\"_blank\">mukaan<\/a> hallitus antaa esityksen uudesta alueidenk\u00e4ytt\u00f6laista ensi vuoden alussa ja esitt\u00e4\u00e4 siin\u00e4, ett\u00e4 v\u00e4himm\u00e4iset\u00e4isyyden asutukseen olisi oltava v\u00e4hint\u00e4\u00e4n 1,25 kilometri\u00e4.<\/p>\n<p class=\"article-body mb-nof-24 px-nof-16\">Et\u00e4isyysvaatimusta ei sovelleta jo tuulivoimak\u00e4ytt\u00f6\u00f6n rakennetuilla alueilla, ja siit\u00e4 voidaan poiketa my\u00f6s, jos asuinrakennuspaikkojen omistajista nelj\u00e4 viidesosaa kannattaa sit\u00e4.<\/p>\n<p class=\"article-body mb-nof-24 px-nof-16\">Samaan lakiesitykseen tulee my\u00f6s s\u00e4\u00e4ntely\u00e4 aurinkovoimaloiden rakentamisesta. Jatkossa v\u00e4hint\u00e4\u00e4n 50 hehtaarin kokoisten aurinkovoimaloiden rakentaminen edellytt\u00e4isi aina kaavoitusta.<\/p>\n<p class=\"article-body mb-nof-24 px-nof-16\">Tuulivoiman et\u00e4isyyss\u00e4\u00e4ntely oli hallituksen alkuper\u00e4isess\u00e4 esitysluonnoksessa selv\u00e4sti tiukempaa. Luonnoksen mukaan tuulivoimaloiden et\u00e4isyyden asutuksesta olisi pit\u00e4nyt olla kahdeksan kertaa voimalan korkeus, k\u00e4yt\u00e4nn\u00f6ss\u00e4 2,4\u20132,8 kilometri\u00e4.<\/p>\n<p class=\"article-body mb-nof-24 px-nof-16\">Esitysluonnos sai tuulivoima-alan toimijoilta ja elinkeinoel\u00e4m\u00e4lt\u00e4 kipakkaa palautetta. Esimerkiksi Keskuskauppakamari varoitti kes\u00e4ll\u00e4, ett\u00e4 Etel\u00e4-, L\u00e4nsi- ja It\u00e4-Suomessa tuulivoiman rakennuspaikat v\u00e4henisiv\u00e4t maakunnasta ja et\u00e4isyydest\u00e4 riippuen 75\u2013100 prosenttia. Keskuskauppakamarin mukaan uudet s\u00e4\u00e4nn\u00f6t olisivat asettaneet puolet maakunnista tuulivoimapaitsioon.<\/p>\n","protected":false},"excerpt":{"rendered":"Hallitus antaa esityksen uudesta alueidenk\u00e4ytt\u00f6laista ensi vuoden alussa. 28.11. 14:20 Hallituksessa on syntynyt sopu tuulivoiman v\u00e4himm\u00e4iset\u00e4isyyksist\u00e4 asutukseen. Ymp\u00e4rist\u00f6ministeri\u00f6n&hellip;\n","protected":false},"author":2,"featured_media":103024,"comment_status":"","ping_status":"","sticky":false,"template":"","format":"standard","meta":{"footnotes":""},"categories":[112],"tags":[33,31,30,34,118,32,119],"class_list":{"0":"post-103023","1":"post","2":"type-post","3":"status-publish","4":"format-standard","5":"has-post-thumbnail","7":"category-tiede","8":"tag-fi","9":"tag-finland","10":"tag-finnish","11":"tag-ilta-sanomat","12":"tag-science","13":"tag-suomi","14":"tag-tiede"},"share_on_mastodon":{"url":"https:\/\/pubeurope.com\/@fi\/115632203580200793","error":""},"_links":{"self":[{"href":"https:\/\/www.europesays.com\/fi\/wp-json\/wp\/v2\/posts\/103023","targetHints":{"allow":["GET"]}}],"collection":[{"href":"https:\/\/www.europesays.com\/fi\/wp-json\/wp\/v2\/posts"}],"about":[{"href":"https:\/\/www.europesays.com\/fi\/wp-json\/wp\/v2\/types\/post"}],"author":[{"embeddable":true,"href":"https:\/\/www.europesays.com\/fi\/wp-json\/wp\/v2\/users\/2"}],"replies":[{"embeddable":true,"href":"https:\/\/www.europesays.com\/fi\/wp-json\/wp\/v2\/comments?post=103023"}],"version-history":[{"count":0,"href":"https:\/\/www.europesays.com\/fi\/wp-json\/wp\/v2\/posts\/103023\/revisions"}],"wp:featuredmedia":[{"embeddable":true,"href":"https:\/\/www.europesays.com\/fi\/wp-json\/wp\/v2\/media\/103024"}],"wp:attachment":[{"href":"https:\/\/www.europesays.com\/fi\/wp-json\/wp\/v2\/media?parent=103023"}],"wp:term":[{"taxonomy":"category","embeddable":true,"href":"https:\/\/www.europesays.com\/fi\/wp-json\/wp\/v2\/categories?post=103023"},{"taxonomy":"post_tag","embeddable":true,"href":"https:\/\/www.europesays.com\/fi\/wp-json\/wp\/v2\/tags?post=103023"}],"curies":[{"name":"wp","href":"https:\/\/api.w.org\/{rel}","templated":true}]}}