{"id":103025,"date":"2025-11-29T09:10:08","date_gmt":"2025-11-29T09:10:08","guid":{"rendered":"https:\/\/www.europesays.com\/fi\/103025\/"},"modified":"2025-11-29T09:10:08","modified_gmt":"2025-11-29T09:10:08","slug":"finnairin-airbus-a320-koneiden-turvallisuuspaivitykset-tehty","status":"publish","type":"post","link":"https:\/\/www.europesays.com\/fi\/103025\/","title":{"rendered":"Finnairin Airbus A320-koneiden turvallisuusp\u00e4ivitykset tehty"},"content":{"rendered":"<p><strong class=\"typography-bold\">Perjantaina lentoliikennett\u00e4 laajalti h\u00e4irinnyt p\u00e4ivitystarve on suomalaisen Finnairin osalta ohi.\u00a0<\/strong><\/p>\n<p>Finnairin koneet lent\u00e4v\u00e4t lauantaina normaalisti, yhti\u00f6n viestint\u00e4johtaja <strong class=\"typography-bold\">P\u00e4ivyt Tallqvist <\/strong>kertoo s\u00e4hk\u00f6postitse STT:lle.<\/p>\n<p>Lentokonevalmistaja Airbus <a class=\"underline\" data-testid=\"external-link\" href=\"https:\/\/www.airbus.com\/en\/newsroom\/press-releases\/2025-11-airbus-update-on-a320-family-precautionary-fleet-action\" rel=\"noopener noreferrer nofollow\" target=\"_blank\" data-sentry-component=\"ExternalLink\" data-sentry-source-file=\"ExternalLink.tsx\">m\u00e4\u00e4r\u00e4si<\/a> perjantaina A320-tyyppisiin koneisiin turvallisuusp\u00e4ivityksi\u00e4. Syyn\u00e4 oli vika, jonka vuoksi voimakas aurinkos\u00e4teily voi h\u00e4irit\u00e4 koneen ohjausta.<\/p>\n<p>Euroopan lentoturvallisuusviranomainen EASA <a class=\"underline\" data-testid=\"external-link\" href=\"https:\/\/www.easa.europa.eu\/en\/newsroom-and-events\/news\/easa-issues-emergency-airworthiness-directive-airbus-320-family\" rel=\"noopener noreferrer nofollow\" target=\"_blank\" data-sentry-component=\"ExternalLink\" data-sentry-source-file=\"ExternalLink.tsx\">antoi<\/a> perjantaina illalla lentokelpoisuusohjeistuksen turvallisuussyist\u00e4 vaadittavista ohjelmistop\u00e4ivityksest\u00e4 osaan Airbus A320-konetyypin koneista. Lentokelpoisuusohjeistus tulee voimaan lauantain ja sunnuntain v\u00e4lisen\u00e4 y\u00f6n\u00e4, ja sen j\u00e4lkeen kyseisill\u00e4 koneilla ei voi lent\u00e4\u00e4 ennen kuin ohjelmistop\u00e4ivitys on tehty.<\/p>\n<p>Lue my\u00f6s: <a class=\"underline\" data-testid=\"internal-link\" role=\"link\" data-sentry-element=\"Link\" data-sentry-component=\"InternalLink\" data-sentry-source-file=\"InternalLink.tsx\" href=\"https:\/\/www.mtvuutiset.fi\/artikkeli\/finnair-uutta-tietoa-penkkikriisista\/9243690\" rel=\"nofollow noopener\" target=\"_blank\">Finnairilta uutta tietoa penkkikriisist\u00e4<\/a><\/p>\n<p>Finnairilla p\u00e4ivitystarve koski yhti\u00f6n 12 konetta, ja se saatiin tehty\u00e4 perjantain ja lauantain v\u00e4lisen y\u00f6n aikana.<\/p>\n<p>Perjantaina tilanne aiheutti viiv\u00e4styksi\u00e4 yhti\u00f6n Airbus-kapearunkokoneilla lennett\u00e4viin lentoihin, kun turvallisuusviranomaiselta odotettiin toimintaohjeita. Yksi meno-paluulennoista Lontooseen jouduttiin perumaan. Se ei viiv\u00e4styksen takia olisi en\u00e4\u00e4 ehtinyt Heathrow&#8217;lle lentoaseman aukioloaikana, Tallqvist kertoo.<\/p>\n","protected":false},"excerpt":{"rendered":"Perjantaina lentoliikennett\u00e4 laajalti h\u00e4irinnyt p\u00e4ivitystarve on suomalaisen Finnairin osalta ohi.\u00a0 Finnairin koneet lent\u00e4v\u00e4t lauantaina normaalisti, yhti\u00f6n viestint\u00e4johtaja P\u00e4ivyt&hellip;\n","protected":false},"author":2,"featured_media":103026,"comment_status":"","ping_status":"","sticky":false,"template":"","format":"standard","meta":{"footnotes":""},"categories":[76],"tags":[79,77,33,31,30,32,78],"class_list":{"0":"post-103025","1":"post","2":"type-post","3":"status-publish","4":"format-standard","5":"has-post-thumbnail","7":"category-talous","8":"tag-business","9":"tag-economy","10":"tag-fi","11":"tag-finland","12":"tag-finnish","13":"tag-suomi","14":"tag-talous"},"share_on_mastodon":{"url":"https:\/\/pubeurope.com\/@fi\/115632211589223761","error":""},"_links":{"self":[{"href":"https:\/\/www.europesays.com\/fi\/wp-json\/wp\/v2\/posts\/103025","targetHints":{"allow":["GET"]}}],"collection":[{"href":"https:\/\/www.europesays.com\/fi\/wp-json\/wp\/v2\/posts"}],"about":[{"href":"https:\/\/www.europesays.com\/fi\/wp-json\/wp\/v2\/types\/post"}],"author":[{"embeddable":true,"href":"https:\/\/www.europesays.com\/fi\/wp-json\/wp\/v2\/users\/2"}],"replies":[{"embeddable":true,"href":"https:\/\/www.europesays.com\/fi\/wp-json\/wp\/v2\/comments?post=103025"}],"version-history":[{"count":0,"href":"https:\/\/www.europesays.com\/fi\/wp-json\/wp\/v2\/posts\/103025\/revisions"}],"wp:featuredmedia":[{"embeddable":true,"href":"https:\/\/www.europesays.com\/fi\/wp-json\/wp\/v2\/media\/103026"}],"wp:attachment":[{"href":"https:\/\/www.europesays.com\/fi\/wp-json\/wp\/v2\/media?parent=103025"}],"wp:term":[{"taxonomy":"category","embeddable":true,"href":"https:\/\/www.europesays.com\/fi\/wp-json\/wp\/v2\/categories?post=103025"},{"taxonomy":"post_tag","embeddable":true,"href":"https:\/\/www.europesays.com\/fi\/wp-json\/wp\/v2\/tags?post=103025"}],"curies":[{"name":"wp","href":"https:\/\/api.w.org\/{rel}","templated":true}]}}