{"id":103027,"date":"2025-11-29T09:11:22","date_gmt":"2025-11-29T09:11:22","guid":{"rendered":"https:\/\/www.europesays.com\/fi\/103027\/"},"modified":"2025-11-29T09:11:22","modified_gmt":"2025-11-29T09:11:22","slug":"venajalla-iloittiin-tuoreesta-paatoksesta-tamperelaistahti-ja-kumppanit-joutuvat-kohtaamaan-venalaiset","status":"publish","type":"post","link":"https:\/\/www.europesays.com\/fi\/103027\/","title":{"rendered":"Ven\u00e4j\u00e4ll\u00e4 iloittiin tuoreesta p\u00e4\u00e4t\u00f6ksest\u00e4 \u2013 tamperelaist\u00e4hti ja kumppanit joutuvat kohtaamaan ven\u00e4l\u00e4iset"},"content":{"rendered":"<p>Ven\u00e4j\u00e4ll\u00e4 riemuittiin kansainv\u00e4lisen liiton p\u00e4\u00e4t\u00f6ksest\u00e4.<\/p>\n<p>27.11. 14:01<\/p>\n<p class=\"article-body mb-nof-24 px-nof-16\">Ven\u00e4l\u00e4iset judokat saavat taas osallistua kansainv\u00e4lisiin kilpailuihin omien kansallisuustunnustensa kanssa ja oman lippunsa alla, Kansainv\u00e4linen judoliitto IJF ilmoitti torstaina. Ukrainan sodan alkamisesta l\u00e4htien ven\u00e4l\u00e4iset judokat eiv\u00e4t olleet saaneet k\u00e4ytt\u00e4\u00e4 maatunnuksiaan, vaan kilpailleet neutraaleina urheilijoina.<\/p>\n<p class=\"article-body mb-nof-24 px-nof-16\">Ven\u00e4j\u00e4 kiitteli p\u00e4\u00e4t\u00f6st\u00e4.<\/p>\n<p class=\"article-body mb-nof-24 px-nof-16\">\u201dJudo on yksi Ven\u00e4j\u00e4n suosikkilajeista. Se on t\u00e4rke\u00e4 maallemme, se on presidentillinen urheilulaji\u201d, Ven\u00e4j\u00e4n urheiluministeri <a class=\"article-personlink\" href=\"https:\/\/www.aamulehti.fi\/haku\/?query=Mihail%20Degtjarev\" rel=\"nofollow noopener\" target=\"_blank\">Mihail Degtjarev<\/a> sanoi viitaten presidentti <a class=\"article-personlink\" href=\"https:\/\/www.aamulehti.fi\/haku\/?query=Vladimir%20Putinin\" rel=\"nofollow noopener\" target=\"_blank\">Vladimir Putinin<\/a> pitk\u00e4aikaiseen judoharrastukseen.<\/p>\n<p class=\"article-body mb-nof-24 px-nof-16\">IJF oli jo aiemmin sallinut Valko-Ven\u00e4j\u00e4n judokoiden paluun kisoihin maatunnusten kanssa.<\/p>\n<p class=\"article-body mb-nof-24 px-nof-16\">Suomen suurimpiin judot\u00e4htiin kuuluvat muun muassa tamperelainen MM-pronssimitalisti <a class=\"article-personlink\" href=\"https:\/\/www.aamulehti.fi\/haku\/?query=Luukas%20Saha\" rel=\"nofollow noopener\" target=\"_blank\">Luukas Saha<\/a> ja Euroopan mestari <a class=\"article-personlink\" href=\"https:\/\/www.aamulehti.fi\/haku\/?query=Martti%20Puumalainen\" rel=\"nofollow noopener\" target=\"_blank\">Martti Puumalainen<\/a>.<\/p>\n","protected":false},"excerpt":{"rendered":"Ven\u00e4j\u00e4ll\u00e4 riemuittiin kansainv\u00e4lisen liiton p\u00e4\u00e4t\u00f6ksest\u00e4. 27.11. 14:01 Ven\u00e4l\u00e4iset judokat saavat taas osallistua kansainv\u00e4lisiin kilpailuihin omien kansallisuustunnustensa kanssa ja&hellip;\n","protected":false},"author":2,"featured_media":103028,"comment_status":"","ping_status":"","sticky":false,"template":"","format":"standard","meta":{"footnotes":""},"categories":[14],"tags":[157,22,23,26,27,33,31,30,17,24,25,28,29,15,18,21,32,19,20,56,16,59,60,61],"class_list":{"0":"post-103027","1":"post","2":"type-post","3":"status-publish","4":"format-standard","5":"has-post-thumbnail","7":"category-ulkomaat","8":"tag-aamulehti","9":"tag-breaking-news","10":"tag-breakingnews","11":"tag-featured-news","12":"tag-featurednews","13":"tag-fi","14":"tag-finland","15":"tag-finnish","16":"tag-headlines","17":"tag-latest-news","18":"tag-latestnews","19":"tag-main-news","20":"tag-mainnews","21":"tag-news","22":"tag-otsikot","23":"tag-paauutiset","24":"tag-suomi","25":"tag-top-stories","26":"tag-topstories","27":"tag-ulkomaat","28":"tag-uutiset","29":"tag-world","30":"tag-world-news","31":"tag-worldnews"},"share_on_mastodon":{"url":"https:\/\/pubeurope.com\/@fi\/115632215472139470","error":""},"_links":{"self":[{"href":"https:\/\/www.europesays.com\/fi\/wp-json\/wp\/v2\/posts\/103027","targetHints":{"allow":["GET"]}}],"collection":[{"href":"https:\/\/www.europesays.com\/fi\/wp-json\/wp\/v2\/posts"}],"about":[{"href":"https:\/\/www.europesays.com\/fi\/wp-json\/wp\/v2\/types\/post"}],"author":[{"embeddable":true,"href":"https:\/\/www.europesays.com\/fi\/wp-json\/wp\/v2\/users\/2"}],"replies":[{"embeddable":true,"href":"https:\/\/www.europesays.com\/fi\/wp-json\/wp\/v2\/comments?post=103027"}],"version-history":[{"count":0,"href":"https:\/\/www.europesays.com\/fi\/wp-json\/wp\/v2\/posts\/103027\/revisions"}],"wp:featuredmedia":[{"embeddable":true,"href":"https:\/\/www.europesays.com\/fi\/wp-json\/wp\/v2\/media\/103028"}],"wp:attachment":[{"href":"https:\/\/www.europesays.com\/fi\/wp-json\/wp\/v2\/media?parent=103027"}],"wp:term":[{"taxonomy":"category","embeddable":true,"href":"https:\/\/www.europesays.com\/fi\/wp-json\/wp\/v2\/categories?post=103027"},{"taxonomy":"post_tag","embeddable":true,"href":"https:\/\/www.europesays.com\/fi\/wp-json\/wp\/v2\/tags?post=103027"}],"curies":[{"name":"wp","href":"https:\/\/api.w.org\/{rel}","templated":true}]}}