{"id":103029,"date":"2025-11-29T09:12:08","date_gmt":"2025-11-29T09:12:08","guid":{"rendered":"https:\/\/www.europesays.com\/fi\/103029\/"},"modified":"2025-11-29T09:12:08","modified_gmt":"2025-11-29T09:12:08","slug":"siperiassa-karmea-pakkanen-nain-kay-suomen","status":"publish","type":"post","link":"https:\/\/www.europesays.com\/fi\/103029\/","title":{"rendered":"Siperiassa karmea pakkanen \u2013 n\u00e4in k\u00e4y Suomen"},"content":{"rendered":"<p>Forecan meteorologi Markus M\u00e4ntykannas pit\u00e4\u00e4 mahdollisena, ett\u00e4 joulukuuhun voi osua viel\u00e4 kylmempi jakso Suomessa. Siperiassa palellaan jo nyt.<\/p>\n<p class=\"article-body mb-nof-24 px-nof-16\">L\u00e4hiaikoina s\u00e4\u00e4 on Suomessa eritt\u00e4in lauhaa. Lumiraja uhkaa l\u00e4hiviikkoina vet\u00e4yty\u00e4 kohti Meri-Lappia. Joulukuu alkaa monin paikoin lumettomana.<\/p>\n<p class=\"article-body mb-nof-24 px-nof-16\">L\u00e4mpim\u00e4st\u00e4 ja vetisest\u00e4 joulukuun aloituksesta kirjoittaa meteorologi <a class=\"article-personlink\" href=\"https:\/\/www.is.fi\/haku\/?query=Markus%20M%C3%A4ntykannas\" rel=\"nofollow noopener\" target=\"_blank\">Markus M\u00e4ntykannas<\/a> <a class=\"article-genericlink\" href=\"https:\/\/www.foreca.fi\/meteorologilta\/otf7mhl1\" rel=\"nofollow noopener\" target=\"_blank\">Forecan blogissa<\/a>.<\/p>\n<p class=\"article-body mb-nof-24 px-nof-16\">Blogikirjoituksen mukaan talvinen vaihe sai Suomessa ainakin v\u00e4liaikaisesti stopin, kun voimakas matalapaine toi Suomeen lauhaa ja kosteaa ilmaa Pohjois-Atlantilta.<\/p>\n<p>Suomessa lauhaa, Siperiassa j\u00e4\u00e4kylm\u00e4\u00e4<\/p>\n<p class=\"article-body mb-nof-24 px-nof-16\">Euroopan keskipitkien s\u00e4\u00e4ennusteiden keskuksen ECMWF:n mukaan polaaripy\u00f6rre voimistuu joulukuun alussa.<\/p>\n<p class=\"article-body mb-nof-24 px-nof-16\">Polaaripy\u00f6rteen voimistuminen on kytk\u00f6ksiss\u00e4 l\u00e4nsivirtausten voimistumiseen. Blogissa kirjoitetaan, ett\u00e4 t\u00e4m\u00e4 lis\u00e4\u00e4 leudon talvis\u00e4\u00e4n todenn\u00e4k\u00f6isyytt\u00e4 keskileveysasteilla.<\/p>\n<p class=\"article-body mb-nof-24 px-nof-16\">Samaan aikaan muualla maailmassa on paikkoja, joissa on huomattavan kylm\u00e4\u00e4. Kanadassa ja Yhdysvaltojen pohjoisissa osavaltioissa pakkasta on paikoin 30 astetta. Siperian pohjois- ja it\u00e4osissa pakkasta on paikoin jopa 50 astetta.<\/p>\n<p>Joulukuussa j\u00e4nnitett\u00e4v\u00e4\u00e4<\/p>\n<p class=\"article-body mb-nof-24 px-nof-16\">Markus M\u00e4ntykannas kirjoittaa, ett\u00e4 joulukuun ensimm\u00e4inen viikko on todenn\u00e4k\u00f6isesti lauha ja vetinen maan etel\u00e4- ja keskiosassa. Maa on lumeton. Lumiraja on vet\u00e4ytynyt kauas pohjoiseen.<\/p>\n<p class=\"article-body mb-nof-24 px-nof-16\">Kun joulukuu on saatu k\u00e4yntiin, alkaakin j\u00e4nnitysn\u00e4ytelm\u00e4. Kuukauden toisella viikolla ennusteisiin on nimitt\u00e4in tullut mukaan korkeapaine, joka kylment\u00e4isi kertaheitolla Suomen s\u00e4\u00e4n.<\/p>\n<p class=\"article-body mb-nof-24 px-nof-16\">Aiemmin t\u00e4ll\u00e4 viikolla kerrottiin, ett\u00e4 kuukausiennusteen perusteella osassa maata ei olisi tiedossa lumista joulua. Jouluviikon s\u00e4\u00e4 n\u00e4ytt\u00e4\u00e4 lauhalta suurimmassa osassa maata.<\/p>\n<p class=\"article-body mb-nof-24 px-nof-16\">M\u00e4ntykannas kirjoittaa nyt, ett\u00e4 kuukausiennusteen kanta ei ole viel\u00e4 muuttunut.<\/p>\n<p class=\"article-body mb-nof-24 px-nof-16\">\u201dItse suhtaudun t\u00e4ll\u00e4 hetkell\u00e4 jo v\u00e4h\u00e4n skeptisemmin siihen, ett\u00e4 lauha s\u00e4\u00e4kuvio jatkuisi koko joulukuun ajan. Jos korkeapaine yll\u00e4tt\u00e4\u00e4, johonkin v\u00e4liin joulukuuta voi osua selv\u00e4sti talvisempi jakso\u201d, M\u00e4ntykannas kirjoittaa.<\/p>\n","protected":false},"excerpt":{"rendered":"Forecan meteorologi Markus M\u00e4ntykannas pit\u00e4\u00e4 mahdollisena, ett\u00e4 joulukuuhun voi osua viel\u00e4 kylmempi jakso Suomessa. Siperiassa palellaan jo nyt.&hellip;\n","protected":false},"author":2,"featured_media":103030,"comment_status":"","ping_status":"","sticky":false,"template":"","format":"standard","meta":{"footnotes":""},"categories":[12],"tags":[22,23,26,27,33,31,30,17,34,24,25,28,29,15,18,21,32,19,20,16],"class_list":{"0":"post-103029","1":"post","2":"type-post","3":"status-publish","4":"format-standard","5":"has-post-thumbnail","7":"category-suomi","8":"tag-breaking-news","9":"tag-breakingnews","10":"tag-featured-news","11":"tag-featurednews","12":"tag-fi","13":"tag-finland","14":"tag-finnish","15":"tag-headlines","16":"tag-ilta-sanomat","17":"tag-latest-news","18":"tag-latestnews","19":"tag-main-news","20":"tag-mainnews","21":"tag-news","22":"tag-otsikot","23":"tag-paauutiset","24":"tag-suomi","25":"tag-top-stories","26":"tag-topstories","27":"tag-uutiset"},"share_on_mastodon":{"url":"https:\/\/pubeurope.com\/@fi\/115632219437821655","error":""},"_links":{"self":[{"href":"https:\/\/www.europesays.com\/fi\/wp-json\/wp\/v2\/posts\/103029","targetHints":{"allow":["GET"]}}],"collection":[{"href":"https:\/\/www.europesays.com\/fi\/wp-json\/wp\/v2\/posts"}],"about":[{"href":"https:\/\/www.europesays.com\/fi\/wp-json\/wp\/v2\/types\/post"}],"author":[{"embeddable":true,"href":"https:\/\/www.europesays.com\/fi\/wp-json\/wp\/v2\/users\/2"}],"replies":[{"embeddable":true,"href":"https:\/\/www.europesays.com\/fi\/wp-json\/wp\/v2\/comments?post=103029"}],"version-history":[{"count":0,"href":"https:\/\/www.europesays.com\/fi\/wp-json\/wp\/v2\/posts\/103029\/revisions"}],"wp:featuredmedia":[{"embeddable":true,"href":"https:\/\/www.europesays.com\/fi\/wp-json\/wp\/v2\/media\/103030"}],"wp:attachment":[{"href":"https:\/\/www.europesays.com\/fi\/wp-json\/wp\/v2\/media?parent=103029"}],"wp:term":[{"taxonomy":"category","embeddable":true,"href":"https:\/\/www.europesays.com\/fi\/wp-json\/wp\/v2\/categories?post=103029"},{"taxonomy":"post_tag","embeddable":true,"href":"https:\/\/www.europesays.com\/fi\/wp-json\/wp\/v2\/tags?post=103029"}],"curies":[{"name":"wp","href":"https:\/\/api.w.org\/{rel}","templated":true}]}}