{"id":103031,"date":"2025-11-29T09:13:10","date_gmt":"2025-11-29T09:13:10","guid":{"rendered":"https:\/\/www.europesays.com\/fi\/103031\/"},"modified":"2025-11-29T09:13:10","modified_gmt":"2025-11-29T09:13:10","slug":"suosittu-kylpyla-joutuu-sulkemaan-kokonaisen-allasalueen-ja-vesiliukumaen","status":"publish","type":"post","link":"https:\/\/www.europesays.com\/fi\/103031\/","title":{"rendered":"Suosittu kylpyl\u00e4 joutuu sulkemaan kokonaisen allasalueen ja vesiliukum\u00e4en"},"content":{"rendered":"<p>Imatran kylpyl\u00e4n Taikajoki-allasalue liukum\u00e4kineen poistuu k\u00e4yt\u00f6st\u00e4.<\/p>\n<p><img decoding=\"async\" class=\"image image-show image-preview\" src=\"https:\/\/www.europesays.com\/fi\/wp-content\/uploads\/2025\/11\/22d1c6f4848c2615c6cf9e79595c721b4f4daa5bf570f80ef9935c8cfa8e580c.jpg\" alt=\"\"\/><img decoding=\"async\" class=\"image image-show\" src=\"https:\/\/www.europesays.com\/fi\/wp-content\/uploads\/2025\/11\/1764407590_908_22d1c6f4848c2615c6cf9e79595c721b4f4daa5bf570f80ef9935c8cfa8e580c.jpg\" alt=\"\"\/><\/p>\n<p>Kylpyl\u00e4n aloitteesta toteutettu Taikajoki valmistui vuonna 2018. Alue kuvattuna vuonna 2020.  Johannes Wiehn<\/p>\n<p class=\"paragraph\">Imatran kylpyl\u00e4n omistava Etel\u00e4-Karjalan kuntoutumiss\u00e4\u00e4ti\u00f6 on irtisanonut Taikajoki-allasalueen vuokrasopimuksen, tiedottaa Imatran kaupunki. Syyn\u00e4 on s\u00e4\u00e4ti\u00f6n yrityssaneeraus.<\/p>\n<p class=\"paragraph\">Taikajoen lis\u00e4ksi sulkeutuu 80-metrinen vesiliukum\u00e4ki, kertoo <a href=\"https:\/\/www.esaimaa.fi\/paikalliset\/9035859\" target=\"_blank\" rel=\"noopener nofollow\">Etel\u00e4-Saimaa<\/a>.<\/p>\n<p class=\"paragraph\">Imatran kylpyl\u00e4n varatoimitusjohtaja <strong>Harri Hirvel\u00e4<\/strong> kertoo lehdelle, ett\u00e4 Taikajoki-osastolla sijaitsee kolmasosa kylpyl\u00e4n altaista, ja jatkossa ne ovat pois k\u00e4yt\u00f6st\u00e4.<\/p>\n<p class=\"paragraph\">Vuokrasopimus p\u00e4\u00e4ttyy 3. joulukuuta.<\/p>\n<p class=\"paragraph\">\u2013\u2009Olemme olleet yrityssaneerauksessa syyskuusta saakka. Asiassa ei ole mit\u00e4\u00e4n uutta. Allasosaston sulkemisen vaikutuksia kylpyl\u00e4n talouteen tai tulevaisuuteen en l\u00e4hde spekuloimaan mill\u00e4\u00e4n lailla, Hirvel\u00e4 sanoo lehdelle.<\/p>\n<p class=\"paragraph\">Taikajoki-allasalueen omistaa Mitra Management, jolla on noin 2,3 miljoonaa euroa lainaa altaan rakennuskustannuksista. T\u00e4m\u00e4 velvoite ei poistu, vaikka vuokrasopimus p\u00e4\u00e4ttyy.<\/p>\n<p class=\"paragraph\">\u2014 Toivoimme viimeiseen saakka, ett\u00e4 vuokrasopimusta oltaisiin voitu jatkaa, mutta ratkaisua ei ole valitettavasti l\u00f6ytynyt, Mitra Managementin toimitusjohtaja <strong>Kirsi Kurki<\/strong> kertoo kaupungin tiedotteessa.<\/p>\n","protected":false},"excerpt":{"rendered":"Imatran kylpyl\u00e4n Taikajoki-allasalue liukum\u00e4kineen poistuu k\u00e4yt\u00f6st\u00e4. Kylpyl\u00e4n aloitteesta toteutettu Taikajoki valmistui vuonna 2018. Alue kuvattuna vuonna 2020. Johannes&hellip;\n","protected":false},"author":2,"featured_media":103032,"comment_status":"","ping_status":"","sticky":false,"template":"","format":"standard","meta":{"footnotes":""},"categories":[5],"tags":[35,22,23,2110,26,27,33,31,30,17,24,25,28,29,2794,923,15,18,21,544,32,3592,19,20,16],"class_list":{"0":"post-103031","1":"post","2":"type-post","3":"status-publish","4":"format-standard","5":"has-post-thumbnail","7":"category-otsikot","8":"tag-24h","9":"tag-breaking-news","10":"tag-breakingnews","11":"tag-elamantapa-ja-vapaa-aika","12":"tag-featured-news","13":"tag-featurednews","14":"tag-fi","15":"tag-finland","16":"tag-finnish","17":"tag-headlines","18":"tag-latest-news","19":"tag-latestnews","20":"tag-main-news","21":"tag-mainnews","22":"tag-majoitus-ja-ravitsemistoiminta","23":"tag-matkustaminen","24":"tag-news","25":"tag-otsikot","26":"tag-paauutiset","27":"tag-rahoitus-ja-kiinteistoala-sektori","28":"tag-suomi","29":"tag-toimitusjohtaja-paajohtaja","30":"tag-top-stories","31":"tag-topstories","32":"tag-uutiset"},"share_on_mastodon":{"url":"https:\/\/pubeurope.com\/@fi\/115632223501471742","error":""},"_links":{"self":[{"href":"https:\/\/www.europesays.com\/fi\/wp-json\/wp\/v2\/posts\/103031","targetHints":{"allow":["GET"]}}],"collection":[{"href":"https:\/\/www.europesays.com\/fi\/wp-json\/wp\/v2\/posts"}],"about":[{"href":"https:\/\/www.europesays.com\/fi\/wp-json\/wp\/v2\/types\/post"}],"author":[{"embeddable":true,"href":"https:\/\/www.europesays.com\/fi\/wp-json\/wp\/v2\/users\/2"}],"replies":[{"embeddable":true,"href":"https:\/\/www.europesays.com\/fi\/wp-json\/wp\/v2\/comments?post=103031"}],"version-history":[{"count":0,"href":"https:\/\/www.europesays.com\/fi\/wp-json\/wp\/v2\/posts\/103031\/revisions"}],"wp:featuredmedia":[{"embeddable":true,"href":"https:\/\/www.europesays.com\/fi\/wp-json\/wp\/v2\/media\/103032"}],"wp:attachment":[{"href":"https:\/\/www.europesays.com\/fi\/wp-json\/wp\/v2\/media?parent=103031"}],"wp:term":[{"taxonomy":"category","embeddable":true,"href":"https:\/\/www.europesays.com\/fi\/wp-json\/wp\/v2\/categories?post=103031"},{"taxonomy":"post_tag","embeddable":true,"href":"https:\/\/www.europesays.com\/fi\/wp-json\/wp\/v2\/tags?post=103031"}],"curies":[{"name":"wp","href":"https:\/\/api.w.org\/{rel}","templated":true}]}}