{"id":103037,"date":"2025-11-29T09:26:08","date_gmt":"2025-11-29T09:26:08","guid":{"rendered":"https:\/\/www.europesays.com\/fi\/103037\/"},"modified":"2025-11-29T09:26:08","modified_gmt":"2025-11-29T09:26:08","slug":"sisapiiri-paljastaa-jennifer-lopez-takertuu-ex-mieheensa-ei-ole-paastamassa-irti-benista","status":"publish","type":"post","link":"https:\/\/www.europesays.com\/fi\/103037\/","title":{"rendered":"Sis\u00e4piiri paljastaa: Jennifer Lopez takertuu ex-mieheens\u00e4: &#8221;Ei ole p\u00e4\u00e4st\u00e4m\u00e4ss\u00e4 irti Benist\u00e4&#8221; \u2013"},"content":{"rendered":"<p>Vanha suola janottaa.<\/p>\n<p class=\"article-body mb-nof-24 px-nof-16\">Laulaja ja n\u00e4yttelij\u00e4 <a class=\"article-personlink\" href=\"https:\/\/www.is.fi\/haku\/?query=Jennifer%20Lopez\" rel=\"nofollow noopener\" target=\"_blank\">Jennifer Lopez<\/a> ei p\u00e4\u00e4se yli ex-aviomiehest\u00e4\u00e4n <a class=\"article-personlink\" href=\"https:\/\/www.is.fi\/haku\/?query=Ben%20Affleckista\" rel=\"nofollow noopener\" target=\"_blank\">Ben Affleckista<\/a>, <a class=\"article-genericlink\" href=\"https:\/\/radaronline.com\/p\/jennifer-lopez-obsession-ben-affleck-ex-husband-horrified\/\" rel=\"nofollow noopener\" target=\"_blank\">Radar Online<\/a> kertoo.<\/p>\n<p class=\"article-body mb-nof-24 px-nof-16\">Sivustolle puhunut sis\u00e4piiril\u00e4hde kertoo, ett\u00e4 Lopez puhuu joka k\u00e4\u00e4nteess\u00e4 ep\u00e4onnistuneesta liitostaan Affleckin kanssa.<\/p>\n<p class=\"article-body mb-nof-24 px-nof-16\">\u2013 Jen v\u00e4h\u00e4ttelee heid\u00e4n avioeroaan haastatteluissa ja yritt\u00e4\u00e4 esitt\u00e4\u00e4, ett\u00e4 h\u00e4n on p\u00e4\u00e4ssyt t\u00e4ysin yli siit\u00e4, mutta se ei voisi olla kauempana totuudesta, l\u00e4hde kertoo.<\/p>\n<p class=\"article-body mb-nof-24 px-nof-16\">\u2013 H\u00e4n etsii edelleen mit\u00e4 tahansa tekosyit\u00e4 pit\u00e4\u00e4kseen yhteytt\u00e4 Beniin. Jen ei ole p\u00e4\u00e4st\u00e4m\u00e4st\u00e4 irti h\u00e4nest\u00e4.<\/p>\n<p class=\"article-body mb-nof-24 px-nof-16\">Lopez ja Affleck erosivat viime vuonna.<\/p>\n<p class=\"article-body mb-nof-24 px-nof-16\">Pari kohtasi toisensa punaisella matolla 6. lokakuuta Lopezin uusimman elokuvan, Kiss of the Spider Woman, n\u00e4yt\u00f6ksess\u00e4. Affleck tuotti leffan.<\/p>\n<p class=\"article-body mb-nof-24 px-nof-16\">\u2013 Jen painosti ja painosti Beni\u00e4 tulemaan ensi-iltaan ja uhkasi k\u00e4yt\u00e4nn\u00f6ss\u00e4 r\u00e4j\u00e4ytt\u00e4\u00e4 kaiken, jos h\u00e4n ei ilmestyisi paikalle, l\u00e4hde jatkaa.<\/p>\n<p class=\"article-body mb-nof-24 px-nof-16\">\u2013 Ben toimi vastoin parempaa harkintaansa ja nyt h\u00e4n sanoo sen olleen valtava virhe, koska Jennifer ei ole lakannut soittamasta h\u00e4nelle sen j\u00e4lkeen.<\/p>\n<p class=\"article-body mb-nof-24 px-nof-16\">\u2013 H\u00e4n n\u00e4ytt\u00e4\u00e4 unohtaneen t\u00e4ysin, ett\u00e4 h\u00e4n pakotti Benin tulemaan paikalle. Jen on sen sijaan ottanut Benin paikalle tulon jonkinlaisena merkkin\u00e4 siit\u00e4, ett\u00e4 he saattaisivat palata yhteen.<\/p>\n","protected":false},"excerpt":{"rendered":"Vanha suola janottaa. Laulaja ja n\u00e4yttelij\u00e4 Jennifer Lopez ei p\u00e4\u00e4se yli ex-aviomiehest\u00e4\u00e4n Ben Affleckista, Radar Online kertoo. Sivustolle&hellip;\n","protected":false},"author":2,"featured_media":103038,"comment_status":"","ping_status":"","sticky":false,"template":"","format":"standard","meta":{"footnotes":""},"categories":[136],"tags":[407,137,33,31,30,34,408,32,109],"class_list":{"0":"post-103037","1":"post","2":"type-post","3":"status-publish","4":"format-standard","5":"has-post-thumbnail","7":"category-julkkikset","8":"tag-celebrities","9":"tag-entertainment","10":"tag-fi","11":"tag-finland","12":"tag-finnish","13":"tag-ilta-sanomat","14":"tag-julkkikset","15":"tag-suomi","16":"tag-viihde"},"share_on_mastodon":{"url":"https:\/\/pubeurope.com\/@fi\/115632274366845340","error":""},"_links":{"self":[{"href":"https:\/\/www.europesays.com\/fi\/wp-json\/wp\/v2\/posts\/103037","targetHints":{"allow":["GET"]}}],"collection":[{"href":"https:\/\/www.europesays.com\/fi\/wp-json\/wp\/v2\/posts"}],"about":[{"href":"https:\/\/www.europesays.com\/fi\/wp-json\/wp\/v2\/types\/post"}],"author":[{"embeddable":true,"href":"https:\/\/www.europesays.com\/fi\/wp-json\/wp\/v2\/users\/2"}],"replies":[{"embeddable":true,"href":"https:\/\/www.europesays.com\/fi\/wp-json\/wp\/v2\/comments?post=103037"}],"version-history":[{"count":0,"href":"https:\/\/www.europesays.com\/fi\/wp-json\/wp\/v2\/posts\/103037\/revisions"}],"wp:featuredmedia":[{"embeddable":true,"href":"https:\/\/www.europesays.com\/fi\/wp-json\/wp\/v2\/media\/103038"}],"wp:attachment":[{"href":"https:\/\/www.europesays.com\/fi\/wp-json\/wp\/v2\/media?parent=103037"}],"wp:term":[{"taxonomy":"category","embeddable":true,"href":"https:\/\/www.europesays.com\/fi\/wp-json\/wp\/v2\/categories?post=103037"},{"taxonomy":"post_tag","embeddable":true,"href":"https:\/\/www.europesays.com\/fi\/wp-json\/wp\/v2\/tags?post=103037"}],"curies":[{"name":"wp","href":"https:\/\/api.w.org\/{rel}","templated":true}]}}