{"id":103039,"date":"2025-11-29T09:29:09","date_gmt":"2025-11-29T09:29:09","guid":{"rendered":"https:\/\/www.europesays.com\/fi\/103039\/"},"modified":"2025-11-29T09:29:09","modified_gmt":"2025-11-29T09:29:09","slug":"dramaattinen-kaanne-amazing-race-jaksossa-kilpailija-joutuu-tiputukseen-joudumme-keskeyttamaan","status":"publish","type":"post","link":"https:\/\/www.europesays.com\/fi\/103039\/","title":{"rendered":"Dramaattinen k\u00e4\u00e4nne Amazing Race -jaksossa \u2013 Kilpailija joutuu tiputukseen: \u201dJoudumme keskeytt\u00e4m\u00e4\u00e4n\u201d"},"content":{"rendered":"<p>Amazing Race Suomen kolmannessa jaksossa kuullaan ik\u00e4vi\u00e4 uutisia. VARO JUONIPALJASTUKSIA!<\/p>\n<p><img decoding=\"async\" class=\"image image-show image-preview\" src=\"https:\/\/www.europesays.com\/fi\/wp-content\/uploads\/2025\/11\/86c6fe356508316ea209ed587566d2c7171770fd00697efb103295edd027ba4d.jpg\" alt=\"\"\/><img decoding=\"async\" class=\"image image-show\" src=\"https:\/\/www.europesays.com\/fi\/wp-content\/uploads\/2025\/11\/1764408549_333_86c6fe356508316ea209ed587566d2c7171770fd00697efb103295edd027ba4d.jpg\" alt=\"\"\/><\/p>\n<p>Amazing Race -kilpailijat matkustavat Thaimaahan. Nelonen<\/p>\n<p class=\"paragraph\">Amazing Race Suomen kolmannessa jaksossa kilpailijat hyv\u00e4stelev\u00e4t Kambod\u017ean ja matkustavat Thaimaahan Chiang Main kaupunkiin.<\/p>\n<p class=\"paragraph\">Helteiset ja eksoottiset s\u00e4\u00e4t ovat kuitenkin sotkeneet kilpailun kulkua. Jakson alussa n\u00e4hd\u00e4\u00e4n, kun ambulanssi on pys\u00e4k\u00f6inyt kilpailijoiden hotellin edustalle.<\/p>\n<p class=\"paragraph\">Tubettaja <a href=\"https:\/\/www.iltalehti.fi\/henkilot\/Jaakko Parkkali\" class=\"article-link-person-page\" rel=\"nofollow noopener\" target=\"_blank\">Jaakko Parkkali<\/a> makaa vuoteella. H\u00e4n on tiputuksessa.<\/p>\n<p class=\"paragraph\">\u2013 Her\u00e4sin eilen y\u00f6ll\u00e4 pari kertaa siihen, ett\u00e4 Jaakko oli vessassa, kuume oli ilmeisen korkealla. Vatsatautikin oli tullut siihen p\u00e4\u00e4lle. Oli todella vaikeaa kuunnella parasta kaveria, oli todella tuskainen y\u00f6, Parkkalin yst\u00e4v\u00e4 <a href=\"https:\/\/www.iltalehti.fi\/henkilot\/Arttu Lindeman\" class=\"article-link-person-page\" rel=\"nofollow noopener\" target=\"_blank\">Arttu Lindeman<\/a> kertoo.<\/p>\n<p class=\"paragraph\">Ohjelmassa n\u00e4kyy, kun hoitajat tutkivat ja auttavat Parkkalia. Parkkali kertoo my\u00f6s itse voinnistaan.<\/p>\n<p class=\"paragraph\">\u2013 L\u00e4\u00e4k\u00e4ri sanoi, ett\u00e4 nyt kuume on niin kova ja vatsap\u00f6p\u00f6 jyll\u00e4\u00e4 niin kovana, ett\u00e4 jos l\u00e4htee kilpailemaan, on syd\u00e4nlihastulehduksen riski niin korkea, ett\u00e4 ei voi mitenk\u00e4\u00e4n l\u00e4hte\u00e4, Parkkali kertoo.<\/p>\n<p class=\"paragraph\">\u2013 Nyt joudumme keskeytt\u00e4m\u00e4\u00e4n kilpailun. Meitsi on aika out, Parkkali jatkaa surkeana.<\/p>\n<p>Jaakko Parkkali ja Arttu Lindeman keskeyttiv\u00e4t Amazing Race -kilpailun. Nelonen<\/p>\n<p class=\"paragraph\">Lindeman istuu Parkkalin vuoteen vieress\u00e4 ja harmittelee tilannetta.<\/p>\n<p class=\"paragraph\">\u2013 En olisi uskonut, ett\u00e4 t\u00e4m\u00e4 t\u00e4ll\u00e4 tavalla p\u00e4\u00e4ttyy. Kyll\u00e4 min\u00e4 n\u00e4in meid\u00e4t ennemmin Velodromilla Heikin matolla kuin Chiang Maissa. \u00c4ij\u00e4 on ihan <a href=\"https:\/\/www.iltalehti.fi\/henkilot\/Andy McCoy\" class=\"article-link-person-page\" rel=\"nofollow noopener\" target=\"_blank\">Andy McCoy<\/a>, Lindeman vitsailee.<\/p>\n<p class=\"paragraph\">\u2013 Pettymys on suuri, kun kilpailu j\u00e4i kesken. Turha sit\u00e4 on kiist\u00e4\u00e4. T\u00e4m\u00e4 on ollut ihan mielet\u00f6n matka, olemme p\u00e4\u00e4sseet n\u00e4kem\u00e4\u00e4n sellaisia paikkoja, mihin emme olisi muuten p\u00e4\u00e4sseet. Olemme viett\u00e4neet niin paljon aikaa parhaan kaverin kanssa yhdess\u00e4, ett\u00e4 olemme l\u00f6yt\u00e4neet uusia tasoja yst\u00e4vyydest\u00e4mme. Vaikka valitettavan lyhyt oli matka, olemme todella kiitollisia, ett\u00e4 p\u00e4\u00e4simme messiin, Lindeman summaa.<\/p>\n<p>Jaakko kommentoi<\/p>\n<p class=\"paragraph\">Parkkali kommentoi tilannetta h\u00e4nen ja Lindemanin puolesta Iltalehdelle. Parkkali kertoo, ett\u00e4 h\u00e4nelle nousi kuume jo Kambod\u017eassa, jossa h\u00e4n sai s\u00e4rkyl\u00e4\u00e4kett\u00e4 oireiden taltuttamiseksi. My\u00f6s lentomatka Thaimaahan meni kuumeisissa tunnelmissa.<\/p>\n<p class=\"paragraph\">\u2013 Lopulta tilanne iski p\u00e4in kasvoja. Kisa-aamuna hotelliimme tuli ambulanssi ja tuotannon porukkaa. Jouduin tiputukseen, koska kroppa oli aivan tyhj\u00e4, Parkkali muistelee.<\/p>\n<p class=\"paragraph\">\u2013 Olin todella huonossa kunnossa ihan s\u00e4nkypotilaana. Kuume oli todella korkea ja oli my\u00f6s flunssan oireita. Oli vaikea puhua ja hikoilutti. Sitten, kun tuli viel\u00e4 vatsap\u00f6p\u00f6, menin ihan kuivaksi ja maihin. Se oli kaikista ik\u00e4vin.<\/p>\n<p class=\"paragraph\">Parkkali oli s\u00e4nkypotilaana usean p\u00e4iv\u00e4n ajan, eik\u00e4 h\u00e4n p\u00e4\u00e4ssyt liikkumaan hotellihuoneesta ulos. Tauti ei tarttunut Lindemaniin, vaikka h\u00e4n olikin Parkkalin kanssa samassa huoneessa.<\/p>\n<p>Parkkalin mukaan huonovointisuus kesti useita p\u00e4ivi\u00e4. Elle Laitila<\/p>\n<p class=\"paragraph\">Nesteytyksen ja levon ansiosta Parkkalin olo kohentui ja lopulta he p\u00e4\u00e4siv\u00e4t lent\u00e4m\u00e4\u00e4n takaisin Suomeen.<\/p>\n<p class=\"paragraph\">\u2013 Eih\u00e4n t\u00e4lle voi mit\u00e4\u00e4n. Todella harmi homma ja suuri pettymys tietenkin. Lohduttavaa tietenkin, ett\u00e4 p\u00e4\u00e4t\u00f6s lopettamisesta tulee tuolla tavalla ja joku, t\u00e4ss\u00e4 tapauksessa l\u00e4\u00e4k\u00e4ri, tekee sen puolestamme.<\/p>\n<p class=\"paragraph\">Parkkali p\u00e4\u00e4si ohjelman kautta ensimm\u00e4ist\u00e4 kertaa k\u00e4ym\u00e4\u00e4n Kambod\u017eassa. H\u00e4nelle j\u00e4i  ohjelmasta hyvi\u00e4 muistoja yhdess\u00e4 parhaan yst\u00e4v\u00e4ns\u00e4 kanssa.<\/p>\n<p class=\"paragraph\">\u2013 Edelleen kiit\u00e4n Arttua, ett\u00e4 h\u00e4n pyysi minut parikseen t\u00e4h\u00e4n ohjelmaan. Meill\u00e4 oli tosi hyv\u00e4 meininki ja mit\u00e4 ensimm\u00e4isist\u00e4 jaksoista on n\u00e4hnyt, sinne on tullut hyv\u00e4\u00e4 materiaalia, Parkkali p\u00e4\u00e4tt\u00e4\u00e4.<\/p>\n<p class=\"paragraph\">My\u00f6s <strong>Esko Rotola-Pukkilalla<\/strong> ja <a href=\"https:\/\/www.iltalehti.fi\/henkilot\/Tomas Grekov\" class=\"article-link-person-page\" rel=\"nofollow noopener\" target=\"_blank\">Tomas Grekovilla<\/a> on ollut terveyshuolia. Rotola-Pukkila k\u00e4rsi useamman p\u00e4iv\u00e4n ajan omien sanojensa mukaan \u201dkurapaskasta\u201d.<\/p>\n<p class=\"paragraph\">\u2013 Edellinen etappi oli kyll\u00e4 aivan hirve\u00e4. Aivan kauheaa. \u00c4ij\u00e4 p\u00e4\u00e4si tiputukseen sen j\u00e4lkeen, ja nyt on taas kaikki hyvin, Grekov sanoo kolmannessa jaksossa tarkoittaen Rotola-Pukkilaa.<\/p>\n<p class=\"paragraph\">\u2013 Nyt ollaan iskussa, taas, Rotola-Pukkila p\u00e4\u00e4tt\u00e4\u00e4.<\/p>\n<p class=\"paragraph\">Amazing Race Suomi -ohjelma lauantaisin kello 19.30 Nelosella ja Ruudussa. <a href=\"https:\/\/www.iltalehti.fi\/telkku\" rel=\"nofollow noopener\" target=\"_blank\">Katso kaikki ohjelmatiedot ja l\u00e4hetysajat Telkusta.<\/a><\/p>\n","protected":false},"excerpt":{"rendered":"Amazing Race Suomen kolmannessa jaksossa kuullaan ik\u00e4vi\u00e4 uutisia. VARO JUONIPALJASTUKSIA! Amazing Race -kilpailijat matkustavat Thaimaahan. Nelonen Amazing Race&hellip;\n","protected":false},"author":2,"featured_media":103040,"comment_status":"","ping_status":"","sticky":false,"template":"","format":"standard","meta":{"footnotes":""},"categories":[133],"tags":[35,137,33,31,30,2461,764,32,765,206,167,140,139,156,109],"class_list":{"0":"post-103039","1":"post","2":"type-post","3":"status-publish","4":"format-standard","5":"has-post-thumbnail","7":"category-televisiot","8":"tag-24h","9":"tag-entertainment","10":"tag-fi","11":"tag-finland","12":"tag-finnish","13":"tag-sairaalat-ja-terveyskeskukset","14":"tag-sairaudet","15":"tag-suomi","16":"tag-taudit-ja-hairiot","17":"tag-televisiot","18":"tag-terveys","19":"tag-tv-ja-elokuvat","20":"tag-tv-ohjelmat","21":"tag-tv","22":"tag-viihde"},"share_on_mastodon":{"url":"https:\/\/pubeurope.com\/@fi\/115632286411572263","error":""},"_links":{"self":[{"href":"https:\/\/www.europesays.com\/fi\/wp-json\/wp\/v2\/posts\/103039","targetHints":{"allow":["GET"]}}],"collection":[{"href":"https:\/\/www.europesays.com\/fi\/wp-json\/wp\/v2\/posts"}],"about":[{"href":"https:\/\/www.europesays.com\/fi\/wp-json\/wp\/v2\/types\/post"}],"author":[{"embeddable":true,"href":"https:\/\/www.europesays.com\/fi\/wp-json\/wp\/v2\/users\/2"}],"replies":[{"embeddable":true,"href":"https:\/\/www.europesays.com\/fi\/wp-json\/wp\/v2\/comments?post=103039"}],"version-history":[{"count":0,"href":"https:\/\/www.europesays.com\/fi\/wp-json\/wp\/v2\/posts\/103039\/revisions"}],"wp:featuredmedia":[{"embeddable":true,"href":"https:\/\/www.europesays.com\/fi\/wp-json\/wp\/v2\/media\/103040"}],"wp:attachment":[{"href":"https:\/\/www.europesays.com\/fi\/wp-json\/wp\/v2\/media?parent=103039"}],"wp:term":[{"taxonomy":"category","embeddable":true,"href":"https:\/\/www.europesays.com\/fi\/wp-json\/wp\/v2\/categories?post=103039"},{"taxonomy":"post_tag","embeddable":true,"href":"https:\/\/www.europesays.com\/fi\/wp-json\/wp\/v2\/tags?post=103039"}],"curies":[{"name":"wp","href":"https:\/\/api.w.org\/{rel}","templated":true}]}}