{"id":103043,"date":"2025-11-29T09:34:11","date_gmt":"2025-11-29T09:34:11","guid":{"rendered":"https:\/\/www.europesays.com\/fi\/103043\/"},"modified":"2025-11-29T09:34:11","modified_gmt":"2025-11-29T09:34:11","slug":"ansku-bergstrom-avautui-treffeistaan-olihan-se-aikamoinen-kokemus-stara-fi","status":"publish","type":"post","link":"https:\/\/www.europesays.com\/fi\/103043\/","title":{"rendered":"Ansku Bergstr\u00f6m avautui treffeist\u00e4\u00e4n \u2013 \u201dOlihan se aikamoinen kokemus\u201d \u2013 Stara.fi"},"content":{"rendered":"<p>Suomalaisille varsinkin Tanssii t\u00e4htien kanssa -ohjelmasta tutuksi tullut tanssija Ansku Bergstr\u00f6m on ollut viime aikoina otsikoissa l\u00e4hinn\u00e4 ihmissuhteidensa merkeiss\u00e4, mutta taannoin h\u00e4n kertoi olevansa eron j\u00e4lkeen taas uudessa parisuhteessa. Nyt vuorossa on ollut treffi-ilta.<\/p>\n<p>Ansku ja seuralainen suuntasivat viett\u00e4m\u00e4\u00e4n treffej\u00e4 t\u00e4ll\u00e4 kertaa pakohuoneeseen, jossa ihmissuhteen pannaan tunnetusti koetukselle. T\u00e4ll\u00e4 kertaa pakohuoneesta j\u00e4i erin\u00e4isen s\u00e4\u00e4t\u00e4misen j\u00e4lkeen kuitenkin mit\u00e4 ilmeisimmin hyv\u00e4t kokemukset.<\/p>\n<p>\u2013 Olihan se aikamoinen kokemus. Alkuun oli pient\u00e4 s\u00e4\u00e4t\u00f6\u00e4, koska m\u00e4\u00e4 oon p\u00e4\u00e4ttelyteht\u00e4viss\u00e4 todella huono. Aikaa meni v\u00e4h\u00e4n turhaan mun s\u00e4\u00e4t\u00e4miseen. Yritin ep\u00e4toivoisesti tunkea avainta lukkoon mihin sit\u00e4 ei ollut todellakaan tarkoitettu. Toimittiin hyvin yhteen esim. morsetus-\u00e4\u00e4nen kuuntelu oli mulle helpompaa ja pystyin keskittym\u00e4\u00e4n siihen, kun toinen osapuoli oli aivot ja mietti \u00e4lyll\u00e4, Ansku Bergstr\u00f6m kommentoi treffien aktiviteettia.<\/p>\n<p>Bergstr\u00f6m paljasti my\u00f6s, ett\u00e4 he olivat p\u00e4\u00e4sseet haastetta eteenp\u00e4in kolmen huoneen verran, kun aika loppui. Tiedossa ei ole saivatko he j\u00e4rjest\u00e4j\u00e4lt\u00e4 miten paljon tukea teht\u00e4vien suorittamiseen. Monissa pakohuoneissa apua annetaan esimerkiksi \u00e4\u00e4nentoiston kautta, jos teht\u00e4v\u00e4t eiv\u00e4t ota edisty\u00e4kseen.<\/p>\n<p>\u2013 T\u00e4\u00e4 oli silti super hauskaa ja nyt voi nauraa, kun on p\u00e4\u00e4ssyt pahimman pettymyksen yli. Ens viikolla uusia juttuja, Ansku kertoi.<\/p>\n<blockquote class=\"instagram-media\" data-instgrm-captioned=\"\" data-instgrm-permalink=\"https:\/\/www.instagram.com\/reel\/DRkDHwGjGJN\/?utm_source=ig_embed&amp;utm_campaign=loading\" data-instgrm-version=\"14\" style=\" background:#FFF; border:0; border-radius:3px; box-shadow:0 0 1px 0 rgba(0,0,0,0.5),0 1px 10px 0 rgba(0,0,0,0.15); margin: 1px; max-width:540px; min-width:326px; padding:0; width:99.375%; width:-webkit-calc(100% - 2px); width:calc(100% - 2px);\">\n<\/blockquote>\n<p>\n\t\t\t\tVoit lukea Starassa my\u00f6s lis\u00e4\u00e4 t\u00e4h\u00e4n kyseiseen artikkeliin liittyvist\u00e4 aiheista, kuten <a href=\"https:\/\/www.stara.fi\/asiasanat\/ansku-bergstrom\/\" rel=\"tag nofollow noopener\" target=\"_blank\">Ansku Bergstr\u00f6m<\/a> tai laajemmin aihealueesta <a href=\"https:\/\/www.stara.fi\/category\/viihdeuutiset\/\" rel=\"category tag nofollow noopener\" target=\"_blank\">Viihdeuutiset<\/a>.\n\t\t\t<\/p>\n<p>\t\t\t\t\t<script async src=\"\/\/www.instagram.com\/embed.js\"><\/script><\/p>\n","protected":false},"excerpt":{"rendered":"Suomalaisille varsinkin Tanssii t\u00e4htien kanssa -ohjelmasta tutuksi tullut tanssija Ansku Bergstr\u00f6m on ollut viime aikoina otsikoissa l\u00e4hinn\u00e4 ihmissuhteidensa&hellip;\n","protected":false},"author":2,"featured_media":103044,"comment_status":"","ping_status":"","sticky":false,"template":"","format":"standard","meta":{"footnotes":""},"categories":[130],"tags":[137,33,31,30,32,109],"class_list":{"0":"post-103043","1":"post","2":"type-post","3":"status-publish","4":"format-standard","5":"has-post-thumbnail","7":"category-viihde","8":"tag-entertainment","9":"tag-fi","10":"tag-finland","11":"tag-finnish","12":"tag-suomi","13":"tag-viihde"},"share_on_mastodon":{"url":"https:\/\/pubeurope.com\/@fi\/115632305843955275","error":""},"_links":{"self":[{"href":"https:\/\/www.europesays.com\/fi\/wp-json\/wp\/v2\/posts\/103043","targetHints":{"allow":["GET"]}}],"collection":[{"href":"https:\/\/www.europesays.com\/fi\/wp-json\/wp\/v2\/posts"}],"about":[{"href":"https:\/\/www.europesays.com\/fi\/wp-json\/wp\/v2\/types\/post"}],"author":[{"embeddable":true,"href":"https:\/\/www.europesays.com\/fi\/wp-json\/wp\/v2\/users\/2"}],"replies":[{"embeddable":true,"href":"https:\/\/www.europesays.com\/fi\/wp-json\/wp\/v2\/comments?post=103043"}],"version-history":[{"count":0,"href":"https:\/\/www.europesays.com\/fi\/wp-json\/wp\/v2\/posts\/103043\/revisions"}],"wp:featuredmedia":[{"embeddable":true,"href":"https:\/\/www.europesays.com\/fi\/wp-json\/wp\/v2\/media\/103044"}],"wp:attachment":[{"href":"https:\/\/www.europesays.com\/fi\/wp-json\/wp\/v2\/media?parent=103043"}],"wp:term":[{"taxonomy":"category","embeddable":true,"href":"https:\/\/www.europesays.com\/fi\/wp-json\/wp\/v2\/categories?post=103043"},{"taxonomy":"post_tag","embeddable":true,"href":"https:\/\/www.europesays.com\/fi\/wp-json\/wp\/v2\/tags?post=103043"}],"curies":[{"name":"wp","href":"https:\/\/api.w.org\/{rel}","templated":true}]}}