{"id":103047,"date":"2025-11-29T09:38:08","date_gmt":"2025-11-29T09:38:08","guid":{"rendered":"https:\/\/www.europesays.com\/fi\/103047\/"},"modified":"2025-11-29T09:38:08","modified_gmt":"2025-11-29T09:38:08","slug":"lahtopassit-saaneelta-zelenskyin-luottomiehelta-pahaenteinen-viesti-menen-rintamalle-uutissuomalainen","status":"publish","type":"post","link":"https:\/\/www.europesays.com\/fi\/103047\/","title":{"rendered":"L\u00e4ht\u00f6passit saaneelta Zelenskyin luottomiehelt\u00e4 pahaenteinen viesti \u2013 &#8221;Menen rintamalle&#8221; | Uutissuomalainen"},"content":{"rendered":"<p>New York Post -lehti <a href=\"https:\/\/nypost.com\/2025\/11\/28\/world-news\/andriy-yermak-is-prepared-for-any-reprisals-after-resignation-from-ukraines-govt\/\" rel=\"nofollow noopener\" target=\"_blank\">kertoo<\/a> saaneensa virastaan eronneelta Ukrainan presidentinhallinnon kansliap\u00e4\u00e4llikk\u00f6 <strong>Andri Jermakilta<\/strong> viestin, jossa t\u00e4m\u00e4 kertoo l\u00e4htev\u00e4ns\u00e4 rintamalle.<\/p>\n<p>Presidentti <strong>Volodymyr Zelenskyin<\/strong> kakkosmies erosi teht\u00e4v\u00e4st\u00e4\u00e4n perjantaina pian sen j\u00e4lkeen, kun korruptioviranomaiset tekiv\u00e4t ratsian h\u00e4nen kotiinsa.<\/p>\n<p>NY Post kertoo saaneensa perjantaina Jermakilta viestin tunteja t\u00e4m\u00e4n eroilmoituksen j\u00e4lkeen.<\/p>\n<p>\u2013 Menen rintamalle ja olen valmis kaikkiin kostotoimiin. Olen rehellinen ja kunnollinen mies, Jermak viestitti lehden mukaan.<\/p>\n<p>Jermakin kerrotaan pyyt\u00e4neen anteeksi, jos h\u00e4n ei en\u00e4\u00e4 vastaa puheluihin. H\u00e4n ei kertonut, milloin tai miten h\u00e4n aikoi menn\u00e4 sotarintamalle. H\u00e4n ei my\u00f6sk\u00e4\u00e4n t\u00e4sment\u00e4nyt, aikooko h\u00e4n v\u00e4rv\u00e4yty\u00e4 Ukrainan asevoimiin.<\/p>\n<p>\u2013 Palvelin Ukrainaa ja olin Kiovassa 24. helmikuuta 2022. Ehk\u00e4 n\u00e4emme toisemme uudelleen. Kunnia Ukrainalle, Jermakin kerrotaan kirjoittaneen.<\/p>\n<p>\u2013 Minut on h\u00e4p\u00e4isty, eik\u00e4 arvokkuuttani ole suojeltu. Siksi en halua aiheuttaa ongelmia Zelenskyille, menen rintamalle. Minua kuvottaa minuun kohdistunut roska ja viel\u00e4 kuvottuneempi tuen puutteesta niilt\u00e4, jotka tiet\u00e4v\u00e4t totuuden, lehti lainaa viesti\u00e4.<\/p>\n<p>Jermakin kotiin tehty ratsia liittyi Ukrainan korruptionvastaisten viranomaisten operaatioon, jonka kohteena on Ukrainan suurin energiayhti\u00f6 Enerhoatom.<\/p>\n<p>Aiemmin t\u00e4ss\u00e4 kuussa Nabu kertoi tutkivansa mittavaa energiasektorin korruptiovyyhti\u00e4. Korruptioskandaali on her\u00e4tt\u00e4nyt kansalaisissa raivoa, sill\u00e4 Ven\u00e4j\u00e4 kohdistaa iskuja usein juuri Ukrainan energiaj\u00e4rjestelm\u00e4\u00e4n, mik\u00e4 aiheuttaa s\u00e4hk\u00f6katkoja ja saattaa katkaista l\u00e4mmityksen talvioloissa.<\/p>\n","protected":false},"excerpt":{"rendered":"New York Post -lehti kertoo saaneensa virastaan eronneelta Ukrainan presidentinhallinnon kansliap\u00e4\u00e4llikk\u00f6 Andri Jermakilta viestin, jossa t\u00e4m\u00e4 kertoo l\u00e4htev\u00e4ns\u00e4&hellip;\n","protected":false},"author":2,"featured_media":103048,"comment_status":"","ping_status":"","sticky":false,"template":"","format":"standard","meta":{"footnotes":""},"categories":[14],"tags":[22,23,26,27,33,31,30,17,3488,24,25,28,29,15,18,21,142,637,3383,32,19,20,549,56,16,4645,59,60,61],"class_list":{"0":"post-103047","1":"post","2":"type-post","3":"status-publish","4":"format-standard","5":"has-post-thumbnail","7":"category-ulkomaat","8":"tag-breaking-news","9":"tag-breakingnews","10":"tag-featured-news","11":"tag-featurednews","12":"tag-fi","13":"tag-finland","14":"tag-finnish","15":"tag-headlines","16":"tag-kiova","17":"tag-latest-news","18":"tag-latestnews","19":"tag-main-news","20":"tag-mainnews","21":"tag-news","22":"tag-otsikot","23":"tag-paauutiset","24":"tag-poliitikot","25":"tag-politiikka","26":"tag-sahkokatkos","27":"tag-suomi","28":"tag-top-stories","29":"tag-topstories","30":"tag-ukrainan-sota","31":"tag-ulkomaat","32":"tag-uutiset","33":"tag-viranomaiset","34":"tag-world","35":"tag-world-news","36":"tag-worldnews"},"share_on_mastodon":{"url":"https:\/\/pubeurope.com\/@fi\/115632321601022345","error":""},"_links":{"self":[{"href":"https:\/\/www.europesays.com\/fi\/wp-json\/wp\/v2\/posts\/103047","targetHints":{"allow":["GET"]}}],"collection":[{"href":"https:\/\/www.europesays.com\/fi\/wp-json\/wp\/v2\/posts"}],"about":[{"href":"https:\/\/www.europesays.com\/fi\/wp-json\/wp\/v2\/types\/post"}],"author":[{"embeddable":true,"href":"https:\/\/www.europesays.com\/fi\/wp-json\/wp\/v2\/users\/2"}],"replies":[{"embeddable":true,"href":"https:\/\/www.europesays.com\/fi\/wp-json\/wp\/v2\/comments?post=103047"}],"version-history":[{"count":0,"href":"https:\/\/www.europesays.com\/fi\/wp-json\/wp\/v2\/posts\/103047\/revisions"}],"wp:featuredmedia":[{"embeddable":true,"href":"https:\/\/www.europesays.com\/fi\/wp-json\/wp\/v2\/media\/103048"}],"wp:attachment":[{"href":"https:\/\/www.europesays.com\/fi\/wp-json\/wp\/v2\/media?parent=103047"}],"wp:term":[{"taxonomy":"category","embeddable":true,"href":"https:\/\/www.europesays.com\/fi\/wp-json\/wp\/v2\/categories?post=103047"},{"taxonomy":"post_tag","embeddable":true,"href":"https:\/\/www.europesays.com\/fi\/wp-json\/wp\/v2\/tags?post=103047"}],"curies":[{"name":"wp","href":"https:\/\/api.w.org\/{rel}","templated":true}]}}