{"id":103049,"date":"2025-11-29T09:39:11","date_gmt":"2025-11-29T09:39:11","guid":{"rendered":"https:\/\/www.europesays.com\/fi\/103049\/"},"modified":"2025-11-29T09:39:11","modified_gmt":"2025-11-29T09:39:11","slug":"poliisit-halytettiin-mcdonaldsin-autokaistalle-rovaniemella","status":"publish","type":"post","link":"https:\/\/www.europesays.com\/fi\/103049\/","title":{"rendered":"Poliisit h\u00e4lytettiin McDonald\u2019sin autokaistalle Rovaniemell\u00e4"},"content":{"rendered":"<p>Kuljettajaa ep\u00e4ill\u00e4\u00e4n t\u00f6rke\u00e4st\u00e4 rattijuopumuksesta ja niskoittelusta poliisia vastaan.<\/p>\n<p><img decoding=\"async\" class=\"image image-show image-preview\" src=\"https:\/\/www.europesays.com\/fi\/wp-content\/uploads\/2025\/08\/cbf5b2e7e8733e96f6fc601949faf508f00307fd462fadde5b06dfa2a42b060e.jpg\" alt=\"\"\/><img decoding=\"async\" class=\"image image-show\" src=\"https:\/\/www.europesays.com\/fi\/wp-content\/uploads\/2025\/08\/1756655543_422_cbf5b2e7e8733e96f6fc601949faf508f00307fd462fadde5b06dfa2a42b060e.jpg\" alt=\"\"\/><\/p>\n<p>Humalainen autoilija her\u00e4tti huomiota hampurilaisravintolan autokaistalla. Kuvituskuva. EPA \/ AOP<\/p>\n<p class=\"paragraph\">Lapin poliisi tiedottaa ottaneensa kiinni autoilijan, joka t\u00f6rtt\u00f6ili rovaniemel\u00e4isen McDonald\u2019sin autokaistalla.<\/p>\n<p class=\"paragraph\">T\u00e4n\u00e4\u00e4n lauantaina aamuy\u00f6st\u00e4 poliisi sai ilmoituksen p\u00e4ihtyneen oloisesta henkil\u00f6auton kuljettajasta McDonald\u2019sin autokaistalla.<\/p>\n<p class=\"paragraph\">Poliisi pyrki pys\u00e4ytt\u00e4m\u00e4\u00e4n kuljettajaa pys\u00e4ytysvalolla sek\u00e4 h\u00e4lytysvaloilla. Kuljettaja kuitenkin jatkoi ajoaan kiihdytellen vauhtia. Lopulta kuljettaja jouduttiin pys\u00e4ytt\u00e4m\u00e4\u00e4n ajamalla partioauto henkil\u00f6auton eteen.<\/p>\n<p class=\"paragraph\">Kuljettajaa ep\u00e4ill\u00e4\u00e4n t\u00f6rke\u00e4st\u00e4 rattijuopumuksesta ja niskoittelusta poliisia vastaan.<\/p>\n","protected":false},"excerpt":{"rendered":"Kuljettajaa ep\u00e4ill\u00e4\u00e4n t\u00f6rke\u00e4st\u00e4 rattijuopumuksesta ja niskoittelusta poliisia vastaan. Humalainen autoilija her\u00e4tti huomiota hampurilaisravintolan autokaistalla. Kuvituskuva. EPA \/ AOP&hellip;\n","protected":false},"author":2,"featured_media":103050,"comment_status":"","ping_status":"","sticky":false,"template":"","format":"standard","meta":{"footnotes":""},"categories":[12],"tags":[35,22,23,26,27,33,31,30,17,55,24,25,121,28,29,15,18,21,54,52,32,128,19,20,16],"class_list":{"0":"post-103049","1":"post","2":"type-post","3":"status-publish","4":"format-standard","5":"has-post-thumbnail","7":"category-suomi","8":"tag-24h","9":"tag-breaking-news","10":"tag-breakingnews","11":"tag-featured-news","12":"tag-featurednews","13":"tag-fi","14":"tag-finland","15":"tag-finnish","16":"tag-headlines","17":"tag-lainvalvonta","18":"tag-latest-news","19":"tag-latestnews","20":"tag-liikenne-ja-kuljetus","21":"tag-main-news","22":"tag-mainnews","23":"tag-news","24":"tag-otsikot","25":"tag-paauutiset","26":"tag-pelastuspalvelut","27":"tag-poliisi","28":"tag-suomi","29":"tag-tieliikenne","30":"tag-top-stories","31":"tag-topstories","32":"tag-uutiset"},"share_on_mastodon":{"url":"https:\/\/pubeurope.com\/@fi\/115632325986562159","error":""},"_links":{"self":[{"href":"https:\/\/www.europesays.com\/fi\/wp-json\/wp\/v2\/posts\/103049","targetHints":{"allow":["GET"]}}],"collection":[{"href":"https:\/\/www.europesays.com\/fi\/wp-json\/wp\/v2\/posts"}],"about":[{"href":"https:\/\/www.europesays.com\/fi\/wp-json\/wp\/v2\/types\/post"}],"author":[{"embeddable":true,"href":"https:\/\/www.europesays.com\/fi\/wp-json\/wp\/v2\/users\/2"}],"replies":[{"embeddable":true,"href":"https:\/\/www.europesays.com\/fi\/wp-json\/wp\/v2\/comments?post=103049"}],"version-history":[{"count":0,"href":"https:\/\/www.europesays.com\/fi\/wp-json\/wp\/v2\/posts\/103049\/revisions"}],"wp:featuredmedia":[{"embeddable":true,"href":"https:\/\/www.europesays.com\/fi\/wp-json\/wp\/v2\/media\/103050"}],"wp:attachment":[{"href":"https:\/\/www.europesays.com\/fi\/wp-json\/wp\/v2\/media?parent=103049"}],"wp:term":[{"taxonomy":"category","embeddable":true,"href":"https:\/\/www.europesays.com\/fi\/wp-json\/wp\/v2\/categories?post=103049"},{"taxonomy":"post_tag","embeddable":true,"href":"https:\/\/www.europesays.com\/fi\/wp-json\/wp\/v2\/tags?post=103049"}],"curies":[{"name":"wp","href":"https:\/\/api.w.org\/{rel}","templated":true}]}}