{"id":103051,"date":"2025-11-29T09:40:07","date_gmt":"2025-11-29T09:40:07","guid":{"rendered":"https:\/\/www.europesays.com\/fi\/103051\/"},"modified":"2025-11-29T09:40:07","modified_gmt":"2025-11-29T09:40:07","slug":"elina-valtonen-ylella-ukrainan-tilanteesta-putinille-ei-voida-antaa-anteeksi","status":"publish","type":"post","link":"https:\/\/www.europesays.com\/fi\/103051\/","title":{"rendered":"Elina Valtonen Ylell\u00e4 Ukrainan tilanteesta: Putinille ei voida antaa anteeksi"},"content":{"rendered":"<p>Valtonen vertasi Ven\u00e4j\u00e4\u00e4 vastaan k\u00e4ynnistett\u00e4vi\u00e4 sotarikosoikeudenk\u00e4yntej\u00e4 natsijohtajien oikeudenk\u00e4ynteihin toisen maailmansodan j\u00e4lkeen.<\/p>\n<p class=\"article-body mb-nof-24 px-nof-16\">Ulkoministeri <a class=\"article-personlink\" href=\"https:\/\/www.is.fi\/haku\/?query=Elina%20Valtonen\" rel=\"nofollow noopener\" target=\"_blank\">Elina Valtonen<\/a> (kok) toteaa Ylen Ykk\u00f6saamussa, ett\u00e4 Ven\u00e4j\u00e4n presidentin <a class=\"article-personlink\" href=\"https:\/\/www.is.fi\/haku\/?query=Vladimir%20Putinin\" rel=\"nofollow noopener\" target=\"_blank\">Vladimir Putinin<\/a> tekemi\u00e4 sotarikoksia ei voida antaa anteeksi.<\/p>\n<p class=\"article-body mb-nof-24 px-nof-16\">Sotarikollisten armahtaminen on ollut osa Ven\u00e4j\u00e4n ja Yhdysvaltain 28 kohdan suunnitelmaa. Kansainv\u00e4linen rikostuomioistuin (ICC) on etsint\u00e4kuuluttanut Putinin sotarikosten takia.<\/p>\n<p class=\"article-body mb-nof-24 px-nof-16\">Valtonen totesi Ylelle, ett\u00e4 sotarikosten tuomitseminen on t\u00e4rke\u00e4\u00e4. H\u00e4nen mukaansa Euroopan neuvostossa kehitet\u00e4\u00e4n tuomioistuinta, jossa tuomittaisiin Ven\u00e4j\u00e4n hy\u00f6kk\u00e4ysrikos Ukrainaan. H\u00e4n vertasi suunnitelmaa N\u00fcrnbergin oikeudenk\u00e4ynteihin, joissa natsijohtajia tuomittiin toisen maailmasodan j\u00e4lkeen.<\/p>\n<p class=\"article-body mb-nof-24 px-nof-16\">Valtonen kertoi olevansa erityisen huolissaan siit\u00e4, millainen uhka alueluovutukset Ukrainassa olisivat. H\u00e4nen mukaansa Ven\u00e4j\u00e4n uhka kasvaisi entisest\u00e4\u00e4n, jos se saisi valtaansa Donetskin alueen vahvasti linnoitetut osat, jotka ovat viel\u00e4 Ukrainan hallussa.<\/p>\n<p class=\"article-body mb-nof-24 px-nof-16\">Lis\u00e4ksi Valtosen mukaan alueluovutukset olisivat vaarallinen ennakkotapaus, joka johtaisi kasvaviin j\u00e4nnitteisiin my\u00f6s muualla maailmassa.<\/p>\n<p class=\"article-body mb-nof-24 px-nof-16\">Valtosen mukaan olisi t\u00e4rke\u00e4\u00e4 saada Ukrainassa aikaan tulitauko, jonka oloissa voitaisiin neuvotella pitk\u00e4kestoisemmasta ja syv\u00e4llisemm\u00e4st\u00e4 rauhasta. Toisaalta Valtonen arvioi, ett\u00e4 Ven\u00e4j\u00e4 ei ole valmis tulitaukoon tai tulemaan vastaan eurooppalaisten toiveissa.<\/p>\n<p class=\"article-body mb-nof-24 px-nof-16\">Valtonen otti kantaa my\u00f6s Ukrainan korruptioskandaaliin, jonka viimeinen kohde on Ukrainan presidentinhallinnon p\u00e4\u00e4llikk\u00f6 <a class=\"article-personlink\" href=\"https:\/\/www.is.fi\/haku\/?query=Andri%20Jermak\" rel=\"nofollow noopener\" target=\"_blank\">Andri Jermak<\/a>. Jermak erosi teht\u00e4v\u00e4st\u00e4\u00e4n t\u00e4ll\u00e4 viikolla.<\/p>\n<p class=\"article-body mb-nof-24 px-nof-16\">Lue lis\u00e4\u00e4: <a class=\"article-genericlink\" href=\"https:\/\/www.is.fi\/ulkomaat\/art-2000011658598.html\" rel=\"nofollow noopener\" target=\"_blank\">Andri Jermak eroaa teht\u00e4v\u00e4st\u00e4\u00e4n \u2013 t\u00e4llainen on skandaalin keskelle ajautunut Zelenskyin kanslia\u00adp\u00e4\u00e4llikk\u00f6<\/a><\/p>\n<p class=\"article-body mb-nof-24 px-nof-16\">Valtonen totesi Ylell\u00e4, ett\u00e4 on \u201derinomaista\u201d, ett\u00e4 Ukrainan korruptionvastaiset viranomaiset toimivat, vaikka skandaaleja voidaan hy\u00f6dynt\u00e4\u00e4 Ukrainaa vastaan. Valtonen huomautti, ett\u00e4 Ven\u00e4j\u00e4n korruptio on selv\u00e4sti pahempaa kuin Ukrainassa.<\/p>\n<p class=\"article-body mb-nof-24 px-nof-16\">Rauhanponnistelut jatkuvat. Ukraina ja Yhdysvallat ovat keskustelleet viikonloppuna Yhdysvalloissa rauhansuunnitelman etenemisest\u00e4.<\/p>\n<p class=\"article-body mb-nof-24 px-nof-16\">Euroopassa on laajasti tuomittu Yhdysvaltain ja Ven\u00e4j\u00e4n 28-kohtainen rauhan\u00adsuunnitelma, joka noudatteli Ven\u00e4j\u00e4n intressej\u00e4. Vaihtoehdoksi kehitettiin 19-kohtainen rauhansuunnitelma, jota Ven\u00e4j\u00e4 ei halua hyv\u00e4ksy\u00e4.<\/p>\n","protected":false},"excerpt":{"rendered":"Valtonen vertasi Ven\u00e4j\u00e4\u00e4 vastaan k\u00e4ynnistett\u00e4vi\u00e4 sotarikosoikeudenk\u00e4yntej\u00e4 natsijohtajien oikeudenk\u00e4ynteihin toisen maailmansodan j\u00e4lkeen. Ulkoministeri Elina Valtonen (kok) toteaa Ylen Ykk\u00f6saamussa,&hellip;\n","protected":false},"author":2,"featured_media":103052,"comment_status":"","ping_status":"","sticky":false,"template":"","format":"standard","meta":{"footnotes":""},"categories":[5],"tags":[22,23,26,27,33,31,30,17,34,24,25,28,29,15,18,21,32,19,20,16],"class_list":{"0":"post-103051","1":"post","2":"type-post","3":"status-publish","4":"format-standard","5":"has-post-thumbnail","7":"category-otsikot","8":"tag-breaking-news","9":"tag-breakingnews","10":"tag-featured-news","11":"tag-featurednews","12":"tag-fi","13":"tag-finland","14":"tag-finnish","15":"tag-headlines","16":"tag-ilta-sanomat","17":"tag-latest-news","18":"tag-latestnews","19":"tag-main-news","20":"tag-mainnews","21":"tag-news","22":"tag-otsikot","23":"tag-paauutiset","24":"tag-suomi","25":"tag-top-stories","26":"tag-topstories","27":"tag-uutiset"},"share_on_mastodon":{"url":"https:\/\/pubeurope.com\/@fi\/115632329462198877","error":""},"_links":{"self":[{"href":"https:\/\/www.europesays.com\/fi\/wp-json\/wp\/v2\/posts\/103051","targetHints":{"allow":["GET"]}}],"collection":[{"href":"https:\/\/www.europesays.com\/fi\/wp-json\/wp\/v2\/posts"}],"about":[{"href":"https:\/\/www.europesays.com\/fi\/wp-json\/wp\/v2\/types\/post"}],"author":[{"embeddable":true,"href":"https:\/\/www.europesays.com\/fi\/wp-json\/wp\/v2\/users\/2"}],"replies":[{"embeddable":true,"href":"https:\/\/www.europesays.com\/fi\/wp-json\/wp\/v2\/comments?post=103051"}],"version-history":[{"count":0,"href":"https:\/\/www.europesays.com\/fi\/wp-json\/wp\/v2\/posts\/103051\/revisions"}],"wp:featuredmedia":[{"embeddable":true,"href":"https:\/\/www.europesays.com\/fi\/wp-json\/wp\/v2\/media\/103052"}],"wp:attachment":[{"href":"https:\/\/www.europesays.com\/fi\/wp-json\/wp\/v2\/media?parent=103051"}],"wp:term":[{"taxonomy":"category","embeddable":true,"href":"https:\/\/www.europesays.com\/fi\/wp-json\/wp\/v2\/categories?post=103051"},{"taxonomy":"post_tag","embeddable":true,"href":"https:\/\/www.europesays.com\/fi\/wp-json\/wp\/v2\/tags?post=103051"}],"curies":[{"name":"wp","href":"https:\/\/api.w.org\/{rel}","templated":true}]}}