{"id":103059,"date":"2025-11-29T10:00:08","date_gmt":"2025-11-29T10:00:08","guid":{"rendered":"https:\/\/www.europesays.com\/fi\/103059\/"},"modified":"2025-11-29T10:00:08","modified_gmt":"2025-11-29T10:00:08","slug":"saara-aalto-keskeytti-keikan-syyna-karva","status":"publish","type":"post","link":"https:\/\/www.europesays.com\/fi\/103059\/","title":{"rendered":"Saara Aalto keskeytti keikan \u2013 syyn\u00e4 karva"},"content":{"rendered":"<p>Artisti <strong>Saara Aalto<\/strong> on upea\u00e4\u00e4ninen esiintyj\u00e4. Kaikki h\u00e4nen esiintymisens\u00e4 eiv\u00e4t ole sujuneet t\u00e4ysin ongelmitta. H\u00e4n julkaisi yll\u00e4tt\u00e4en videon vuodelta 2022, jolloin h\u00e4n joutui keskeytt\u00e4m\u00e4\u00e4n keikkansa hetken ajaksi. Syy oli todella erikoinen.<\/p>\n<p>\u2013 Siis APUA mit\u00e4 muistoja vuoden 2022 joulukiertueelta! Oli ihan pakko jakaa huomenna alkavan joulukiertueen kunniaksi. Konsertti on live-tilanne, miss\u00e4 voi sattua mit\u00e4 tahansa, kirjoittaa Aalto.<\/p>\n<p>Lue my\u00f6s: <a href=\"https:\/\/www.voice.fi\/viihde\/moin-sieluni-maria-veitola-katuu-johanna-tukiaisen-haastattelua\" title=\"\u201dM\u00f6in sieluni\u201d \u2013 Maria Veitola katuu Johanna Tukiaisen haastattelua\" class=\"underline-custom !font-montserrat !font-bold !underline-offset-4 !decoration-4 !decoration-tilt-light !text-md\" rel=\"nofollow noopener\" target=\"_blank\">\u201dM\u00f6in sieluni\u201d \u2013 Maria Veitola katuu Johanna Tukiaisen haastattelua<\/a><\/p>\n<p>Videossa n\u00e4hd\u00e4\u00e4n, kuinka juuri laulamassa olevan Aallon ilme muuttuu vakavaksi. Lopulta h\u00e4n kertoo yleis\u00f6lleen iloisempi ilme kasvoillaan, mit\u00e4 h\u00e4nelle juuri sattui.<\/p>\n<p>\u2013 Anteeksi, pieni tauko tied\u00e4ttek\u00f6 mit\u00e4, ihan uskomatonta. Te saatte kokea jotain mit\u00e4 ei ole ikin\u00e4 ennen tapahtunut mun keikalla v\u00e4h\u00e4n siisti\u00e4. Tied\u00e4ttek\u00f6 mit\u00e4, mulla on niin iso karva kurkussa et m\u00e4 en pysty laulamaan, paljastaa Aalto videossaan yleis\u00f6lleen.<\/p>\n<p>Kun Aalto kertoo kurkussa olevasta karvasta, ratkeaa yleis\u00f6 nauramaan. <\/p>\n<p>Jos upotus ei n\u00e4y, avaa se auki <a href=\"https:\/\/www.instagram.com\/reel\/DRkQjqqDDua\/?utm_source=ig_web_copy_link&amp;igsh=MzRlODBiNWFlZA==\" target=\"_blank\" rel=\"noreferrer noopener nofollow\">t\u00e4st\u00e4<\/a>.<\/p>\n<p>\t\t\t<script async src=\"\/\/www.instagram.com\/embed.js\"><\/script><\/p>\n","protected":false},"excerpt":{"rendered":"Artisti Saara Aalto on upea\u00e4\u00e4ninen esiintyj\u00e4. Kaikki h\u00e4nen esiintymisens\u00e4 eiv\u00e4t ole sujuneet t\u00e4ysin ongelmitta. H\u00e4n julkaisi yll\u00e4tt\u00e4en videon&hellip;\n","protected":false},"author":2,"featured_media":103060,"comment_status":"","ping_status":"","sticky":false,"template":"","format":"standard","meta":{"footnotes":""},"categories":[130],"tags":[137,33,31,30,4810,5508,32,109],"class_list":{"0":"post-103059","1":"post","2":"type-post","3":"status-publish","4":"format-standard","5":"has-post-thumbnail","7":"category-viihde","8":"tag-entertainment","9":"tag-fi","10":"tag-finland","11":"tag-finnish","12":"tag-keikka","13":"tag-saara-aalto","14":"tag-suomi","15":"tag-viihde"},"share_on_mastodon":{"url":"https:\/\/pubeurope.com\/@fi\/115632408023767972","error":""},"_links":{"self":[{"href":"https:\/\/www.europesays.com\/fi\/wp-json\/wp\/v2\/posts\/103059","targetHints":{"allow":["GET"]}}],"collection":[{"href":"https:\/\/www.europesays.com\/fi\/wp-json\/wp\/v2\/posts"}],"about":[{"href":"https:\/\/www.europesays.com\/fi\/wp-json\/wp\/v2\/types\/post"}],"author":[{"embeddable":true,"href":"https:\/\/www.europesays.com\/fi\/wp-json\/wp\/v2\/users\/2"}],"replies":[{"embeddable":true,"href":"https:\/\/www.europesays.com\/fi\/wp-json\/wp\/v2\/comments?post=103059"}],"version-history":[{"count":0,"href":"https:\/\/www.europesays.com\/fi\/wp-json\/wp\/v2\/posts\/103059\/revisions"}],"wp:featuredmedia":[{"embeddable":true,"href":"https:\/\/www.europesays.com\/fi\/wp-json\/wp\/v2\/media\/103060"}],"wp:attachment":[{"href":"https:\/\/www.europesays.com\/fi\/wp-json\/wp\/v2\/media?parent=103059"}],"wp:term":[{"taxonomy":"category","embeddable":true,"href":"https:\/\/www.europesays.com\/fi\/wp-json\/wp\/v2\/categories?post=103059"},{"taxonomy":"post_tag","embeddable":true,"href":"https:\/\/www.europesays.com\/fi\/wp-json\/wp\/v2\/tags?post=103059"}],"curies":[{"name":"wp","href":"https:\/\/api.w.org\/{rel}","templated":true}]}}