{"id":103061,"date":"2025-11-29T10:03:08","date_gmt":"2025-11-29T10:03:08","guid":{"rendered":"https:\/\/www.europesays.com\/fi\/103061\/"},"modified":"2025-11-29T10:03:08","modified_gmt":"2025-11-29T10:03:08","slug":"poliisitehtava-mcdonaldsin-autokaistalla-rovaniemella-ilta-sanomat","status":"publish","type":"post","link":"https:\/\/www.europesays.com\/fi\/103061\/","title":{"rendered":"Poliisiteht\u00e4v\u00e4 McDonald\u2019sin autokaistalla Rovaniemell\u00e4 &#8211; Ilta-Sanomat"},"content":{"rendered":"<p>Poliisi yritti pys\u00e4ytt\u00e4\u00e4 kuljettajaa pys\u00e4ytysvalolla ja h\u00e4lytysvaloilla siin\u00e4 onnistumatta.<\/p>\n<p class=\"article-body mb-nof-24 px-nof-16\">Poliisilla oli teht\u00e4v\u00e4 lauantaina aamuy\u00f6ll\u00e4 McDonald\u2019sin autokaistalla Rovaniemell\u00e4.<\/p>\n<p class=\"article-body mb-nof-24 px-nof-16\">Poliisi sai ilmoituksen p\u00e4ihtyneest\u00e4 henkil\u00f6auton kuljettajasta pikaruokaravintolan autokaistalla.<\/p>\n<p class=\"article-body mb-nof-24 px-nof-16\">Poliisi yritti pys\u00e4ytt\u00e4\u00e4 kuljettajaa pys\u00e4ytysvalolla ja h\u00e4lytysvaloilla siin\u00e4 onnistumatta. Kuljettaja jatkoi kiihdyttely\u00e4\u00e4n ja poliisi esti menon jatkumisen ajamalla poliisiauton henkil\u00f6auton eteen.<\/p>\n<p class=\"article-body mb-nof-24 px-nof-16\">Poliisi ep\u00e4ilee kuskia t\u00f6rke\u00e4st\u00e4 rattijuopumuksesta ja niskoittelusta poliisia vastaan.<\/p>\n","protected":false},"excerpt":{"rendered":"Poliisi yritti pys\u00e4ytt\u00e4\u00e4 kuljettajaa pys\u00e4ytysvalolla ja h\u00e4lytysvaloilla siin\u00e4 onnistumatta. Poliisilla oli teht\u00e4v\u00e4 lauantaina aamuy\u00f6ll\u00e4 McDonald\u2019sin autokaistalla Rovaniemell\u00e4. Poliisi&hellip;\n","protected":false},"author":2,"featured_media":103062,"comment_status":"","ping_status":"","sticky":false,"template":"","format":"standard","meta":{"footnotes":""},"categories":[76],"tags":[79,77,33,31,30,34,32,78],"class_list":{"0":"post-103061","1":"post","2":"type-post","3":"status-publish","4":"format-standard","5":"has-post-thumbnail","7":"category-talous","8":"tag-business","9":"tag-economy","10":"tag-fi","11":"tag-finland","12":"tag-finnish","13":"tag-ilta-sanomat","14":"tag-suomi","15":"tag-talous"},"share_on_mastodon":{"url":"https:\/\/pubeurope.com\/@fi\/115632419919186698","error":""},"_links":{"self":[{"href":"https:\/\/www.europesays.com\/fi\/wp-json\/wp\/v2\/posts\/103061","targetHints":{"allow":["GET"]}}],"collection":[{"href":"https:\/\/www.europesays.com\/fi\/wp-json\/wp\/v2\/posts"}],"about":[{"href":"https:\/\/www.europesays.com\/fi\/wp-json\/wp\/v2\/types\/post"}],"author":[{"embeddable":true,"href":"https:\/\/www.europesays.com\/fi\/wp-json\/wp\/v2\/users\/2"}],"replies":[{"embeddable":true,"href":"https:\/\/www.europesays.com\/fi\/wp-json\/wp\/v2\/comments?post=103061"}],"version-history":[{"count":0,"href":"https:\/\/www.europesays.com\/fi\/wp-json\/wp\/v2\/posts\/103061\/revisions"}],"wp:featuredmedia":[{"embeddable":true,"href":"https:\/\/www.europesays.com\/fi\/wp-json\/wp\/v2\/media\/103062"}],"wp:attachment":[{"href":"https:\/\/www.europesays.com\/fi\/wp-json\/wp\/v2\/media?parent=103061"}],"wp:term":[{"taxonomy":"category","embeddable":true,"href":"https:\/\/www.europesays.com\/fi\/wp-json\/wp\/v2\/categories?post=103061"},{"taxonomy":"post_tag","embeddable":true,"href":"https:\/\/www.europesays.com\/fi\/wp-json\/wp\/v2\/tags?post=103061"}],"curies":[{"name":"wp","href":"https:\/\/api.w.org\/{rel}","templated":true}]}}