{"id":103063,"date":"2025-11-29T10:04:10","date_gmt":"2025-11-29T10:04:10","guid":{"rendered":"https:\/\/www.europesays.com\/fi\/103063\/"},"modified":"2025-11-29T10:04:10","modified_gmt":"2025-11-29T10:04:10","slug":"ahdistava-naky-tanaan-tvssa-suomalaisturistit-eivat-suostu-astumaan-sisaan","status":"publish","type":"post","link":"https:\/\/www.europesays.com\/fi\/103063\/","title":{"rendered":"Ahdistava n\u00e4ky t\u00e4n\u00e4\u00e4n tv:ss\u00e4 \u2013 Suomalaisturistit eiv\u00e4t suostu astumaan sis\u00e4\u00e4n"},"content":{"rendered":"<p>Lomalle lompsis -ohjelmassa vieraillaan marokkolaisella nahkatehtaalla. JUTTU SIS\u00c4LT\u00c4\u00c4 PALJASTUKSIA.<\/p>\n<p><img decoding=\"async\" class=\"image image-show image-preview\" src=\"https:\/\/www.europesays.com\/fi\/wp-content\/uploads\/2025\/11\/1ebe3f9eb4480ab8fb54095e329cc2d43a9f3c0be77ffd8571680474d885b6a6.jpg\" alt=\"\"\/><img decoding=\"async\" class=\"image image-show\" src=\"https:\/\/www.europesays.com\/fi\/wp-content\/uploads\/2025\/11\/1764410650_628_1ebe3f9eb4480ab8fb54095e329cc2d43a9f3c0be77ffd8571680474d885b6a6.jpg\" alt=\"\"\/><\/p>\n<p>Muro ja Tino j\u00e4ttiv\u00e4t kierroksen nahkatehtaalla v\u00e4liin. MTV<\/p>\n<p class=\"paragraph\">Lomalle lompsis -ohjelman osallistujat matkustavat t\u00e4m\u00e4n illan jaksossa Marokon Marrakechiin.<\/p>\n<p class=\"paragraph\">Matkaajat p\u00e4\u00e4sev\u00e4t seuraamaan, miten paikalliset valmistavat nahkatuotteita Pohjois-Afrikan auringon alla. Ensin vuohen nahka parkitaan pehmeiksi altaissa, jotka on t\u00e4ytetty vedell\u00e4 ja \u201derilaisilla luonnontuotteilla\u201d, kuten ohjelmassa ilmaistaan.<\/p>\n<p class=\"paragraph\">Heti tehtaalle saapuessaan matkaajat kohtaavat voimakkaan l\u00f6yhk\u00e4n. Opas antaa jokaiselle yrttinipun, jonka l\u00e4pi he voivat hengitell\u00e4 pahan hajun torjumiseksi. <strong>Akille<\/strong>, <strong>Heidille<\/strong> ja <strong>Tarmolle<\/strong> opas selitt\u00e4\u00e4, ett\u00e4 haju on per\u00e4isin pulun ulosteesta, jota seoksessa k\u00e4ytet\u00e4\u00e4n.<\/p>\n<p class=\"paragraph\">Lemun lis\u00e4ksi tehtaassa odottava n\u00e4ky aiheuttaa voimakkaita reaktioita kilpailijoissa. Kuolleiden el\u00e4inten nahkoja on runsain m\u00e4\u00e4rin lev\u00e4ll\u00e4\u00e4n pihamaalla.<\/p>\n<p class=\"paragraph\"><strong>Muro<\/strong> k\u00e4\u00e4ntyy pois heti ovesta astuttuaan.<\/p>\n<p class=\"paragraph\">\u2013 T\u00e4m\u00e4 ei nyt ole meik\u00e4n heini\u00e4 ollenkaan, h\u00e4n huudahtaa yst\u00e4villeen <strong>Tinolle<\/strong> ja <strong>Nikille<\/strong>.<\/p>\n<p class=\"paragraph\">\u2013 Tuli fyysisesti paha olo. Ei johtunut hajusta, vaan siit\u00e4 n\u00e4yst\u00e4. Vaikka hajukin oli aivan hirve\u00e4. Tykk\u00e4\u00e4n el\u00e4imist\u00e4 enemm\u00e4n el\u00e4v\u00e4n\u00e4, Muro perustelee kameroille.<\/p>\n<p class=\"paragraph\">My\u00f6s Tino k\u00e4\u00e4ntyy kannoillaan hetke\u00e4 my\u00f6hemmin ja j\u00e4tt\u00e4\u00e4 opastetun kierroksen v\u00e4liin.<\/p>\n<p class=\"paragraph\">\u2013 Omistan nahkavaatteita. Kyll\u00e4 tuo pist\u00e4\u00e4 miettim\u00e4\u00e4n jatkossa, ett\u00e4 jos mun talouteen viel\u00e4 uusia nahkavaatteita tulee, kyll\u00e4 ne ovat vintagea silloin. Mun takia ei tarvitse en\u00e4\u00e4 yht\u00e4\u00e4n uutta nahkatakkia tehd\u00e4, Tino selitt\u00e4\u00e4 kameroille.<\/p>\n<p>Milla osallistuu Lomalle lompsis -ohjelmaan \u00e4itins\u00e4 Sannan kanssa. MTV<\/p>\n<p class=\"paragraph\">\u00c4iti-tyt\u00e4r-kaksikko <strong>Sanna<\/strong> ja <strong>Milla<\/strong> niin ik\u00e4\u00e4n ahdistuvat n\u00e4kem\u00e4st\u00e4\u00e4n. He silti menev\u00e4t mukaan kierrokselle. Edetess\u00e4\u00e4n varsinkin Milla alkaa y\u00f6kki\u00e4 rajusti.<\/p>\n<p class=\"paragraph\">\u2013 Oksennan ihan just, Milla kakoo nahkakasojen vieress\u00e4.<\/p>\n<p class=\"paragraph\">Kaksikko j\u00e4tt\u00e4\u00e4 kierroksen kesken. Millaa harmittaa, sill\u00e4 h\u00e4n ei tahdo olla ep\u00e4kunnioittava toisten ty\u00f6t\u00e4 kohtaan.<\/p>\n<p class=\"paragraph\">Sanna korostaa, ettei heid\u00e4n y\u00f6kk\u00e4ilyns\u00e4 johtunut pelk\u00e4st\u00e4\u00e4n pahasta hajusta, vaikka opas vaikutti niin tulkitsevan.<\/p>\n<p class=\"paragraph\">\u2013 Kyll\u00e4h\u00e4n tiedostan sen, ett\u00e4 mekin sy\u00f6d\u00e4\u00e4n lihaa ja k\u00e4ytet\u00e4\u00e4n nahkalaukkuja. T\u00e4ysin kaksinaismoralismia. Ennemmin omassa pumpulissani el\u00e4n. Sis\u00e4\u00e4n menness\u00e4 se iski tosi rajusti, Sanna kertoo.<\/p>\n<p class=\"paragraph\">\u2013 T\u00e4ytyy pari kertaa mietti\u00e4, ennen kuin ostaa uuden laukun, Milla pohtii.<\/p>\n<p>Nauria ja Jadea ei marokkolainen nahkateollisuus j\u00e4\u00e4nyt vaivaamaan. MTV<\/p>\n<p class=\"paragraph\"><strong>Nauriin<\/strong> ja <strong>Jadeen<\/strong> kierros tekee p\u00e4invastaisen vaikutuksen. Jade, oikealta nimelt\u00e4\u00e4n Jarno, ryhtyi arvostamaan nahkatuotteita aivan uudella tavalla valmistusprosessista opittuaan.<\/p>\n<p class=\"paragraph\">\u2013 Heti sen j\u00e4lkeen teki mieli l\u00e4hte\u00e4 katsastamaan nahkatuotteita paikalliselle torille, Jade sanoo.<\/p>\n<p class=\"paragraph\">Lomalle lompsis t\u00e4n\u00e4\u00e4n MTV3:lla kello 21.00 &amp; Katsomossa. <a href=\"https:\/\/www.iltalehti.fi\/telkku\" rel=\"nofollow noopener\" target=\"_blank\">Katso kaikki TV-ohjelmat ja l\u00e4hetysajat Telkun TV-oppaasta<\/a>.<\/p>\n","protected":false},"excerpt":{"rendered":"Lomalle lompsis -ohjelmassa vieraillaan marokkolaisella nahkatehtaalla. JUTTU SIS\u00c4LT\u00c4\u00c4 PALJASTUKSIA. Muro ja Tino j\u00e4ttiv\u00e4t kierroksen nahkatehtaalla v\u00e4liin. MTV Lomalle&hellip;\n","protected":false},"author":2,"featured_media":103064,"comment_status":"","ping_status":"","sticky":false,"template":"","format":"standard","meta":{"footnotes":""},"categories":[14],"tags":[35,153,22,23,26,27,33,31,30,17,24,25,28,29,923,15,18,21,32,19,20,140,139,14413,56,16,59,60,61],"class_list":{"0":"post-103063","1":"post","2":"type-post","3":"status-publish","4":"format-standard","5":"has-post-thumbnail","7":"category-ulkomaat","8":"tag-24h","9":"tag-audiovisuaalinen-media","10":"tag-breaking-news","11":"tag-breakingnews","12":"tag-featured-news","13":"tag-featurednews","14":"tag-fi","15":"tag-finland","16":"tag-finnish","17":"tag-headlines","18":"tag-latest-news","19":"tag-latestnews","20":"tag-main-news","21":"tag-mainnews","22":"tag-matkustaminen","23":"tag-news","24":"tag-otsikot","25":"tag-paauutiset","26":"tag-suomi","27":"tag-top-stories","28":"tag-topstories","29":"tag-tv-ja-elokuvat","30":"tag-tv-ohjelmat","31":"tag-tv-2000-luku","32":"tag-ulkomaat","33":"tag-uutiset","34":"tag-world","35":"tag-world-news","36":"tag-worldnews"},"share_on_mastodon":{"url":"https:\/\/pubeurope.com\/@fi\/115632424169457189","error":""},"_links":{"self":[{"href":"https:\/\/www.europesays.com\/fi\/wp-json\/wp\/v2\/posts\/103063","targetHints":{"allow":["GET"]}}],"collection":[{"href":"https:\/\/www.europesays.com\/fi\/wp-json\/wp\/v2\/posts"}],"about":[{"href":"https:\/\/www.europesays.com\/fi\/wp-json\/wp\/v2\/types\/post"}],"author":[{"embeddable":true,"href":"https:\/\/www.europesays.com\/fi\/wp-json\/wp\/v2\/users\/2"}],"replies":[{"embeddable":true,"href":"https:\/\/www.europesays.com\/fi\/wp-json\/wp\/v2\/comments?post=103063"}],"version-history":[{"count":0,"href":"https:\/\/www.europesays.com\/fi\/wp-json\/wp\/v2\/posts\/103063\/revisions"}],"wp:featuredmedia":[{"embeddable":true,"href":"https:\/\/www.europesays.com\/fi\/wp-json\/wp\/v2\/media\/103064"}],"wp:attachment":[{"href":"https:\/\/www.europesays.com\/fi\/wp-json\/wp\/v2\/media?parent=103063"}],"wp:term":[{"taxonomy":"category","embeddable":true,"href":"https:\/\/www.europesays.com\/fi\/wp-json\/wp\/v2\/categories?post=103063"},{"taxonomy":"post_tag","embeddable":true,"href":"https:\/\/www.europesays.com\/fi\/wp-json\/wp\/v2\/tags?post=103063"}],"curies":[{"name":"wp","href":"https:\/\/api.w.org\/{rel}","templated":true}]}}