{"id":103065,"date":"2025-11-29T10:05:10","date_gmt":"2025-11-29T10:05:10","guid":{"rendered":"https:\/\/www.europesays.com\/fi\/103065\/"},"modified":"2025-11-29T10:05:10","modified_gmt":"2025-11-29T10:05:10","slug":"tullin-hulvattomista-haalarimerkeista-tuli-opiskelijamessujen-hitti-vaihtoehtona-kondomi-sanoin-suojelemme-sinua-uusimaa","status":"publish","type":"post","link":"https:\/\/www.europesays.com\/fi\/103065\/","title":{"rendered":"Tullin hulvattomista haalarimerkeist\u00e4 tuli opiskelijamessujen hitti \u2013 vaihtoehtona kondomi sanoin \u201dsuojelemme sinua\u201d | Uusimaa"},"content":{"rendered":"<p class=\"aw-1gybjub aw-5vja16 kEtdKx kmuxyA yle__article__paragraph\">Kumihanskoilla hassuttelevat haalarimerkit ovat haluttua tavaraa. Kampanjan taustalla on tullin pyrkimys parantaa ty\u00f6nantajamielikuvaa. <\/p>\n<p><img decoding=\"async\" alt=\"Tullin haalarimerkiss\u00e4 on mukana vahva itseironian taso.\" src=\"https:\/\/www.europesays.com\/fi\/wp-content\/uploads\/2025\/11\/39-156110869294458836cc.jpeg\" class=\"aw-1l9m598 hKVVvP\"\/><\/p>\n<p>Avaa kuvien katselu<\/p>\n<p>Tullin haalarimerkiss\u00e4 on mukana vahva itseironian taso. Kuva: Tulli<\/p>\n<p class=\"aw-1gybjub aw-1p7kakr kEtdKx cEmitX yle__article__paragraph\">Tullin jakamat haalarimerkit osoittautuivat yll\u00e4tt\u00e4v\u00e4n halutuiksi mainoslahjoiksi t\u00e4ll\u00e4 viikolla Studia-messuilla Helsingiss\u00e4. Itse asiassa tuotteen hittipotentiaali on ollut ilmeinen jo muutaman vuoden ajan.<\/p>\n<p class=\"aw-1gybjub aw-1p7kakr kEtdKx cEmitX yle__article__paragraph\">Kumihansikkailla hassutteleva, kevyesti toteutettu markkinointikampanja on tullin viestint\u00e4johtajan <strong class=\"aw-ak79eh KyCXm yle__article__strong\">Mika Parkkosen<\/strong> mukaan tarkkaan harkittu.<\/p>\n<p class=\"aw-1gybjub aw-1p7kakr kEtdKx cEmitX yle__article__paragraph\">Taustalla on pyrkimys parantaa ty\u00f6nantajamielikuvaa. T\u00e4t\u00e4 on tehty tullissa jo viitisen vuotta, ja haalarimerkit ovat vain osa kokonaisuutta.<\/p>\n<p class=\"aw-1gybjub aw-1p7kakr kEtdKx cEmitX yle__article__paragraph\">Parkkosen mukaan hilpeytt\u00e4 her\u00e4tt\u00e4v\u00e4 haalarimerkki on er\u00e4\u00e4nlainen icebreaker, eli luonteva keskustelun aloittaja, kun tullin edustajat kohtaavat esimerkiksi opiskelijoita erilaisissa tapahtumissa.<\/p>\n<p class=\"aw-1gybjub aw-1p7kakr kEtdKx cEmitX yle__article__paragraph\">\u2013 Meill\u00e4 on kova tarve saada uusia ty\u00f6ntekij\u00f6it\u00e4. Tullissa on yli 300 ty\u00f6ntekij\u00e4\u00e4, jotka ovat yli 60-vuotiaita. Tulevina vuosina on tarvetta uusille ty\u00f6ntekij\u00f6ille, Parkkonen kertoo.<\/p>\n<p class=\"aw-1gybjub aw-1p7kakr kEtdKx cEmitX yle__article__paragraph\">Siksi tulli pyrkii osallistumaan tapahtumiin, joissa on mahdollista kohdata opiskelijoita ja vastavalmistuneita. N\u00e4iss\u00e4 tapahtumissa huomion her\u00e4tt\u00e4miseen ja keskustelun aloittamiseen t\u00e4ytyy olla kekseli\u00e4it\u00e4 keinoja.<\/p>\n<p class=\"aw-1gybjub aw-1p7kakr kEtdKx cEmitX yle__article__paragraph\">\u2013 Tarvitsimme vetonaulan, joka j\u00e4\u00e4 ihmisten mieliin ja on kiinnostava. Aika nopeasti se valinta kohdistui t\u00e4h\u00e4n haalarimerkkiin, Parkkonen sanoo.<\/p>\n<p class=\"aw-1gybjub aw-1p7kakr kEtdKx cEmitX yle__article__paragraph\">H\u00e4nen oma ehdotuksensa oli kondomi, jonka saatesanoina oli teksti \u201dsuojelemme sinua\u201d. Haalarimerkki vei kuitenkin voiton, mit\u00e4 Parkkonen pit\u00e4\u00e4 pelk\u00e4st\u00e4\u00e4n hyv\u00e4n\u00e4 asiana.<\/p>\n<p class=\"aw-1gybjub aw-1p7kakr kEtdKx cEmitX yle__article__paragraph\">Haalarimerkiss\u00e4 hassutellaan kumihansikkailla, joita tullissa k\u00e4ytet\u00e4\u00e4n erilaisissa teht\u00e4viss\u00e4. Ihmisruumiin aukkoja tullivirkailijat eiv\u00e4t ole kuitenkaan tutkineet vuosikausiin.<\/p>\n<p class=\"aw-1gybjub aw-1p7kakr kEtdKx cEmitX yle__article__paragraph\">\u2013 Kehon sis\u00e4ll\u00e4 teht\u00e4vi\u00e4 salakuljetuksia paljastuu kyll\u00e4 l\u00e4hes viikoittain, mutta niit\u00e4 emme kumihanskojen avulla tutki, Parkkonen sanoo.<\/p>\n<p class=\"aw-1gybjub aw-1p7kakr kEtdKx cEmitX yle__article__paragraph\">T\u00e4llaiseen tarkoitukseen on esimerkiksi Helsinki-Vantaan lentoasemalla body scanner -laitteet. Jos sellaista ei ole k\u00e4ytett\u00e4viss\u00e4, ep\u00e4ilty voidaan vied\u00e4 l\u00e4\u00e4k\u00e4riin tutkittavaksi.<\/p>\n<p><img decoding=\"async\" alt=\"Tullin haalarimerkkej\u00e4 aseteltuna tarjolle koriin.\" src=\"https:\/\/www.europesays.com\/fi\/wp-content\/uploads\/2025\/11\/39-1561107692944586cfc4.jpeg\" loading=\"lazy\" class=\"aw-1l9m598 hKVVvP\"\/><\/p>\n<p>Avaa kuvien katselu<\/p>\n<p>Haalarimerkiss\u00e4 vitsaillaan kumihansikkaille, joita tullissa k\u00e4ytet\u00e4\u00e4n erilaisissa teht\u00e4viss\u00e4.  Kuva: TulliMerkkej\u00e4 ei ole myynniss\u00e4<\/p>\n<p class=\"aw-1gybjub aw-1p7kakr kEtdKx cEmitX yle__article__paragraph\">Itseironista organisaatioviestint\u00e4\u00e4 ovat viime vuosien aikana tehneet onnistuneesti my\u00f6s esimerkiksi <a class=\"aw-iao6s4 iHOxEa yle__article__link\" href=\"https:\/\/yle.fi\/a\/74-20057935\" role=\"link\" rel=\"nofollow noopener\" target=\"_blank\">Verohallinto <\/a>ja <a class=\"aw-iao6s4 iHOxEa yle__article__link\" href=\"https:\/\/yle.fi\/a\/74-20112501\" role=\"link\" rel=\"nofollow noopener\" target=\"_blank\">Helsingin Kruunusillat<\/a>.<\/p>\n<p class=\"aw-1gybjub aw-1p7kakr kEtdKx cEmitX yle__article__paragraph\">Mika Parkkosen mukaan my\u00f6s tulli tavoittelee viestinn\u00e4ss\u00e4\u00e4n s\u00e4vy\u00e4, joka puhuttelee ja kiinnostaa kaikenlaista yleis\u00f6\u00e4. Vakavista asioista ei tarvitse v\u00e4ltt\u00e4m\u00e4tt\u00e4 kertoa vakavasti ja tyls\u00e4sti.<\/p>\n<p class=\"aw-1gybjub aw-1p7kakr kEtdKx cEmitX yle__article__paragraph\">\u2013 Meid\u00e4n ty\u00f6ss\u00e4 on paljon hauskaa, vaikka turvallisuusasiat ovat tietenkin vakavia.<\/p>\n<p class=\"aw-1gybjub aw-1p7kakr kEtdKx cEmitX yle__article__paragraph\">Ennen haalarimerkkikampanjaa tulli k\u00e4ynnisteli mielikuvakampanjaa tv-sarja CSI:n henke\u00e4 mukailevilla tummas\u00e4vyisill\u00e4 elokuvajulisteilla. T\u00e4m\u00e4n j\u00e4lkeen viestint\u00e4\u00e4 on tehty pienemm\u00e4ll\u00e4 volyymilla, koska ty\u00f6hakemusten m\u00e4\u00e4r\u00e4 l\u00e4hti v\u00e4litt\u00f6m\u00e4sti roimaan kasvuun.<\/p>\n<p class=\"aw-1gybjub aw-1p7kakr kEtdKx cEmitX yle__article__paragraph\">\u2013 Sen ensimm\u00e4isen kampanjan seurauksena hakemusten m\u00e4\u00e4r\u00e4 pomppasi muutamasta tuhannesta jonnekin 12\u201313 tuhanteen. Se kampanja piti lopettaa, kun kukaan ei ehtinyt en\u00e4\u00e4 lukea kaikkia niit\u00e4 hakemuksia.<\/p>\n<p class=\"aw-1gybjub aw-1p7kakr kEtdKx cEmitX yle__article__paragraph\">Parkkosen mukaan haalarimerkkej\u00e4 on jaettu noin kolmen vuoden aikana t\u00e4h\u00e4n menness\u00e4 2\u00a0000\u20133\u00a0000 kappaletta. M\u00e4\u00e4r\u00e4 on tietoisesti pidetty maltillisena, vaikka kysynt\u00e4\u00e4 olisi selv\u00e4sti enemm\u00e4nkin.<\/p>\n<p class=\"aw-1gybjub aw-1p7kakr kEtdKx cEmitX yle__article__paragraph\">\u2013 Meille on tullut viestej\u00e4, ett\u00e4 n\u00e4it\u00e4 merkkej\u00e4 halutaan ostaa. Emme kuitenkaan myy emmek\u00e4 l\u00e4het\u00e4 niit\u00e4. Siit\u00e4 on pyritty tekem\u00e4\u00e4n harvinainen tuote.<\/p>\n<p><img decoding=\"async\" alt=\"\" src=\"https:\/\/www.europesays.com\/fi\/wp-content\/uploads\/2025\/11\/39-152160568c3da3a58aea.jpeg\" class=\"aw-1l9m598 hKVVvP\"\/><\/p>\n","protected":false},"excerpt":{"rendered":"Kumihanskoilla hassuttelevat haalarimerkit ovat haluttua tavaraa. Kampanjan taustalla on tullin pyrkimys parantaa ty\u00f6nantajamielikuvaa. Avaa kuvien katselu Tullin haalarimerkiss\u00e4&hellip;\n","protected":false},"author":2,"featured_media":103066,"comment_status":"","ping_status":"","sticky":false,"template":"","format":"standard","meta":{"footnotes":""},"categories":[12],"tags":[22,23,26,27,33,31,30,19602,17,71,24,25,28,29,15,97,19603,18,21,32,19,20,4628,10806,19601,860,1168,16,9299],"class_list":{"0":"post-103065","1":"post","2":"type-post","3":"status-publish","4":"format-standard","5":"has-post-thumbnail","7":"category-suomi","8":"tag-breaking-news","9":"tag-breakingnews","10":"tag-featured-news","11":"tag-featurednews","12":"tag-fi","13":"tag-finland","14":"tag-finnish","15":"tag-haalarimerkki","16":"tag-headlines","17":"tag-kotimaa","18":"tag-latest-news","19":"tag-latestnews","20":"tag-main-news","21":"tag-mainnews","22":"tag-news","23":"tag-opiskelijat","24":"tag-organisaatioviestinta","25":"tag-otsikot","26":"tag-paauutiset","27":"tag-suomi","28":"tag-top-stories","29":"tag-topstories","30":"tag-tulli","31":"tag-tullilaitos","32":"tag-tullivirkailijat","33":"tag-tyoelama","34":"tag-uusimaa","35":"tag-uutiset","36":"tag-viestinta"},"share_on_mastodon":{"url":"https:\/\/pubeurope.com\/@fi\/115632427900190982","error":""},"_links":{"self":[{"href":"https:\/\/www.europesays.com\/fi\/wp-json\/wp\/v2\/posts\/103065","targetHints":{"allow":["GET"]}}],"collection":[{"href":"https:\/\/www.europesays.com\/fi\/wp-json\/wp\/v2\/posts"}],"about":[{"href":"https:\/\/www.europesays.com\/fi\/wp-json\/wp\/v2\/types\/post"}],"author":[{"embeddable":true,"href":"https:\/\/www.europesays.com\/fi\/wp-json\/wp\/v2\/users\/2"}],"replies":[{"embeddable":true,"href":"https:\/\/www.europesays.com\/fi\/wp-json\/wp\/v2\/comments?post=103065"}],"version-history":[{"count":0,"href":"https:\/\/www.europesays.com\/fi\/wp-json\/wp\/v2\/posts\/103065\/revisions"}],"wp:featuredmedia":[{"embeddable":true,"href":"https:\/\/www.europesays.com\/fi\/wp-json\/wp\/v2\/media\/103066"}],"wp:attachment":[{"href":"https:\/\/www.europesays.com\/fi\/wp-json\/wp\/v2\/media?parent=103065"}],"wp:term":[{"taxonomy":"category","embeddable":true,"href":"https:\/\/www.europesays.com\/fi\/wp-json\/wp\/v2\/categories?post=103065"},{"taxonomy":"post_tag","embeddable":true,"href":"https:\/\/www.europesays.com\/fi\/wp-json\/wp\/v2\/tags?post=103065"}],"curies":[{"name":"wp","href":"https:\/\/api.w.org\/{rel}","templated":true}]}}