{"id":103067,"date":"2025-11-29T10:06:10","date_gmt":"2025-11-29T10:06:10","guid":{"rendered":"https:\/\/www.europesays.com\/fi\/103067\/"},"modified":"2025-11-29T10:06:10","modified_gmt":"2025-11-29T10:06:10","slug":"petteri-orpon-kabinetilla-outoja-maksuvaikeuksia-luottokorttia-vingutettu-virheellisesti-lukuisia-kertoja","status":"publish","type":"post","link":"https:\/\/www.europesays.com\/fi\/103067\/","title":{"rendered":"Petteri Orpon kabinetilla outoja maksuvaikeuksia \u2013 Luottokorttia vingutettu virheellisesti lukuisia kertoja"},"content":{"rendered":"<p>P\u00e4\u00e4ministeri Petteri Orpon (kok) kabinetin j\u00e4senet ovat k\u00e4ytt\u00e4neet valtioneuvoston kanslian luottokortteja huolimattomasti.<\/p>\n<p><img decoding=\"async\" class=\"image image-show image-preview\" src=\"https:\/\/www.europesays.com\/fi\/wp-content\/uploads\/2025\/11\/e0f1c642bd77ba39dade9238ba79601f846afbbca7e64d8a6fdb2c0abab7fedf.jpg\" alt=\"\"\/><img decoding=\"async\" class=\"image image-show\" src=\"https:\/\/www.europesays.com\/fi\/wp-content\/uploads\/2025\/11\/1764410770_350_e0f1c642bd77ba39dade9238ba79601f846afbbca7e64d8a6fdb2c0abab7fedf.jpg\" alt=\"\"\/><\/p>\n<p>P\u00e4\u00e4ministeri Petteri Orpon (kok) kabinetilla on ollut kuluvalla vaalikaudella maksuvaikeuksia. Pete Anikari<\/p>\n<p class=\"paragraph\">Maksuaikakortin virheellinen k\u00e4ytt\u00f6. T\u00e4m\u00e4 lause toistuu per\u00e4ti 13 kertaa p\u00e4\u00e4ministeri <strong>Petteri Orpon<\/strong> (kok) kabinetin raporteissa, jotka Iltalehti sai valtioneuvoston kanslian (VNK) talousyksik\u00f6st\u00e4 tietopyynn\u00f6ll\u00e4.<\/p>\n<p class=\"paragraph\">Summat eiv\u00e4t ole suuria, mutta tapausten m\u00e4\u00e4r\u00e4 pist\u00e4\u00e4 silm\u00e4\u00e4n. Eurooppa-asioiden neuvonantajalla <strong>Tuomas Tikkasella<\/strong> sek\u00e4 talouspoliittisella erityisavustajalla <strong>Mikko Martikkalalla<\/strong> on kolme merkint\u00e4\u00e4 kortin virheellisest\u00e4 k\u00e4yt\u00f6st\u00e4. Martikkalan osalta summa on yhteens\u00e4 111,70 euroa, Tikkasen osalta yhteens\u00e4 40,70 euroa.<\/p>\n<p class=\"paragraph\">Entisell\u00e4 EU-asioiden alivaltiosihteeri <strong>Jori Arvosella<\/strong> on h\u00e4nell\u00e4kin kolme merkint\u00e4\u00e4 kortin virheellisest\u00e4 k\u00e4yt\u00f6st\u00e4. Summa on yhteens\u00e4 72,64 euroa. Arvonen aloitti syyskuussa 2024 Suomen EU-edustuston p\u00e4\u00e4llikk\u00f6n\u00e4 ja suurl\u00e4hettil\u00e4\u00e4n\u00e4 Brysseliss\u00e4.<\/p>\n<p class=\"paragraph\">Orpon valtiosihteerill\u00e4 <strong>Risto Artjoella<\/strong> on kaksi merkint\u00e4\u00e4 (yhteens\u00e4 104,10 euroa) ja ministeriryhm\u00e4n viestinn\u00e4st\u00e4 vastaavalla erityisavustajalla <strong>Kirsi H\u00f6lt\u00e4ll\u00e4<\/strong> (52,50 euroa) sek\u00e4 mediasuhteista ja eduskunta-asioista vastaavalla <strong>Veera Svahnilla<\/strong> (17,20 euroa) kummallakin yksi merkint\u00e4.<\/p>\n<p class=\"paragraph\">Virheellisten maksujen yhteissumma on 398,84 euroa. Maksuja on tehty kahdella eri valtioneuvoston kansliassa k\u00e4yt\u00f6ss\u00e4 olevalla maksuaikakortilla.<\/p>\n<p>\u201dUseimmiten inhimillinen virhe\u201d<\/p>\n<p class=\"paragraph\">Valtioneuvoston kanslian talousjohtaja <strong>Meri-Tuulia Pitk\u00e4sen<\/strong> mukaan virheelliset maksut johtuvat useimmiten inhimillisest\u00e4 virheest\u00e4, jossa yksityismeno on maksettu vahingossa kanslian maksuaikakortilla.<\/p>\n<p class=\"paragraph\">\u2013 T\u00e4ll\u00f6in my\u00f6s henkil\u00f6t usein oma-aloitteisesti ilmoittavat virheest\u00e4 ja sovimme heid\u00e4n kanssaan palautuksen, Pitk\u00e4nen sanoo.<\/p>\n<p class=\"paragraph\">\u2013 Kyse voi olla my\u00f6s siit\u00e4, ett\u00e4 kanslian laskun hyv\u00e4ksymisprosessissa on katsottu, ett\u00e4 lasku ei kuulu kanslian maksettavaksi.<\/p>\n<p class=\"paragraph\"><strong>Perit\u00e4\u00e4nk\u00f6 virheellisesti maksettu kulu kabinetin j\u00e4senen seuraavasta palkasta vai miten asiassa toimitaan?<\/strong><\/p>\n<p class=\"paragraph\">\u2013 Kaikki alla olevassa listassa olevat kulut on saatu palautuksena kabinetin j\u00e4senilt\u00e4.<\/p>\n","protected":false},"excerpt":{"rendered":"P\u00e4\u00e4ministeri Petteri Orpon (kok) kabinetin j\u00e4senet ovat k\u00e4ytt\u00e4neet valtioneuvoston kanslian luottokortteja huolimattomasti. P\u00e4\u00e4ministeri Petteri Orpon (kok) kabinetilla on&hellip;\n","protected":false},"author":2,"featured_media":103068,"comment_status":"","ping_status":"","sticky":false,"template":"","format":"standard","meta":{"footnotes":""},"categories":[5],"tags":[35,22,23,26,27,33,31,30,863,17,24,25,28,29,15,18,21,637,888,885,887,32,19,20,16],"class_list":{"0":"post-103067","1":"post","2":"type-post","3":"status-publish","4":"format-standard","5":"has-post-thumbnail","7":"category-otsikot","8":"tag-24h","9":"tag-breaking-news","10":"tag-breakingnews","11":"tag-featured-news","12":"tag-featurednews","13":"tag-fi","14":"tag-finland","15":"tag-finnish","16":"tag-hallitus","17":"tag-headlines","18":"tag-latest-news","19":"tag-latestnews","20":"tag-main-news","21":"tag-mainnews","22":"tag-news","23":"tag-otsikot","24":"tag-paauutiset","25":"tag-politiikka","26":"tag-suomalaiset-poliitikot","27":"tag-suomen-poliittiset-puolueet","28":"tag-suomen-politiikka","29":"tag-suomi","30":"tag-top-stories","31":"tag-topstories","32":"tag-uutiset"},"share_on_mastodon":{"url":"https:\/\/pubeurope.com\/@fi\/115632431704742153","error":""},"_links":{"self":[{"href":"https:\/\/www.europesays.com\/fi\/wp-json\/wp\/v2\/posts\/103067","targetHints":{"allow":["GET"]}}],"collection":[{"href":"https:\/\/www.europesays.com\/fi\/wp-json\/wp\/v2\/posts"}],"about":[{"href":"https:\/\/www.europesays.com\/fi\/wp-json\/wp\/v2\/types\/post"}],"author":[{"embeddable":true,"href":"https:\/\/www.europesays.com\/fi\/wp-json\/wp\/v2\/users\/2"}],"replies":[{"embeddable":true,"href":"https:\/\/www.europesays.com\/fi\/wp-json\/wp\/v2\/comments?post=103067"}],"version-history":[{"count":0,"href":"https:\/\/www.europesays.com\/fi\/wp-json\/wp\/v2\/posts\/103067\/revisions"}],"wp:featuredmedia":[{"embeddable":true,"href":"https:\/\/www.europesays.com\/fi\/wp-json\/wp\/v2\/media\/103068"}],"wp:attachment":[{"href":"https:\/\/www.europesays.com\/fi\/wp-json\/wp\/v2\/media?parent=103067"}],"wp:term":[{"taxonomy":"category","embeddable":true,"href":"https:\/\/www.europesays.com\/fi\/wp-json\/wp\/v2\/categories?post=103067"},{"taxonomy":"post_tag","embeddable":true,"href":"https:\/\/www.europesays.com\/fi\/wp-json\/wp\/v2\/tags?post=103067"}],"curies":[{"name":"wp","href":"https:\/\/api.w.org\/{rel}","templated":true}]}}