{"id":103071,"date":"2025-11-29T10:18:08","date_gmt":"2025-11-29T10:18:08","guid":{"rendered":"https:\/\/www.europesays.com\/fi\/103071\/"},"modified":"2025-11-29T10:18:08","modified_gmt":"2025-11-29T10:18:08","slug":"onko-callum-turner-uusi-007","status":"publish","type":"post","link":"https:\/\/www.europesays.com\/fi\/103071\/","title":{"rendered":"Onko Callum Turner uusi 007?"},"content":{"rendered":"<p>James Bond on palaamassa valkokankaalle.<\/p>\n<p class=\"article-body mb-nof-24 px-nof-16\">N\u00e4yttelij\u00e4 <a class=\"article-personlink\" href=\"https:\/\/www.is.fi\/haku\/?query=Callum%20Turner\" rel=\"nofollow noopener\" target=\"_blank\">Callum Turner<\/a> tunnetaan muun muassa tv-sarjasta Masters of the Air. Valkokankaalla h\u00e4net on voinut bongata Harry Potter -spin-off-elokuvasarjassa Ihmeotukset. Turner vahvisti kes\u00e4ll\u00e4 kihlauksensa laulaja <a class=\"article-personlink\" href=\"https:\/\/www.is.fi\/haku\/?query=Dua%20Lipan\" rel=\"nofollow noopener\" target=\"_blank\">Dua Lipan<\/a> kanssa.<\/p>\n<p class=\"article-body mb-nof-24 px-nof-16\">Nyt huhut kertovat, ett\u00e4 Turner on suursuosikki uudeksi James Bondiksi, <a class=\"article-genericlink\" href=\"https:\/\/www.telegraph.co.uk\/films\/0\/callum-turner-james-bond\/\" rel=\"nofollow noopener\" target=\"_blank\">The Telegraph<\/a> kirjoittaa.<\/p>\n<p class=\"article-body mb-nof-24 px-nof-16\">Lehden mukaan Turner olisi oiva valinta puhaltamaan henke\u00e4 Bond-leffoihin, jotka ovat olleet horroksessa siit\u00e4 l\u00e4htien, kun <a class=\"article-personlink\" href=\"https:\/\/www.is.fi\/haku\/?query=Daniel%20Craigin\" rel=\"nofollow noopener\" target=\"_blank\">Daniel Craigin<\/a> 007 r\u00e4j\u00e4ytettiin elokuvassa No Time to Die (2021).<\/p>\n<p class=\"article-body mb-nof-24 px-nof-16\">Turner on entinen malli. H\u00e4n j\u00e4tti koulun kesken 16-vuotiaana tavoitellakseen unelmaansa ammattilaisjalkapalloilijan urasta. Ensimm\u00e4isen elokuvaroolinsa h\u00e4n teki vuonna 2010 lyhytelokuvassa Think of England.<\/p>\n<p><img decoding=\"async\" src=\"https:\/\/www.europesays.com\/fi\/wp-content\/uploads\/2025\/11\/1764411488_714_468.jpg\" alt=\"\" class=\"_Img_1rerz_1\" style=\"aspect-ratio:0.7322916666666667\" loading=\"eager\"\/><\/p>\n<p class=\"article-body mb-nof-24 px-nof-16\">Telegraphin mukaan muut Bond-ehdokkaat <a class=\"article-personlink\" href=\"https:\/\/www.is.fi\/haku\/?query=Tom%20Holland\" rel=\"nofollow noopener\" target=\"_blank\">Tom Holland<\/a> ja <a class=\"article-personlink\" href=\"https:\/\/www.is.fi\/haku\/?query=Henry%20Cavill\" rel=\"nofollow noopener\" target=\"_blank\">Henry Cavill<\/a> ovat pitk\u00e4lti poissa pelist\u00e4.<\/p>\n<p class=\"article-body mb-nof-24 px-nof-16\">Hollandin kerrotaan olevan estynyt, koska on tehnyt sitovan sopimuksen H\u00e4m\u00e4h\u00e4kkimies-elokuvista. Cavillin taas katsotaan olevan liian vanha Bondin rooliin.<\/p>\n<p class=\"article-body mb-nof-24 px-nof-16\">My\u00f6s vedonly\u00f6ntitoimistot veikkaavat Turneria uudeksi tuplanollaseiskaksi ja h\u00e4nen kertoimensa onkin laskenut huomattavasti viime p\u00e4ivien aikana.<\/p>\n<p class=\"article-body mb-nof-24 px-nof-16\">\u2013 Olemme suorastaan ihmeiss\u00e4mme, kuinka paljon Turner on saanut tukea seuraavaksi Bondiksi viimeisen 24 tunnin aikana, Coral-vedonly\u00f6ntitoimiston <a class=\"article-personlink\" href=\"https:\/\/www.is.fi\/haku\/?query=John%20Hill\" rel=\"nofollow noopener\" target=\"_blank\">John Hill<\/a> kertoi The Standardille perjantaina.<\/p>\n","protected":false},"excerpt":{"rendered":"James Bond on palaamassa valkokankaalle. N\u00e4yttelij\u00e4 Callum Turner tunnetaan muun muassa tv-sarjasta Masters of the Air. Valkokankaalla h\u00e4net&hellip;\n","protected":false},"author":2,"featured_media":103072,"comment_status":"","ping_status":"","sticky":false,"template":"","format":"standard","meta":{"footnotes":""},"categories":[136],"tags":[407,137,33,31,30,34,408,32,109],"class_list":{"0":"post-103071","1":"post","2":"type-post","3":"status-publish","4":"format-standard","5":"has-post-thumbnail","7":"category-julkkikset","8":"tag-celebrities","9":"tag-entertainment","10":"tag-fi","11":"tag-finland","12":"tag-finnish","13":"tag-ilta-sanomat","14":"tag-julkkikset","15":"tag-suomi","16":"tag-viihde"},"share_on_mastodon":{"url":"https:\/\/pubeurope.com\/@fi\/115632479009846065","error":""},"_links":{"self":[{"href":"https:\/\/www.europesays.com\/fi\/wp-json\/wp\/v2\/posts\/103071","targetHints":{"allow":["GET"]}}],"collection":[{"href":"https:\/\/www.europesays.com\/fi\/wp-json\/wp\/v2\/posts"}],"about":[{"href":"https:\/\/www.europesays.com\/fi\/wp-json\/wp\/v2\/types\/post"}],"author":[{"embeddable":true,"href":"https:\/\/www.europesays.com\/fi\/wp-json\/wp\/v2\/users\/2"}],"replies":[{"embeddable":true,"href":"https:\/\/www.europesays.com\/fi\/wp-json\/wp\/v2\/comments?post=103071"}],"version-history":[{"count":0,"href":"https:\/\/www.europesays.com\/fi\/wp-json\/wp\/v2\/posts\/103071\/revisions"}],"wp:featuredmedia":[{"embeddable":true,"href":"https:\/\/www.europesays.com\/fi\/wp-json\/wp\/v2\/media\/103072"}],"wp:attachment":[{"href":"https:\/\/www.europesays.com\/fi\/wp-json\/wp\/v2\/media?parent=103071"}],"wp:term":[{"taxonomy":"category","embeddable":true,"href":"https:\/\/www.europesays.com\/fi\/wp-json\/wp\/v2\/categories?post=103071"},{"taxonomy":"post_tag","embeddable":true,"href":"https:\/\/www.europesays.com\/fi\/wp-json\/wp\/v2\/tags?post=103071"}],"curies":[{"name":"wp","href":"https:\/\/api.w.org\/{rel}","templated":true}]}}