{"id":103077,"date":"2025-11-29T10:27:12","date_gmt":"2025-11-29T10:27:12","guid":{"rendered":"https:\/\/www.europesays.com\/fi\/103077\/"},"modified":"2025-11-29T10:27:12","modified_gmt":"2025-11-29T10:27:12","slug":"elainten-pakkolopetuksiin-joutuneista-turkistiloista-lahes-puolet-aloittaa-uudestaan-moni-ei-ole-elaissaan-tehnyt-muuta-keski-pohjanmaa","status":"publish","type":"post","link":"https:\/\/www.europesays.com\/fi\/103077\/","title":{"rendered":"El\u00e4inten pakko\u00adlopetuksiin joutuneista turkistiloista l\u00e4hes puolet aloittaa uudestaan: \u201dMoni ei ole el\u00e4iss\u00e4\u00e4n tehnyt muuta\u201d | Keski-Pohjanmaa"},"content":{"rendered":"<p class=\"aw-1gybjub aw-5vja16 kEtdKx kmuxyA yle__article__paragraph\">Turkistuottajat ovat hankkineet uusia el\u00e4imi\u00e4 sek\u00e4 naapuritiloilta ett\u00e4 Euroopasta. Turkisel\u00e4inten jalostus on kuitenkin pitk\u00e4 tie: tuloksia n\u00e4hd\u00e4\u00e4n vasta 5\u201310 vuoden p\u00e4\u00e4st\u00e4.<\/p>\n<p><img decoding=\"async\" alt=\"Bilden visar en rad sm\u00e5 r\u00f6da byggnader med vita tak l\u00e4ngs en grusv\u00e4g. En person g\u00e5r bredvid en fyrhjuling och b\u00e4r arbetskl\u00e4der. V\u00e4dret ser ut att vara fuktigt eller regnigt.\" src=\"https:\/\/www.europesays.com\/fi\/wp-content\/uploads\/2025\/11\/39-15028176890dfb67f45f.jpeg\" class=\"aw-1l9m598 hKVVvP\"\/><\/p>\n<p>Avaa kuvien katselu<\/p>\n<p>Turkisalan taloustilanne on edelleen tiukka: esimerkiksi ketunnahan myyntihinta ei kata tuotantokustannuksia. Kuvituskuva. Kuva: Marcus Lillkvist \/ Yle<\/p>\n<p>Juttu tiivistettyn\u00e4<\/p>\n<ul class=\"aw-1jjocuh iJTSwP yle__article__list yle__article__list--ul\">\n<li class=\"aw-1j7gwms gNYKfi\">Lintuinfluenssan runtelema turkisala elpyy: l\u00e4hes puolet el\u00e4inten lopetusp\u00e4\u00e4t\u00f6ksen saaneista tarhoista on aloittanut uudestaan.<\/li>\n<li class=\"aw-1j7gwms gNYKfi\">Kaksi vuotta sitten yli 70 tarhaa lopetti, mutta nyt 30 jatkaa elinkeinoa ja 15 harkitsee jatkoa.<\/li>\n<li class=\"aw-1j7gwms gNYKfi\">Turkisalan kannattavuus on heikkoa: ketunnahan hinta ei kata tuotantokustannuksia.<\/li>\n<li class=\"aw-1j7gwms gNYKfi\">Uusia el\u00e4imi\u00e4 on hankittu etenkin naapuritiloilta ja ulkomailta, mutta jalostusty\u00f6ss\u00e4 menee 5\u201310 vuotta.<\/li>\n<li class=\"aw-1j7gwms gNYKfi\">Ensi vuonna voimaan tuleva uusi turkisasetus parantaa el\u00e4inten oloja, mutta investointeja tarhoille tarvitaan.<\/li>\n<\/ul>\n<p class=\"aw-1gybjub aw-1p7kakr kEtdKx cEmitX yle__article__paragraph\">T\u00e4m\u00e4 on teko\u00e4lyn avulla tuotettu, toimittajan tarkistama tiivistelm\u00e4.<\/p>\n<p class=\"aw-1gybjub aw-1p7kakr kEtdKx cEmitX yle__article__paragraph\">Lintuinfluenssan kurittamista turkistiloista l\u00e4hes puolet on aloittanut toimintansa uudestaan t\u00e4n\u00e4 vuonna.<\/p>\n<p class=\"aw-1gybjub aw-1p7kakr kEtdKx cEmitX yle__article__paragraph\">Kaksi vuotta sitten yli 70 pohjalaistarhaa <a class=\"aw-iao6s4 iHOxEa yle__article__link\" href=\"https:\/\/yle.fi\/a\/74-20077007\" role=\"link\" rel=\"nofollow noopener\" target=\"_blank\">joutui lopettamaan valtaosan el\u00e4imist\u00e4\u00e4n<\/a> ja ajamaan toimintansa alas. N\u00e4ist\u00e4 kolmisenkymment\u00e4 jatkaa nyt elinkeinoa, viisitoista viel\u00e4 harkitsee jatkoa.<\/p>\n<p class=\"aw-1gybjub aw-1p7kakr kEtdKx cEmitX yle__article__paragraph\">25 tarhaa on ly\u00f6nyt lopullisesti lapun luukulle.<\/p>\n<p class=\"aw-1gybjub aw-1p7kakr kEtdKx cEmitX yle__article__paragraph\">Ison joukon jatkohalut eiv\u00e4t tulleet alan etuj\u00e4rjest\u00f6n kentt\u00e4p\u00e4\u00e4llik\u00f6lle t\u00e4ysin yll\u00e4tyksen\u00e4, vaikka alaa ovat runnelleet monet kriisit, kuten <a class=\"aw-iao6s4 iHOxEa yle__article__link\" href=\"https:\/\/yle.fi\/a\/74-20049927\" role=\"link\" rel=\"nofollow noopener\" target=\"_blank\">koronavirus<\/a>, turkisten kaupan hiipuminen ja lintuinfluenssa.<\/p>\n<p class=\"aw-1gybjub aw-1p7kakr kEtdKx cEmitX yle__article__paragraph\">Turkistarhauksen vastainen ilmapiiri koettelee my\u00f6s alaa.<\/p>\n<p class=\"aw-1gybjub aw-1p7kakr kEtdKx cEmitX yle__article__paragraph\">Euroopassa turkistarhaus on kielletty tai kielt\u00e4misest\u00e4 on p\u00e4\u00e4tetty <a class=\"aw-iao6s4 iHOxEa yle__article__link\" href=\"https:\/\/yle.fi\/a\/74-20045791\" role=\"link\" rel=\"nofollow noopener\" target=\"_blank\">noin 20 maassa<\/a>. Suomessa terveysviranomaiset ovat suositelleet turkistarhauksen lopettamista suuren pandemiariskin vuoksi. <a class=\"aw-iao6s4 iHOxEa yle__article__link\" href=\"https:\/\/yle.fi\/a\/74-20008814\/64-3-190481\" role=\"link\" rel=\"nofollow noopener\" target=\"_blank\">My\u00f6s valtaosa suomalaisista vastustaa<\/a> nykymuotoista tarhausta.<\/p>\n<p class=\"aw-1gybjub aw-1p7kakr kEtdKx cEmitX yle__article__paragraph\">Silti alalla uskotaan tulevaisuuteen.<\/p>\n<p class=\"aw-1gybjub aw-1p7kakr kEtdKx cEmitX yle__article__paragraph\">\u2013 Moni tuottajista ei ole tehnyt el\u00e4iss\u00e4\u00e4n mit\u00e4\u00e4n muuta kuin tuottanut turkiksia. Edelleen el\u00e4\u00e4 toivo siit\u00e4, ett\u00e4 tilallinen saisi elannon turkiksista, sanoo kentt\u00e4p\u00e4\u00e4llikk\u00f6 <strong class=\"aw-ak79eh KyCXm yle__article__strong\">Hannu K\u00e4rj\u00e4<\/strong> Suomen Turkisel\u00e4inten Kasvattajain Liitosta.<\/p>\n<p><img decoding=\"async\" alt=\"skinn\" src=\"https:\/\/www.europesays.com\/fi\/wp-content\/uploads\/2025\/11\/39-122820465a56f965f901.jpeg\" class=\"aw-1l9m598 hKVVvP\"\/><\/p>\n<p class=\"aw-1gybjub aw-1p7kakr kEtdKx cEmitX yle__article__paragraph\">Moni turkistila on tehnyt suuria satsauksia varjotaloihin, hoitokalustoon, nahkomoihin ja varastotiloihin. Se on kannustanut jatkamaan, sanoo K\u00e4rj\u00e4.<\/p>\n<p class=\"aw-1gybjub aw-1p7kakr kEtdKx cEmitX yle__article__paragraph\">\u2013 Miljoonien tai satojentuhansien eurojen investoinnit ovat eteenp\u00e4in viev\u00e4 voima.<\/p>\n<p class=\"aw-1gybjub aw-1p7kakr kEtdKx cEmitX yle__article__paragraph\">Uudestaan aloittaneet tilalliset on hankkineet turkisel\u00e4imet p\u00e4\u00e4osin Ruokaviraston maksamilla korvauksilla, joita tarhaajat saivat lopetetuista el\u00e4imist\u00e4.<\/p>\n<p class=\"aw-1gybjub aw-1p7kakr kEtdKx cEmitX yle__article__paragraph\">Varsinaiseen tuotantoon eli el\u00e4inten ruokintaa, hoitoon ja palkkoihin rahoitus pit\u00e4\u00e4 l\u00f6yty\u00e4 omasta takaa, rahoituslaitokselta tai huutokauppayhti\u00f6lt\u00e4. K\u00e4rj\u00e4 tiet\u00e4\u00e4 turkistarhaajia, joille pankit ovat my\u00f6nt\u00e4neet lainaa t\u00e4n\u00e4kin vuonna.<\/p>\n<p>Nousua odotellessa<\/p>\n<p class=\"aw-1gybjub aw-1p7kakr kEtdKx cEmitX yle__article__paragraph\">Turkisalan kannattavuus on edelleen heikkoa, kertoo alan etuj\u00e4rjest\u00f6n kentt\u00e4p\u00e4\u00e4llikk\u00f6 K\u00e4rj\u00e4.<\/p>\n<p class=\"aw-1gybjub aw-1p7kakr kEtdKx cEmitX yle__article__paragraph\">\u2013 Esimerkiksi ketunnahan keskim\u00e4\u00e4r\u00e4inen myyntihinta ei kata t\u00e4ll\u00e4 hetkell\u00e4 tuotantokustannuksia, eli tuotanto on tappiollista lukuun ottamatta tiettyj\u00e4 tyyppej\u00e4 ja v\u00e4rej\u00e4.<\/p>\n<blockquote class=\"aw-5b7r8f cbYKVf\">\n<p class=\"aw-1gybjub aw-c9wyj2 kEtdKx bijWeu\">Miljoonien tai satojentuhansien eurojen investoinnit ovat eteenp\u00e4in viev\u00e4 voima<\/p>\n<p class=\"aw-1gybjub aw-1pgj57y kEtdKx feofuq\">Hannu K\u00e4rj\u00e4, Suomen Turkisel\u00e4inten Kasvattajain Liiton kentt\u00e4p\u00e4\u00e4llikk\u00f6<\/p>\n<\/blockquote>\n<p class=\"aw-1gybjub aw-1p7kakr kEtdKx cEmitX yle__article__paragraph\">Minkkituotanto sen sijaan on K\u00e4rj\u00e4n mukaan nykyisill\u00e4 nahanhinnoilla p\u00e4\u00e4osin kannattavaa. Nahkojen hintatason pit\u00e4isi nousta, jotta alalla n\u00e4ht\u00e4isiin plusmerkkisi\u00e4 tilinp\u00e4\u00e4t\u00f6ksi\u00e4.<\/p>\n<p class=\"aw-1gybjub aw-1p7kakr kEtdKx cEmitX yle__article__paragraph\">Kev\u00e4\u00e4n turkishuutokauppaan tuottajat suuntaavat positiivisella mielell\u00e4. <a class=\"aw-iao6s4 iHOxEa yle__article__link\" href=\"https:\/\/yle.fi\/a\/74-20070622\" role=\"link\" rel=\"nofollow noopener\" target=\"_blank\">Kaukoid\u00e4n v\u00e4hitt\u00e4ismarkkinoilta kuuluu vaihteeksi hyv\u00e4\u00e4<\/a>, sanoo K\u00e4rj\u00e4.<\/p>\n<p class=\"aw-1gybjub aw-1p7kakr kEtdKx cEmitX yle__article__paragraph\">\u2013 Viimeisimm\u00e4t markkinaennusteet antavat uskoa, ett\u00e4 tulevina vuosina kettutuotanto nousee kannattavaksi.<\/p>\n<p>Uudet el\u00e4imet naapuritiloilta<\/p>\n<p class=\"aw-1gybjub aw-1p7kakr kEtdKx cEmitX yle__article__paragraph\">Uutta alkua on viritelty k\u00e4yntiin tiloilla, jotka sijaitsevat elinkeinon p\u00e4\u00e4tuotantoalueella eli Kaustisella, Evij\u00e4rvell\u00e4, Kauhavalla ja Kalajoella sek\u00e4 ruotsinkielisell\u00e4 Pohjanmaalla.<\/p>\n<p class=\"aw-1gybjub aw-1p7kakr kEtdKx cEmitX yle__article__paragraph\">Toimintaansa jatkaneet tilat ovat hankkineet p\u00e4\u00e4s\u00e4\u00e4nt\u00f6isesti samoja tuotantoel\u00e4imi\u00e4, joita heill\u00e4 oli jo ennen kuin el\u00e4imet piti lopettaa.<\/p>\n<p class=\"aw-1gybjub aw-1p7kakr kEtdKx cEmitX yle__article__paragraph\">Hannu K\u00e4rj\u00e4n arvion mukaan 5\u20137 tarhaa on muuttanut tuotantosuuntaansa.<\/p>\n<p class=\"aw-1gybjub aw-1p7kakr kEtdKx cEmitX yle__article__paragraph\">\u2013 Osa tiloista, joilla oli minkkej\u00e4 ja kettuja, on ottanutkin nyt ainoastaan minkkej\u00e4. Se peilaa markkinatilannetta.<\/p>\n<p class=\"aw-1gybjub aw-1p7kakr kEtdKx cEmitX yle__article__paragraph\">P\u00e4\u00e4osin el\u00e4imi\u00e4 on hankittu kotimaan naapuritiloilta.<\/p>\n<p class=\"aw-1gybjub aw-1p7kakr kEtdKx cEmitX yle__article__paragraph\">Osa turkistiloista on ostanut my\u00f6s ulkomailta tuotuja siitosminkkej\u00e4 p\u00e4\u00e4st\u00e4kseen alkuun. <a class=\"aw-iao6s4 iHOxEa yle__article__link\" href=\"https:\/\/yle.fi\/a\/74-20141889\" role=\"link\" rel=\"nofollow noopener\" target=\"_blank\">Minkkej\u00e4 on t\u00e4n\u00e4 vuonna tuotu Suomeen<\/a> Euroopasta monen vuoden tauon j\u00e4lkeen.<\/p>\n<p>Pitk\u00e4 jalostusty\u00f6 edess\u00e4<\/p>\n<p class=\"aw-1gybjub aw-1p7kakr kEtdKx cEmitX yle__article__paragraph\">T\u00e4n\u00e4 kev\u00e4\u00e4n\u00e4 kaustislainen el\u00e4inten maahantuontifirma Lumi Mink haki ulkomailta 4\u00ad\u00ad\u00a0000 siitosnaarasminkki\u00e4. Niist\u00e4 syntyi kev\u00e4\u00e4ll\u00e4 16\u00a0000 poikasta, kertoo Lumi Minkin toimitusjohtaja <strong class=\"aw-ak79eh KyCXm yle__article__strong\">Jan Lillsund<\/strong>.<\/p>\n<p class=\"aw-1gybjub aw-1p7kakr kEtdKx cEmitX yle__article__paragraph\">\u2013 Noin 7\u00a0000 elinvoimaisinta ja parhainta jalostusyksil\u00f6\u00e4 on myyty ainakin Uuteenkaarlepyyhyn, Kalajoelle, N\u00e4rpi\u00f6\u00f6n ja Kauhavalle, Lillsund summaa.<\/p>\n<p class=\"aw-1gybjub aw-1p7kakr kEtdKx cEmitX yle__article__paragraph\">Suomen Turkisel\u00e4inten Kasvattajain Liiton Hannu K\u00e4rj\u00e4 kuvailee el\u00e4inten jalostusty\u00f6t\u00e4 isoksi ponnistukseksi.<\/p>\n<p class=\"aw-1gybjub aw-1p7kakr kEtdKx cEmitX yle__article__paragraph\">\u2013 Vie noin 5\u201310 vuotta ennen kuin jalostusty\u00f6 saadaan samaan pisteeseen kuin miss\u00e4 se oli ennen el\u00e4inten lopettamista. Vasta silloin ty\u00f6n tulos n\u00e4kyy tilalla.<\/p>\n<p><img decoding=\"async\" alt=\"Turkistarhojen pitki\u00e4 rakennuksia ylh\u00e4\u00e4lt\u00e4 p\u00e4in.\" src=\"https:\/\/www.europesays.com\/fi\/wp-content\/uploads\/2025\/11\/39-13778756731cd9600b45.jpeg\" class=\"aw-1l9m598 hKVVvP\"\/><\/p>\n","protected":false},"excerpt":{"rendered":"Turkistuottajat ovat hankkineet uusia el\u00e4imi\u00e4 sek\u00e4 naapuritiloilta ett\u00e4 Euroopasta. Turkisel\u00e4inten jalostus on kuitenkin pitk\u00e4 tie: tuloksia n\u00e4hd\u00e4\u00e4n vasta&hellip;\n","protected":false},"author":2,"featured_media":103078,"comment_status":"","ping_status":"","sticky":false,"template":"","format":"standard","meta":{"footnotes":""},"categories":[112],"tags":[2786,1377,33,31,30,1672,451,991,71,10381,449,118,32,119,19606,15916,19605,19604],"class_list":{"0":"post-103077","1":"post","2":"type-post","3":"status-publish","4":"format-standard","5":"has-post-thumbnail","7":"category-tiede","8":"tag-elinkeinoelama","9":"tag-etela-pohjanmaa","10":"tag-fi","11":"tag-finland","12":"tag-finnish","13":"tag-kauhava","14":"tag-keski-pohjanmaa","15":"tag-kokkola","16":"tag-kotimaa","17":"tag-minkki","18":"tag-pohjanmaa","19":"tag-science","20":"tag-suomi","21":"tag-tiede","22":"tag-turkikset","23":"tag-turkistarhaus","24":"tag-turkisten-ja-nahkojen-tukkukauppa","25":"tag-turkisteollisuus"},"share_on_mastodon":{"url":"https:\/\/pubeurope.com\/@fi\/115632514610062149","error":""},"_links":{"self":[{"href":"https:\/\/www.europesays.com\/fi\/wp-json\/wp\/v2\/posts\/103077","targetHints":{"allow":["GET"]}}],"collection":[{"href":"https:\/\/www.europesays.com\/fi\/wp-json\/wp\/v2\/posts"}],"about":[{"href":"https:\/\/www.europesays.com\/fi\/wp-json\/wp\/v2\/types\/post"}],"author":[{"embeddable":true,"href":"https:\/\/www.europesays.com\/fi\/wp-json\/wp\/v2\/users\/2"}],"replies":[{"embeddable":true,"href":"https:\/\/www.europesays.com\/fi\/wp-json\/wp\/v2\/comments?post=103077"}],"version-history":[{"count":0,"href":"https:\/\/www.europesays.com\/fi\/wp-json\/wp\/v2\/posts\/103077\/revisions"}],"wp:featuredmedia":[{"embeddable":true,"href":"https:\/\/www.europesays.com\/fi\/wp-json\/wp\/v2\/media\/103078"}],"wp:attachment":[{"href":"https:\/\/www.europesays.com\/fi\/wp-json\/wp\/v2\/media?parent=103077"}],"wp:term":[{"taxonomy":"category","embeddable":true,"href":"https:\/\/www.europesays.com\/fi\/wp-json\/wp\/v2\/categories?post=103077"},{"taxonomy":"post_tag","embeddable":true,"href":"https:\/\/www.europesays.com\/fi\/wp-json\/wp\/v2\/tags?post=103077"}],"curies":[{"name":"wp","href":"https:\/\/api.w.org\/{rel}","templated":true}]}}