{"id":103083,"date":"2025-11-29T10:30:08","date_gmt":"2025-11-29T10:30:08","guid":{"rendered":"https:\/\/www.europesays.com\/fi\/103083\/"},"modified":"2025-11-29T10:30:08","modified_gmt":"2025-11-29T10:30:08","slug":"valtonen-ylella-erinomaista-etta-ukrainassa-on-toimivat-korruptioviranomaiset","status":"publish","type":"post","link":"https:\/\/www.europesays.com\/fi\/103083\/","title":{"rendered":"Valtonen Ylell\u00e4: Erinomaista, ett\u00e4 Ukrainassa on toimivat korruptioviranomaiset"},"content":{"rendered":"<p>Ukraina|Presidentti Zelenskyin kansliap\u00e4\u00e4llikk\u00f6 Andri Jermak erosi sen j\u00e4lkeen, kun korruptionvastaiset viranomaiset olivat tehneet h\u00e4nen luokseen kotietsinn\u00e4n.<\/p>\n<p class=\"article-body mb-nof-24 px-nof-16\">Ulkoministeri <a class=\"article-personlink\" href=\"https:\/\/www.hs.fi\/haku\/?query=Elina%20Valtonen\" rel=\"nofollow noopener\" target=\"_blank\">Elina Valtonen<\/a> (kok) kiitteli lauantaina <a class=\"article-genericlink\" href=\"https:\/\/areena.yle.fi\/1-72626941\" rel=\"nofollow noopener\" target=\"_blank\">Ylen Ykk\u00f6saamussa<\/a> sit\u00e4, ett\u00e4 Ukrainalla on toimivat korruptioviranomaiset. H\u00e4n kommentoi perjantaista uutista, jonka mukaan Ukrainan presidentin <a class=\"article-personlink\" href=\"https:\/\/www.hs.fi\/haku\/?query=Volodymyr%20Zelenskyin\" rel=\"nofollow noopener\" target=\"_blank\">Volodymyr Zelenskyin<\/a> kansliap\u00e4\u00e4llikk\u00f6 <a class=\"article-personlink\" href=\"https:\/\/www.hs.fi\/haku\/?query=Andri%20Jermak\" rel=\"nofollow noopener\" target=\"_blank\">Andri Jermak<\/a> on eronnut. T\u00e4t\u00e4 edelsi korruptionvastaisten viranomaisten tekem\u00e4 etsint\u00e4 Jermakin kotiin.<\/p>\n<p class=\"article-body mb-nof-24 px-nof-16\">\u201dJuuri t\u00e4llainen l\u00e4pin\u00e4kyv\u00e4, korruptiota kitkev\u00e4 mekanismi on tervetullut Ukrainaan. Ja se on sit\u00e4, mit\u00e4 kansa haluaa\u201d, Valtonen sanoi.<\/p>\n<p class=\"article-body mb-nof-24 px-nof-16\">\u201dToisin kuin vaikkapa Ven\u00e4j\u00e4ll\u00e4, siell\u00e4h\u00e4n ei ket\u00e4\u00e4n ikin\u00e4 tuomita korruptiosta, ellei se ole valtaapit\u00e4vien intressiss\u00e4.\u201d<\/p>\n<p class=\"article-body mb-nof-24 px-nof-16\">Valtanen sanoi, ett\u00e4 Ukrainan yhteiskunta kehittyy koko ajan sellaiseen suuntaan, mit\u00e4 ihmiset toivovat. H\u00e4n huomautti, ett\u00e4 maa on ollut demokratia oikeastaan vasta kymmenisen vuotta.<\/p>\n<p class=\"article-body mb-nof-24 px-nof-16\">\u201dSe on noussut sielt\u00e4 neuvostovallan ikeest\u00e4 vuosikymmenten aikana. On tietysti ollut aivan erilainen yhteiskuntamalli ja nimenomaan korruption p\u00e4\u00e4lle rakentuva malli. Ja kansalaiset ovat saaneet siit\u00e4 kyllikseen ja haluavat nimenomaan t\u00e4llaista eurooppalaista suunta, vapaampaa demokratiaa, irti korruptiosta, vahvaa oikeusvaltiota ja l\u00e4pin\u00e4kyv\u00e4\u00e4 markkinataloutta.\u201d<\/p>\n<p class=\"article-body mb-nof-24 px-nof-16\">Valtonen sanoi, ett\u00e4 korruptioskandaali on kuitenkin eritt\u00e4in vakava paitsi Ukrainan my\u00f6s sen eurooppalaisten tukijoiden kannalta. H\u00e4n totesi, ett\u00e4 ajoitus uutiselle on my\u00f6s ik\u00e4v\u00e4.<\/p>\n<p class=\"article-body mb-nof-24 px-nof-16\">Jermak toimi Zelensky\u00e4 l\u00e4hell\u00e4, ja h\u00e4net oli nimetty p\u00e4\u00e4neuvottelijaksi Yhdysvaltojen kanssa rauhansuunnitelmasta k\u00e4yt\u00e4viin neuvotteluihin.<\/p>\n<p class=\"article-body mb-nof-24 px-nof-16\">\u201dVen\u00e4j\u00e4lleh\u00e4n keskeinen osa pelikirjaa on se, ett\u00e4 se ei ik\u00e4\u00e4n kuin joutuisi Ukrainan kanssa ikin\u00e4 edes neuvottelemaan. Koska sille Kiovan hallitus on vain t\u00e4llainen nukkehallitus, jota se ei edes tunnusta\u201d, Valtonen sanoi.<\/p>\n<p class=\"article-body mb-nof-24 px-nof-16\">Siksi h\u00e4n pit\u00e4\u00e4 selv\u00e4n\u00e4, ett\u00e4 Ven\u00e4j\u00e4 tulee k\u00e4ytt\u00e4m\u00e4\u00e4n tapausta hyv\u00e4kseen.<\/p>\n<p class=\"article-body mb-nof-24 px-nof-16\">\u201dMutta siin\u00e4 tietysti tarkkan\u00e4k\u00f6isimm\u00e4t tiet\u00e4v\u00e4t, ett\u00e4 Ven\u00e4j\u00e4n meininki on viel\u00e4 5\u202f000 kertaa pahempaa kuin mit\u00e4 Ukrainasta edes pienen\u00e4 nousee esille.\u201d<\/p>\n","protected":false},"excerpt":{"rendered":"Ukraina|Presidentti Zelenskyin kansliap\u00e4\u00e4llikk\u00f6 Andri Jermak erosi sen j\u00e4lkeen, kun korruptionvastaiset viranomaiset olivat tehneet h\u00e4nen luokseen kotietsinn\u00e4n. Ulkoministeri Elina&hellip;\n","protected":false},"author":2,"featured_media":103084,"comment_status":"","ping_status":"","sticky":false,"template":"","format":"standard","meta":{"footnotes":""},"categories":[14],"tags":[22,23,26,27,33,31,30,17,46,24,25,28,29,15,18,21,32,19,20,56,16,59,60,61],"class_list":{"0":"post-103083","1":"post","2":"type-post","3":"status-publish","4":"format-standard","5":"has-post-thumbnail","7":"category-ulkomaat","8":"tag-breaking-news","9":"tag-breakingnews","10":"tag-featured-news","11":"tag-featurednews","12":"tag-fi","13":"tag-finland","14":"tag-finnish","15":"tag-headlines","16":"tag-helsingin-sanomat","17":"tag-latest-news","18":"tag-latestnews","19":"tag-main-news","20":"tag-mainnews","21":"tag-news","22":"tag-otsikot","23":"tag-paauutiset","24":"tag-suomi","25":"tag-top-stories","26":"tag-topstories","27":"tag-ulkomaat","28":"tag-uutiset","29":"tag-world","30":"tag-world-news","31":"tag-worldnews"},"share_on_mastodon":{"url":"https:\/\/pubeurope.com\/@fi\/115632526108724025","error":""},"_links":{"self":[{"href":"https:\/\/www.europesays.com\/fi\/wp-json\/wp\/v2\/posts\/103083","targetHints":{"allow":["GET"]}}],"collection":[{"href":"https:\/\/www.europesays.com\/fi\/wp-json\/wp\/v2\/posts"}],"about":[{"href":"https:\/\/www.europesays.com\/fi\/wp-json\/wp\/v2\/types\/post"}],"author":[{"embeddable":true,"href":"https:\/\/www.europesays.com\/fi\/wp-json\/wp\/v2\/users\/2"}],"replies":[{"embeddable":true,"href":"https:\/\/www.europesays.com\/fi\/wp-json\/wp\/v2\/comments?post=103083"}],"version-history":[{"count":0,"href":"https:\/\/www.europesays.com\/fi\/wp-json\/wp\/v2\/posts\/103083\/revisions"}],"wp:featuredmedia":[{"embeddable":true,"href":"https:\/\/www.europesays.com\/fi\/wp-json\/wp\/v2\/media\/103084"}],"wp:attachment":[{"href":"https:\/\/www.europesays.com\/fi\/wp-json\/wp\/v2\/media?parent=103083"}],"wp:term":[{"taxonomy":"category","embeddable":true,"href":"https:\/\/www.europesays.com\/fi\/wp-json\/wp\/v2\/categories?post=103083"},{"taxonomy":"post_tag","embeddable":true,"href":"https:\/\/www.europesays.com\/fi\/wp-json\/wp\/v2\/tags?post=103083"}],"curies":[{"name":"wp","href":"https:\/\/api.w.org\/{rel}","templated":true}]}}