{"id":103089,"date":"2025-11-29T10:42:36","date_gmt":"2025-11-29T10:42:36","guid":{"rendered":"https:\/\/www.europesays.com\/fi\/103089\/"},"modified":"2025-11-29T10:42:36","modified_gmt":"2025-11-29T10:42:36","slug":"pyora-lahtee-voron-mukaan-30-60-sekunnissa-ammattivarkailla-on-laitteet-joilla-kaikki-lukot-katkeavat-paikalliset","status":"publish","type":"post","link":"https:\/\/www.europesays.com\/fi\/103089\/","title":{"rendered":"Py\u00f6r\u00e4 l\u00e4htee voron mukaan 30\u201360 sekunnissa \u2013 &#8221;Ammattivarkailla on laitteet, joilla kaikki lukot katkeavat&#8221; | Paikalliset"},"content":{"rendered":"<p>Py\u00f6r\u00e4varkauksien m\u00e4\u00e4r\u00e4 noussee t\u00e4n\u00e4 vuonna samalle tasolle kuin viime vuonna, joka oli kaikkien aikojen enn\u00e4tysvuosi.<\/p>\n<p>Viime vuonna poliisin tietoon tuli vajaat 24\u2009000 varastettua py\u00f6r\u00e4\u00e4 ja vakuutusyhti\u00f6t maksoivat varkauksista korvauksia 11 miljoonaa euroa.<\/p>\n<p>Varkauksia lis\u00e4\u00e4 se, ett\u00e4 uudet py\u00f6r\u00e4t ovat yh\u00e4 kalliimpia ja niiden pime\u00e4 myynti verkossa on helppoa.<\/p>\n<p>Py\u00f6r\u00e4liikkeess\u00e4 ty\u00f6skentelev\u00e4 <strong>Jasse Juvonen<\/strong> sanoo, ett\u00e4 ammattivaras vie py\u00f6r\u00e4n noin 30\u201360 sekunnissa riippuen siit\u00e4, miten ja mihin se on lukittu.<\/p>\n<p>\u2013\u2009Ammattivarkailla on laitteet, joilla kaikki lukot katkeavat. Hyv\u00e4t lukot kuitenkin hidastavat varasta ja v\u00e4hent\u00e4v\u00e4t houkutusta, Juvonen muistuttaa.<\/p>\n<p>Juvonen suositteleekin hankkimaan laatulukon.<\/p>\n<p>\u2013\u2009Hyv\u00e4t u-lukot maksavat 40\u201380 euroa. Ketjulukkojen hinta on 30\u201350 euroa. Niiden yhdistelm\u00e4 on taittolukko, joka on paitsi kest\u00e4v\u00e4, my\u00f6s s\u00e4teelt\u00e4\u00e4n laaja-alainen. Sellaiset maksavat 50\u201390 euroa.<\/p>\n<p>Juvosen mukaan lukkoja on syyt\u00e4 olla ainakin kaksi. Toinen voi olla perinteinen runkolukko, joka on usein py\u00f6r\u00e4n vakiovaruste.<\/p>\n<p><strong class=\"diks-storyline__impact\">T\u00e4rke\u00e4\u00e4<\/strong> on kiinnitt\u00e4\u00e4 lukko py\u00f6r\u00e4n runkoon sek\u00e4 johonkin kiinte\u00e4\u00e4n kohteeseen. Lukittua py\u00f6r\u00e4\u00e4k\u00e4\u00e4n ei pid\u00e4 j\u00e4tt\u00e4\u00e4 houkuttelevalle paikalle, esimerkiksi juna-asemille, liian pitk\u00e4ksi aikaa.<\/p>\n<p>Helsingin Uutiset kertoi toissa viikonvaihteessa miehest\u00e4, jolta vietiin 4\u2009000 euron arvoinen py\u00f6r\u00e4 kotiovelta, vaikka se oli lukittu kahdella lukolla. Mies sai py\u00f6r\u00e4n takaisin viritetty\u00e4\u00e4n varkaalle ansan Tori.fi-palveluun, jonne menopeli pian ilmestyi myyntiin.<\/p>\n<p>My\u00f6s etupy\u00f6r\u00e4varkauksien ehk\u00e4isyyn on olemassa teknisi\u00e4 ratkaisuja. Juvonen esittelee mekanismia, joka aukeaa vain erikoisavaimella.<\/p>\n","protected":false},"excerpt":{"rendered":"Py\u00f6r\u00e4varkauksien m\u00e4\u00e4r\u00e4 noussee t\u00e4n\u00e4 vuonna samalle tasolle kuin viime vuonna, joka oli kaikkien aikojen enn\u00e4tysvuosi. Viime vuonna poliisin&hellip;\n","protected":false},"author":2,"featured_media":103090,"comment_status":"","ping_status":"","sticky":false,"template":"","format":"standard","meta":{"footnotes":""},"categories":[86],"tags":[420,33,31,30,2231,104,421,19611,19607,19608,19609,32,91,92,19610],"class_list":{"0":"post-103089","1":"post","2":"type-post","3":"status-publish","4":"format-standard","5":"has-post-thumbnail","7":"category-laitteet","8":"tag-equipment","9":"tag-fi","10":"tag-finland","11":"tag-finnish","12":"tag-helsingin-kaupunki","13":"tag-helsinki","14":"tag-laitteet","15":"tag-lukko-laite","16":"tag-omaisuusrikos","17":"tag-polkupyorien-ja-pyorailytarvikkeiden-vahittaiskauppa","18":"tag-pyoravarkaus","19":"tag-suomi","20":"tag-technology","21":"tag-teknologia","22":"tag-tori-fi"},"share_on_mastodon":{"url":"https:\/\/pubeurope.com\/@fi\/115632573183119560","error":""},"_links":{"self":[{"href":"https:\/\/www.europesays.com\/fi\/wp-json\/wp\/v2\/posts\/103089","targetHints":{"allow":["GET"]}}],"collection":[{"href":"https:\/\/www.europesays.com\/fi\/wp-json\/wp\/v2\/posts"}],"about":[{"href":"https:\/\/www.europesays.com\/fi\/wp-json\/wp\/v2\/types\/post"}],"author":[{"embeddable":true,"href":"https:\/\/www.europesays.com\/fi\/wp-json\/wp\/v2\/users\/2"}],"replies":[{"embeddable":true,"href":"https:\/\/www.europesays.com\/fi\/wp-json\/wp\/v2\/comments?post=103089"}],"version-history":[{"count":0,"href":"https:\/\/www.europesays.com\/fi\/wp-json\/wp\/v2\/posts\/103089\/revisions"}],"wp:featuredmedia":[{"embeddable":true,"href":"https:\/\/www.europesays.com\/fi\/wp-json\/wp\/v2\/media\/103090"}],"wp:attachment":[{"href":"https:\/\/www.europesays.com\/fi\/wp-json\/wp\/v2\/media?parent=103089"}],"wp:term":[{"taxonomy":"category","embeddable":true,"href":"https:\/\/www.europesays.com\/fi\/wp-json\/wp\/v2\/categories?post=103089"},{"taxonomy":"post_tag","embeddable":true,"href":"https:\/\/www.europesays.com\/fi\/wp-json\/wp\/v2\/tags?post=103089"}],"curies":[{"name":"wp","href":"https:\/\/api.w.org\/{rel}","templated":true}]}}