{"id":103091,"date":"2025-11-29T10:44:07","date_gmt":"2025-11-29T10:44:07","guid":{"rendered":"https:\/\/www.europesays.com\/fi\/103091\/"},"modified":"2025-11-29T10:44:07","modified_gmt":"2025-11-29T10:44:07","slug":"florence-pugh-29-oli-suhteessa-21-vuotta-vanhemman-nayttelijan-kanssa-saan-tehda-mita-vttua-haluan","status":"publish","type":"post","link":"https:\/\/www.europesays.com\/fi\/103091\/","title":{"rendered":"Florence Pugh, 29, oli suhteessa 21 vuotta vanhemman n\u00e4yttelij\u00e4n kanssa: &#8221;Saan tehd\u00e4 mit\u00e4 v*ttua haluan&#8221;"},"content":{"rendered":"<p><a href=\"https:\/\/www.eonline.com\/news\/1424901\/florence-pugh-on-zach-braff-relationship-criticism\" rel=\"nofollow noopener\" target=\"_blank\">E! Online<\/a> uutisoi haastattelusta, jossa n\u00e4yttelij\u00e4 <strong>Florence Pugh <\/strong>kertoo loukkaantuneensa siit\u00e4, miten h\u00e4nen ja<strong> Zach Braffin<\/strong> suhteesta puhuttiin julkisuudessa.<\/p>\n<p>Pugh ja Braff olivat yhdess\u00e4 kolme vuotta. Suhde p\u00e4\u00e4ttyi 2022. Puheita her\u00e4tti se, ett\u00e4 ik\u00e4eroa entisen pariskunnan v\u00e4lill\u00e4 oli 21 vuotta.<\/p>\n<p>\u201dIhmiset eiv\u00e4t v\u00e4lit\u00e4 romanssista tai suhteesta. He haluavat tarinan. He haluavat tosi-tv-ohjelman. Ei ole v\u00e4li\u00e4 kuinka paljon sanot rakastavasi toista, tai ett\u00e4 se toinen tekee sinut onnelliseksi. Jos sinusta ei pidet\u00e4 tai juttu ei sovi heid\u00e4n kuvaansa sinusta, he eiv\u00e4t v\u00e4lit\u00e4. Se satutti minua\u201d, Pugh sanoo.<\/p>\n<p>N\u00e4yttelij\u00e4 kokee, ett\u00e4 h\u00e4nen piti puolustella suhdettaan vanhempaan mieheen.<\/p>\n<p>\u201dPistin kampoihin h\u00e4nen ja itseni vuoksi, koska saan tehd\u00e4 mit\u00e4 v*ttua haluan. Se muutti ihmisten mielipiteit\u00e4. Muutama julkisuudesta tuttu ihminen on l\u00e4hestynyt minua ja sanonut, ett\u00e4 he eiv\u00e4t ajatelleet asiaa minun kantiltani, ja kiittiv\u00e4t.\u201d<\/p>\n<p>Pugh ei aio en\u00e4\u00e4 jakaa julkisuudessa niin paljon omista suhteistaan, kuin muutama vuosi sitten.<\/p>\n<p><a href=\"https:\/\/www.episodi.fi\/uutiset\/florence-pugh-masennuin-puoleksi-vuodeksi-midsommarin-takia\/\" rel=\"nofollow noopener\" target=\"_blank\">Lue my\u00f6s: Florence Pugh: \u201dMasennuin puoleksi vuodeksi Midsommarin takia\u201d<\/a><\/p>\n<p>Lue my\u00f6s: <a href=\"https:\/\/www.episodi.fi\/uutiskirje\/?uutiskirjemainos=tekstilinkkimainos\" title=\"Tilaa Episodin uutiskirje ja voit voittaa leffalippuja! Nappaa tv-vinkit suoraan s\u00e4hk\u00f6postiin t\u00e4st\u00e4.\" class=\"underline-custom !font-montserrat !font-bold !underline-offset-4 !decoration-4 !decoration-episodi-blue !text-md\" rel=\"nofollow noopener\" target=\"_blank\">Tilaa Episodin uutiskirje ja voit voittaa leffalippuja! Nappaa katseluvinkit suoraan s\u00e4hk\u00f6postiin t\u00e4st\u00e4.<\/a><\/p>\n<p>\t\t\tAiheeseen liittyvi\u00e4 elokuvia<\/p>\n","protected":false},"excerpt":{"rendered":"E! Online uutisoi haastattelusta, jossa n\u00e4yttelij\u00e4 Florence Pugh kertoo loukkaantuneensa siit\u00e4, miten h\u00e4nen ja Zach Braffin suhteesta puhuttiin&hellip;\n","protected":false},"author":2,"featured_media":103092,"comment_status":"","ping_status":"","sticky":false,"template":"","format":"standard","meta":{"footnotes":""},"categories":[136],"tags":[407,137,33,31,30,6562,6302,408,32,109,19235],"class_list":{"0":"post-103091","1":"post","2":"type-post","3":"status-publish","4":"format-standard","5":"has-post-thumbnail","7":"category-julkkikset","8":"tag-celebrities","9":"tag-entertainment","10":"tag-fi","11":"tag-finland","12":"tag-finnish","13":"tag-florence-pugh","14":"tag-ignostot","15":"tag-julkkikset","16":"tag-suomi","17":"tag-viihde","18":"tag-zach-braff"},"share_on_mastodon":{"url":"https:\/\/pubeurope.com\/@fi\/115632581055503159","error":""},"_links":{"self":[{"href":"https:\/\/www.europesays.com\/fi\/wp-json\/wp\/v2\/posts\/103091","targetHints":{"allow":["GET"]}}],"collection":[{"href":"https:\/\/www.europesays.com\/fi\/wp-json\/wp\/v2\/posts"}],"about":[{"href":"https:\/\/www.europesays.com\/fi\/wp-json\/wp\/v2\/types\/post"}],"author":[{"embeddable":true,"href":"https:\/\/www.europesays.com\/fi\/wp-json\/wp\/v2\/users\/2"}],"replies":[{"embeddable":true,"href":"https:\/\/www.europesays.com\/fi\/wp-json\/wp\/v2\/comments?post=103091"}],"version-history":[{"count":0,"href":"https:\/\/www.europesays.com\/fi\/wp-json\/wp\/v2\/posts\/103091\/revisions"}],"wp:featuredmedia":[{"embeddable":true,"href":"https:\/\/www.europesays.com\/fi\/wp-json\/wp\/v2\/media\/103092"}],"wp:attachment":[{"href":"https:\/\/www.europesays.com\/fi\/wp-json\/wp\/v2\/media?parent=103091"}],"wp:term":[{"taxonomy":"category","embeddable":true,"href":"https:\/\/www.europesays.com\/fi\/wp-json\/wp\/v2\/categories?post=103091"},{"taxonomy":"post_tag","embeddable":true,"href":"https:\/\/www.europesays.com\/fi\/wp-json\/wp\/v2\/tags?post=103091"}],"curies":[{"name":"wp","href":"https:\/\/api.w.org\/{rel}","templated":true}]}}