{"id":103098,"date":"2025-11-29T10:56:08","date_gmt":"2025-11-29T10:56:08","guid":{"rendered":"https:\/\/www.europesays.com\/fi\/103098\/"},"modified":"2025-11-29T10:56:08","modified_gmt":"2025-11-29T10:56:08","slug":"droonien-kaytossa-tapahtui-rintamalla-suuri-muutos","status":"publish","type":"post","link":"https:\/\/www.europesays.com\/fi\/103098\/","title":{"rendered":"Droonien k\u00e4yt\u00f6ss\u00e4 tapahtui rintamalla suuri muutos"},"content":{"rendered":"<p class=\"ai-optimize-6 ai-optimize-introduction\">Ven\u00e4j\u00e4n droonisodank\u00e4ynniss\u00e4 on tapahtunut silmiinpist\u00e4v\u00e4 muutos, arvioi Yhdysvaltojen asevoimien sotilasakatemian West Pointin apulaisprofessori <strong>Vikram Mittal<\/strong> <a href=\"https:\/\/www.forbes.com\/sites\/vikrammittal\/2025\/11\/25\/russia-shifts-drone-strategy-increasing-usage-of-reusable-drones\/\" target=\"_blank\" rel=\"noopener nofollow\">Forbes<\/a>-lehden artikkelissaan. Insin\u00f6\u00f6ri ja reservin everstiluutnantti Mittal on ilmasodank\u00e4ynnin asiantuntija.<\/p>\n<p class=\"ai-optimize-10\">Ukrainan kaltaisissa n\u00e4\u00e4nnytyssodissa keskeist\u00e4 on aseiden saaminen rintamalle, Mittal kirjoittaa. Sodat suosivat sit\u00e4 osapuolta, joka parhaiten pystyy turvaamaan etulinjan asetoimitukset. Ukrainassa kriittiseen rooliin ovat nousseet droonit. Sek\u00e4 Ukraina ett\u00e4 Ven\u00e4j\u00e4 ovat sodan aikana k\u00e4ytt\u00e4neet iskuissaan etenkin videolinkin avulla ohjattavia itsemurhadrooneja, jotka ovat Mittalin mukaan sek\u00e4 halpoja sek\u00e4 tappavia.<\/p>\n<p class=\"ai-optimize-11\">Ven\u00e4j\u00e4 on kuitenkin alkanut siirty\u00e4 itsemurhadrooneista uudelleenk\u00e4ytett\u00e4viin drooneihin, asiantuntija toteaa. Muutos on tapahtunut olosuhteiden pakosta, droonien suuren menekin ja toimitusketjujen vaikeuksien sanelemana. Ven\u00e4j\u00e4 k\u00e4ytt\u00e4\u00e4 nyt uudelleenk\u00e4ytett\u00e4vi\u00e4 drooneja niin hy\u00f6kk\u00e4yksiss\u00e4 kuin ilmatorjunnassa, Mittal kirjoittaa.<\/p>\n<p class=\"ai-optimize-11\">Ven\u00e4j\u00e4n asevoimat on videoillaan esitellyt muun muassa h\u00e4irint\u00e4\u00e4 kest\u00e4v\u00e4\u00e4 Y\u00f6noita-droonia, joka pystyy pudottamaan kohteeseensa useamman kranaatin ja lent\u00e4m\u00e4\u00e4n takaisin. Y\u00f6noidan lentoaika on ven\u00e4l\u00e4isten mukaan 40 minuuttia. Y\u00f6noitaa pienempi on Bulldog 13-nelikopteri, jonka elektronista h\u00e4irint\u00e4\u00e4 kest\u00e4v\u00e4 ohjaus my\u00f6s mahdollistaa uudelleenk\u00e4yt\u00f6n.<\/p>\n<p class=\"ai-optimize-16\">Ven\u00e4j\u00e4n uusissa drooneissa on Mittalin mukaan loppujen lopuksi kyse resursseista. Ven\u00e4j\u00e4n joukot tarvitsevat yh\u00e4 kehittyneempi\u00e4 droonij\u00e4rjestelmi\u00e4, mutta Ven\u00e4j\u00e4 ei yksinkertaisesti pysty tuottamaan liukuhihnalta kalliita sensoreita ja prosessoreita. L\u00e4nnen pakotteet ovat iskeneet Ven\u00e4j\u00e4n toimitusketjuihin, ja hy\u00f6kk\u00e4\u00e4j\u00e4 on nyt kriittisten komponenttien saamisessa riippuvainen etenkin Kiinasta.<\/p>\n<p class=\"ai-optimize-17\">\u2013 Samaan aikaan Ukrainan iskut Ven\u00e4j\u00e4n droonitehtaisiin ovat h\u00e4irinneet kotimaista valmistusta. N\u00e4ist\u00e4 syist\u00e4 kertak\u00e4ytt\u00f6isten droonien valmistaminen tuhannen kilometrin pituisen rintamalinjan tarpeisiin on k\u00e4ynyt vaikeaksi. Siirtyminen uudelleenk\u00e4ytett\u00e4viin drooneihin on siten sek\u00e4 k\u00e4yt\u00e4nn\u00f6llinen ett\u00e4 taloudellinen v\u00e4ltt\u00e4m\u00e4tt\u00f6myys, Mittal kirjoittaa.<\/p>\n<p class=\"ai-optimize-13\">My\u00f6s Ukraina voi kohta siirty\u00e4 uudelleenk\u00e4ytett\u00e4viin drooneihin, Mittal pohtii, sill\u00e4 maa painii osittain samojen ongelmien kanssa kuin Ven\u00e4j\u00e4. Varmaa on kuitenkin se, ett\u00e4 droonisodank\u00e4ynti tulee jatkossakin kehittym\u00e4\u00e4n Ukrainan rintamalla, asiantuntija p\u00e4\u00e4tt\u00e4\u00e4.<\/p>\n","protected":false},"excerpt":{"rendered":"Ven\u00e4j\u00e4n droonisodank\u00e4ynniss\u00e4 on tapahtunut silmiinpist\u00e4v\u00e4 muutos, arvioi Yhdysvaltojen asevoimien sotilasakatemian West Pointin apulaisprofessori Vikram Mittal Forbes-lehden artikkelissaan. Insin\u00f6\u00f6ri&hellip;\n","protected":false},"author":2,"featured_media":103099,"comment_status":"","ping_status":"","sticky":false,"template":"","format":"standard","meta":{"footnotes":""},"categories":[14],"tags":[22,23,759,26,27,33,31,30,17,24,25,28,29,15,18,21,32,19,20,549,56,16,547,59,60,61],"class_list":{"0":"post-103098","1":"post","2":"type-post","3":"status-publish","4":"format-standard","5":"has-post-thumbnail","7":"category-ulkomaat","8":"tag-breaking-news","9":"tag-breakingnews","10":"tag-droonit","11":"tag-featured-news","12":"tag-featurednews","13":"tag-fi","14":"tag-finland","15":"tag-finnish","16":"tag-headlines","17":"tag-latest-news","18":"tag-latestnews","19":"tag-main-news","20":"tag-mainnews","21":"tag-news","22":"tag-otsikot","23":"tag-paauutiset","24":"tag-suomi","25":"tag-top-stories","26":"tag-topstories","27":"tag-ukrainan-sota","28":"tag-ulkomaat","29":"tag-uutiset","30":"tag-venaja","31":"tag-world","32":"tag-world-news","33":"tag-worldnews"},"share_on_mastodon":{"url":"https:\/\/pubeurope.com\/@fi\/115632628434981756","error":""},"_links":{"self":[{"href":"https:\/\/www.europesays.com\/fi\/wp-json\/wp\/v2\/posts\/103098","targetHints":{"allow":["GET"]}}],"collection":[{"href":"https:\/\/www.europesays.com\/fi\/wp-json\/wp\/v2\/posts"}],"about":[{"href":"https:\/\/www.europesays.com\/fi\/wp-json\/wp\/v2\/types\/post"}],"author":[{"embeddable":true,"href":"https:\/\/www.europesays.com\/fi\/wp-json\/wp\/v2\/users\/2"}],"replies":[{"embeddable":true,"href":"https:\/\/www.europesays.com\/fi\/wp-json\/wp\/v2\/comments?post=103098"}],"version-history":[{"count":0,"href":"https:\/\/www.europesays.com\/fi\/wp-json\/wp\/v2\/posts\/103098\/revisions"}],"wp:featuredmedia":[{"embeddable":true,"href":"https:\/\/www.europesays.com\/fi\/wp-json\/wp\/v2\/media\/103099"}],"wp:attachment":[{"href":"https:\/\/www.europesays.com\/fi\/wp-json\/wp\/v2\/media?parent=103098"}],"wp:term":[{"taxonomy":"category","embeddable":true,"href":"https:\/\/www.europesays.com\/fi\/wp-json\/wp\/v2\/categories?post=103098"},{"taxonomy":"post_tag","embeddable":true,"href":"https:\/\/www.europesays.com\/fi\/wp-json\/wp\/v2\/tags?post=103098"}],"curies":[{"name":"wp","href":"https:\/\/api.w.org\/{rel}","templated":true}]}}