{"id":103119,"date":"2025-11-29T11:36:09","date_gmt":"2025-11-29T11:36:09","guid":{"rendered":"https:\/\/www.europesays.com\/fi\/103119\/"},"modified":"2025-11-29T11:36:09","modified_gmt":"2025-11-29T11:36:09","slug":"amanda-saari-tilittaa-rajusti-ilta-sanomat","status":"publish","type":"post","link":"https:\/\/www.europesays.com\/fi\/103119\/","title":{"rendered":"Amanda Saari tilitt\u00e4\u00e4 rajusti &#8211; Ilta-Sanomat"},"content":{"rendered":"<p>Amanda Saari ei silitellyt kisaj\u00e4rjest\u00e4ji\u00e4.<\/p>\n<p class=\"article-body mb-nof-24 px-nof-16\">Kuusamo<\/p>\n<p class=\"article-body mb-nof-24 px-nof-16\">Suomen <a class=\"article-personlink\" href=\"https:\/\/www.is.fi\/haku\/?query=Amanda%20Saari\" rel=\"nofollow noopener\" target=\"_blank\">Amanda Saari <\/a>pettyi rajusti j\u00e4\u00e4ty\u00e4\u00e4n alkuer\u00e4\u00e4n Rukan maailmancupin sprintiss\u00e4 lauantaina.<\/p>\n<p class=\"article-body mb-nof-24 px-nof-16\">Saari, 25, sai er\u00e4\u00e4n surkean l\u00e4hd\u00f6n, kun h\u00e4nen sauvansa juuttui lumeen.<\/p>\n<p class=\"article-body mb-nof-24 px-nof-16\">\u2013 Laitoin sauvat normaalisti, ja kun l\u00e4hdin ty\u00f6nt\u00e4m\u00e4\u00e4n, sauvat meniv\u00e4t l\u00e4pi. Kun on isompi sompa, niin se upposi lumeen varmaan 20\u201325 sentti\u00e4 ja tuntui, ett\u00e4 k\u00e4si l\u00e4htee irti.<\/p>\n<p class=\"article-body mb-nof-24 px-nof-16\">H\u00e4n kohtasi lis\u00e4\u00e4 ongelmia ensimm\u00e4isen alam\u00e4en j\u00e4lkeen ajauduttuaan latumerkin v\u00e4\u00e4r\u00e4lle puolelle ruuhkan takia. Tamperelainen sai tilanteesta keltaisen kortin.<\/p>\n<p class=\"article-body mb-nof-24 px-nof-16\">\u2013 Siin\u00e4 jouduin kiihdytt\u00e4m\u00e4\u00e4n uudelleen ihan samalla lailla kuin l\u00e4hd\u00f6ss\u00e4, niin se s\u00f6i voimia enk\u00e4 pystynyt taistelemaan jatkopaikasta.<\/p>\n<p class=\"article-body mb-nof-24 px-nof-16\">H\u00e4n ei anna j\u00e4rjest\u00e4jille puhtaita papereita.<\/p>\n<p class=\"article-body mb-nof-24 px-nof-16\">\u2013 J\u00e4rjest\u00e4j\u00e4n pit\u00e4isi taata kaikille tasavertaiset olosuhteet. Mist\u00e4 min\u00e4 voin tiet\u00e4\u00e4, jos tuosta ei ole kukaan t\u00e4n\u00e4\u00e4n viel\u00e4 hiiht\u00e4nyt, ett\u00e4 sauva menee ty\u00f6nt\u00e4ess\u00e4 l\u00e4pi?<\/p>\n<p><img decoding=\"async\" src=\"https:\/\/www.europesays.com\/fi\/wp-content\/uploads\/2025\/11\/1764416168_103_468.jpg\" alt=\"Amanda Saaren paras maailmancupin sijoitus (9:s) tuli Rukalta vuosi sitten.\" class=\"_Img_1rerz_1\" style=\"aspect-ratio:1.5023474178403755\" loading=\"eager\"\/><\/p>\n<p class=\"article-picture-caption\">Amanda Saaren paras maailmancupin sijoitus (9:s) tuli Rukalta vuosi sitten. Kuva:\u00a0Roni Rekomaa \/ Lehtikuva<\/p>\n<p class=\"article-body mb-nof-24 px-nof-16\">Perinteisen tyylin taitaja Saari tavoitteli uransa ensimm\u00e4ist\u00e4 maailmancupin loppukilpailupaikkaa. Lauantain kisa oli t\u00e4rke\u00e4 n\u00e4yt\u00f6npaikka my\u00f6s olympialaisiin, jossa hiihdet\u00e4\u00e4n niin ik\u00e4\u00e4n perinteisen sprintti.<\/p>\n<p class=\"article-body mb-nof-24 px-nof-16\">\u2013 Kyll\u00e4 t\u00e4m\u00e4 aika helvetisti ottaa p\u00e4\u00e4h\u00e4n.<\/p>\n<p class=\"article-body mb-nof-24 px-nof-16\">Perinteisen sprintti sivakoidaan maailmancupissa my\u00f6s ensi viikonloppuna Trondheimissa.<\/p>\n<p class=\"article-body mb-nof-24 px-nof-16\">\u2013 T\u00e4ss\u00e4 on kaksi n\u00e4ytt\u00f6paikkaa ja ensimm\u00e4inen meni ihan vituiksi, Saari kirosi.<\/p>\n","protected":false},"excerpt":{"rendered":"Amanda Saari ei silitellyt kisaj\u00e4rjest\u00e4ji\u00e4. Kuusamo Suomen Amanda Saari pettyi rajusti j\u00e4\u00e4ty\u00e4\u00e4n alkuer\u00e4\u00e4n Rukan maailmancupin sprintiss\u00e4 lauantaina. Saari,&hellip;\n","protected":false},"author":2,"featured_media":103120,"comment_status":"","ping_status":"","sticky":false,"template":"","format":"standard","meta":{"footnotes":""},"categories":[136],"tags":[407,137,33,31,30,34,408,32,109],"class_list":{"0":"post-103119","1":"post","2":"type-post","3":"status-publish","4":"format-standard","5":"has-post-thumbnail","7":"category-julkkikset","8":"tag-celebrities","9":"tag-entertainment","10":"tag-fi","11":"tag-finland","12":"tag-finnish","13":"tag-ilta-sanomat","14":"tag-julkkikset","15":"tag-suomi","16":"tag-viihde"},"share_on_mastodon":{"url":"https:\/\/pubeurope.com\/@fi\/115632785681643200","error":""},"_links":{"self":[{"href":"https:\/\/www.europesays.com\/fi\/wp-json\/wp\/v2\/posts\/103119","targetHints":{"allow":["GET"]}}],"collection":[{"href":"https:\/\/www.europesays.com\/fi\/wp-json\/wp\/v2\/posts"}],"about":[{"href":"https:\/\/www.europesays.com\/fi\/wp-json\/wp\/v2\/types\/post"}],"author":[{"embeddable":true,"href":"https:\/\/www.europesays.com\/fi\/wp-json\/wp\/v2\/users\/2"}],"replies":[{"embeddable":true,"href":"https:\/\/www.europesays.com\/fi\/wp-json\/wp\/v2\/comments?post=103119"}],"version-history":[{"count":0,"href":"https:\/\/www.europesays.com\/fi\/wp-json\/wp\/v2\/posts\/103119\/revisions"}],"wp:featuredmedia":[{"embeddable":true,"href":"https:\/\/www.europesays.com\/fi\/wp-json\/wp\/v2\/media\/103120"}],"wp:attachment":[{"href":"https:\/\/www.europesays.com\/fi\/wp-json\/wp\/v2\/media?parent=103119"}],"wp:term":[{"taxonomy":"category","embeddable":true,"href":"https:\/\/www.europesays.com\/fi\/wp-json\/wp\/v2\/categories?post=103119"},{"taxonomy":"post_tag","embeddable":true,"href":"https:\/\/www.europesays.com\/fi\/wp-json\/wp\/v2\/tags?post=103119"}],"curies":[{"name":"wp","href":"https:\/\/api.w.org\/{rel}","templated":true}]}}