{"id":103125,"date":"2025-11-29T11:48:09","date_gmt":"2025-11-29T11:48:09","guid":{"rendered":"https:\/\/www.europesays.com\/fi\/103125\/"},"modified":"2025-11-29T11:48:09","modified_gmt":"2025-11-29T11:48:09","slug":"putinin-lempilapsesta-raju-paatos-aivan-karmeaa","status":"publish","type":"post","link":"https:\/\/www.europesays.com\/fi\/103125\/","title":{"rendered":"Putinin lempilapsesta raju p\u00e4\u00e4t\u00f6s: \u201dAivan karmeaa\u201d"},"content":{"rendered":"<p>Ven\u00e4l\u00e4iset judokat saavat j\u00e4lleen kilpailla Ven\u00e4j\u00e4n lipun alla.<\/p>\n<p><img decoding=\"async\" class=\"image image-show image-preview\" src=\"https:\/\/www.europesays.com\/fi\/wp-content\/uploads\/2025\/11\/a4593c04a275acf9aafbeab0f6ad2ec91642ff15a5bca413effd02cf23581867.jpg\" alt=\"\"\/><img decoding=\"async\" class=\"image image-show\" src=\"https:\/\/www.europesays.com\/fi\/wp-content\/uploads\/2025\/11\/1764416888_670_a4593c04a275acf9aafbeab0f6ad2ec91642ff15a5bca413effd02cf23581867.jpg\" alt=\"\"\/><\/p>\n<p>Judo on Vladimir Putinin laji. EPA \/ AOP<\/p>\n<p class=\"paragraph\">Ven\u00e4l\u00e4isi\u00e4 judokoita on n\u00e4hty mittelem\u00e4ss\u00e4 arvokisoissa yh\u00e4 jatkuvan Ukrainan sodan aikana. T\u00e4h\u00e4n asti he ovat kuitenkin kisanneet neutraaleina urheilijoina.<\/p>\n<p class=\"paragraph\">Asia muuttuu t\u00e4n\u00e4 viikonloppuna. <a href=\"https:\/\/www.ijf.org\/news\/show\/sport-the-last-bridge-for-reconciliation-and-peace\" target=\"_blank\" rel=\"noopener nofollow\">Kansainv\u00e4linen judoliitto (IJF) tiedotti<\/a> torstaina, ett\u00e4 ven\u00e4l\u00e4iset saavat j\u00e4lleen k\u00e4ytt\u00e4\u00e4 maatunnuksiaan liiton alaisissa kilpailuissa. N\u00e4in ollen Ven\u00e4j\u00e4n lippu liehuu ja kansallishymni soi jatkossa kansainv\u00e4lisiss\u00e4 judoturnauksissa.<\/p>\n<p class=\"paragraph\">IJF perusteli p\u00e4\u00e4t\u00f6st\u00e4 \u201dtasa-arvoisella kohtelulla\u201d. Valko-Ven\u00e4j\u00e4n maatunnukset palautettiin k\u00e4ytt\u00f6\u00f6n jo aiemmin.<\/p>\n<p class=\"paragraph\">P\u00e4\u00e4t\u00f6ksen siunasi IJF:n johtoryhm\u00e4.<\/p>\n<p class=\"paragraph\">Ven\u00e4j\u00e4n lipun paluu on merkitt\u00e4v\u00e4 asia maan urheilulle. Judo on tunnettu presidentti <strong>Vladimir Putinin<\/strong> lempilapsena urheilun saralla. Putinilla on judossa musta vy\u00f6 \u2013 tai oli viel\u00e4 ennen hy\u00f6kk\u00e4yssotaa \u2013 ja h\u00e4n on k\u00e4ytt\u00e4nyt lajia vallan v\u00e4lineen\u00e4 vuosien ajan.<\/p>\n<p class=\"paragraph\">Muun muassa ven\u00e4l\u00e4inen <strong>Inal Tasojev<\/strong> on raskaansarjan hallitseva maailmanmestari t\u00e4lt\u00e4 vuodelta, ja samalla ykk\u00f6snimi <strong>Martti Puumalaisen<\/strong> painoluokassa.<\/p>\n<p>Sama pomo vei Putinilta tittelin<\/p>\n<p class=\"paragraph\">Ven\u00e4j\u00e4ll\u00e4 IJF:n p\u00e4\u00e4t\u00f6ksest\u00e4 riemuittiin.<\/p>\n<p class=\"paragraph\">\u2013\u2009Judo on yksi Ven\u00e4j\u00e4n suosikkilajeista. Noin puoli miljoonaa ihmist\u00e4 on harrastaa sit\u00e4 s\u00e4\u00e4nn\u00f6llisesti. Se on t\u00e4rke\u00e4, presidentillinen laji meille, Ven\u00e4j\u00e4n urheiluministeri <strong>Mihail Degtjarjov<\/strong> kirjoitti Telegramissa <a href=\"https:\/\/www.themoscowtimes.com\/2025\/11\/27\/international-judo-body-allows-russian-athletes-to-compete-under-flag-again-a91255\" target=\"_blank\" rel=\"noopener nofollow\">The Moscow Timesin<\/a> mukaan.<\/p>\n<p class=\"paragraph\">Norjassa <a href=\"https:\/\/www.dagbladet.no\/sport\/russland-jubler\/83907571\" target=\"_blank\" rel=\"noopener nofollow\">Dagbladetin<\/a> toimittaja <strong>Esten O. S\u00e6ther<\/strong> latasi kovaa teksti\u00e4.<\/p>\n<p class=\"paragraph\">\u2013\u2009Aivan karmeaa. T\u00e4llaisella hetkell\u00e4, kun Putinin sotakoneistolle pit\u00e4isi antaa mahdollisimman kovaa painetta, h\u00e4nelle p\u00e4\u00e4tet\u00e4\u00e4nkin antaa periksi judossa.<\/p>\n<p class=\"paragraph\">\u2013\u2009T\u00e4m\u00e4 on j\u00e4lleen esimerkki siit\u00e4, ett\u00e4 kaikki maailman urheilup\u00e4\u00e4tt\u00e4j\u00e4t eiv\u00e4t hahmota, mit\u00e4 Euroopassa tapahtuu t\u00e4ll\u00e4 hetkell\u00e4, h\u00e4n sanoi.<\/p>\n<p class=\"paragraph\">IJF:n puheenjohtaja on romanialainen <strong>Marius Vizer<\/strong>, jolla on my\u00f6s It\u00e4vallan passi. Vizerin puheenjohtajakaudella IJF poisti Putinilta pois kunniapuheenjohtajan tittelin, kun Ven\u00e4j\u00e4n aloitti hy\u00f6kk\u00e4yssodan Ukrainassa.<\/p>\n","protected":false},"excerpt":{"rendered":"Ven\u00e4l\u00e4iset judokat saavat j\u00e4lleen kilpailla Ven\u00e4j\u00e4n lipun alla. Judo on Vladimir Putinin laji. EPA \/ AOP Ven\u00e4l\u00e4isi\u00e4 judokoita&hellip;\n","protected":false},"author":2,"featured_media":103126,"comment_status":"","ping_status":"","sticky":false,"template":"","format":"standard","meta":{"footnotes":""},"categories":[14],"tags":[35,22,23,26,27,33,31,30,17,24,25,41,28,29,15,18,21,142,637,32,19,20,56,16,1262,1665,59,60,61],"class_list":{"0":"post-103125","1":"post","2":"type-post","3":"status-publish","4":"format-standard","5":"has-post-thumbnail","7":"category-ulkomaat","8":"tag-24h","9":"tag-breaking-news","10":"tag-breakingnews","11":"tag-featured-news","12":"tag-featurednews","13":"tag-fi","14":"tag-finland","15":"tag-finnish","16":"tag-headlines","17":"tag-latest-news","18":"tag-latestnews","19":"tag-liikunta-ja-urheilu","20":"tag-main-news","21":"tag-mainnews","22":"tag-news","23":"tag-otsikot","24":"tag-paauutiset","25":"tag-poliitikot","26":"tag-politiikka","27":"tag-suomi","28":"tag-top-stories","29":"tag-topstories","30":"tag-ulkomaat","31":"tag-uutiset","32":"tag-venajan-politiikka","33":"tag-venalaiset-poliitikot","34":"tag-world","35":"tag-world-news","36":"tag-worldnews"},"share_on_mastodon":{"url":"https:\/\/pubeurope.com\/@fi\/115632833064410018","error":""},"_links":{"self":[{"href":"https:\/\/www.europesays.com\/fi\/wp-json\/wp\/v2\/posts\/103125","targetHints":{"allow":["GET"]}}],"collection":[{"href":"https:\/\/www.europesays.com\/fi\/wp-json\/wp\/v2\/posts"}],"about":[{"href":"https:\/\/www.europesays.com\/fi\/wp-json\/wp\/v2\/types\/post"}],"author":[{"embeddable":true,"href":"https:\/\/www.europesays.com\/fi\/wp-json\/wp\/v2\/users\/2"}],"replies":[{"embeddable":true,"href":"https:\/\/www.europesays.com\/fi\/wp-json\/wp\/v2\/comments?post=103125"}],"version-history":[{"count":0,"href":"https:\/\/www.europesays.com\/fi\/wp-json\/wp\/v2\/posts\/103125\/revisions"}],"wp:featuredmedia":[{"embeddable":true,"href":"https:\/\/www.europesays.com\/fi\/wp-json\/wp\/v2\/media\/103126"}],"wp:attachment":[{"href":"https:\/\/www.europesays.com\/fi\/wp-json\/wp\/v2\/media?parent=103125"}],"wp:term":[{"taxonomy":"category","embeddable":true,"href":"https:\/\/www.europesays.com\/fi\/wp-json\/wp\/v2\/categories?post=103125"},{"taxonomy":"post_tag","embeddable":true,"href":"https:\/\/www.europesays.com\/fi\/wp-json\/wp\/v2\/tags?post=103125"}],"curies":[{"name":"wp","href":"https:\/\/api.w.org\/{rel}","templated":true}]}}