{"id":103131,"date":"2025-11-29T12:02:11","date_gmt":"2025-11-29T12:02:11","guid":{"rendered":"https:\/\/www.europesays.com\/fi\/103131\/"},"modified":"2025-11-29T12:02:11","modified_gmt":"2025-11-29T12:02:11","slug":"joel-ja-leena-harkimo-saapuivat-olga-temosen-siunaustilaisuuteen-tunnetut-suomalaiset-jattavat-jaahyvaiset","status":"publish","type":"post","link":"https:\/\/www.europesays.com\/fi\/103131\/","title":{"rendered":"Joel ja Leena Harkimo saapuivat Olga Temosen siunaustilaisuuteen \u2013 tunnetut suomalaiset j\u00e4tt\u00e4v\u00e4t j\u00e4\u00e4hyv\u00e4iset"},"content":{"rendered":"<p>Vieraat kunnioittavat Olga Temosen muistoa.<\/p>\n<p class=\"article-body mb-nof-24 px-nof-16\">vieraita on saapunut n\u00e4yttelij\u00e4-yritt\u00e4j\u00e4 <a class=\"article-personlink\" href=\"https:\/\/www.is.fi\/haku\/?query=Olga%20Temosen\" rel=\"nofollow noopener\" target=\"_blank\">Olga Temosen<\/a> siunaustilaisuuteen Iitin kirkkoon.<\/p>\n<p class=\"article-body mb-nof-24 px-nof-16\">HS:n kuolinilmoituksessa kerrottiin, ett\u00e4 siunaustilaisuus on avoin yst\u00e4ville, ty\u00f6kavereille ja kaikille muille, joita Olga Temonen on el\u00e4m\u00e4ns\u00e4 aikana koskettanut. Sen sijaan muistotilaisuus Pizzeria Rehtorissa on tarkoitettu vain kutsuvieraille.<\/p>\n<p class=\"article-body mb-nof-24 px-nof-16\">IS on paikalla siunaustilaisuudessa omaisten luvalla.<\/p>\n<p class=\"article-body mb-nof-24 px-nof-16\">Vieraat olivat saaneet toiveen pukeutua tilaisuuteen v\u00e4rikk\u00e4\u00e4sti Olgan hengen mukaisesti.<\/p>\n<p><img decoding=\"async\" src=\"https:\/\/www.europesays.com\/fi\/wp-content\/uploads\/2025\/11\/1764417729_775_468.jpg\" alt=\"Leena ja Joel Harkimo saapuivat kirkolle.\" class=\"_Img_1rerz_1\" style=\"aspect-ratio:1.5\" loading=\"eager\"\/><\/p>\n<p class=\"article-picture-caption\">Leena ja Joel Harkimo saapuivat kirkolle. Kuva:\u00a0JUSSI HELTTUNEN<\/p>\n<p class=\"article-body mb-nof-24 px-nof-16\"><a class=\"article-personlink\" href=\"https:\/\/www.is.fi\/haku\/?query=Jenni%20Kokander\" rel=\"nofollow noopener\" target=\"_blank\">Jenni Kokander<\/a> saapui miehens\u00e4 kanssa hyvin v\u00e4rikk\u00e4\u00e4ss\u00e4 pitk\u00e4ss\u00e4 takissa.<\/p>\n<p class=\"article-body mb-nof-24 px-nof-16\">N\u00e4yttelij\u00e4kollega <a class=\"article-personlink\" href=\"https:\/\/www.is.fi\/haku\/?query=Inka%20Kall%C3%A9n\" rel=\"nofollow noopener\" target=\"_blank\">Inka Kall\u00e9n<\/a> saapui tilaisuuteen yksin.<\/p>\n<p class=\"article-body mb-nof-24 px-nof-16\">Laulaja-lauluntekij\u00e4 <a class=\"article-personlink\" href=\"https:\/\/www.is.fi\/haku\/?query=Liisa%20Akimof\" rel=\"nofollow noopener\" target=\"_blank\">Liisa Akimof<\/a> saapui v\u00e4rikk\u00e4\u00e4ss\u00e4 oranssin, pinkin ja vihre\u00e4n v\u00e4risess\u00e4 takissa.<\/p>\n<p><img decoding=\"async\" src=\"https:\/\/www.europesays.com\/fi\/wp-content\/uploads\/2025\/11\/1764417729_33_468.jpg\" alt=\"\u2013 Tunnen Olgan perheenj\u00e4seni\u00e4, Liisa Akimoff kertoo.\" class=\"_Img_1rerz_1\" style=\"aspect-ratio:1.7777777777777777\" loading=\"eager\"\/><\/p>\n<p class=\"article-picture-caption\">\u2013 Tunnen Olgan perheenj\u00e4seni\u00e4, Liisa Akimoff kertoo. Kuva:\u00a0JUSSI HELTTUNEN<\/p>\n<p><img decoding=\"async\" src=\"https:\/\/www.europesays.com\/fi\/wp-content\/uploads\/2025\/11\/1764417729_198_468.jpg\" alt=\"Arman Alizad ja Senay Coco toivat mukanaan hempe\u00e4n v\u00e4risen kukkalaitteen.\" class=\"_Img_1rerz_1\" style=\"aspect-ratio:1.5\" loading=\"eager\"\/><\/p>\n<p class=\"article-picture-caption\">Arman Alizad ja Senay Coco toivat mukanaan hempe\u00e4n v\u00e4risen kukkalaitteen. Kuva:\u00a0JUSSI HELTTUNEN<\/p>\n<p class=\"article-body mb-nof-24 px-nof-16\">My\u00f6s mediapersoona <a class=\"article-personlink\" href=\"https:\/\/www.is.fi\/haku\/?query=Arman%20Alizad\" rel=\"nofollow noopener\" target=\"_blank\">Arman Alizad<\/a> ja h\u00e4nen vaimonsa <a class=\"article-personlink\" href=\"https:\/\/www.is.fi\/haku\/?query=Senay%20Coco\" rel=\"nofollow noopener\" target=\"_blank\">Senay Coco<\/a> saapuivat my\u00f6s tilaisuuteen.<\/p>\n<p class=\"article-body mb-nof-24 px-nof-16\">Tubettaja <a class=\"article-personlink\" href=\"https:\/\/www.is.fi\/haku\/?query=Miska%20Haakana\" rel=\"nofollow noopener\" target=\"_blank\">Miska Haakana<\/a> saapui tilaisuuteen. H\u00e4nell\u00e4 on yll\u00e4\u00e4n v\u00e4rikk\u00e4\u00e4t housut.<\/p>\n<p class=\"article-body mb-nof-24 px-nof-16\">Pian heid\u00e4n j\u00e4lkeens\u00e4 kirkolle saapui Apulannan rumpali <a class=\"article-personlink\" href=\"https:\/\/www.is.fi\/haku\/?query=Sipe%20Santapukki\" rel=\"nofollow noopener\" target=\"_blank\">Sipe Santapukki <\/a>vaimonsa, suunnistaja <a class=\"article-personlink\" href=\"https:\/\/www.is.fi\/haku\/?query=Minna%20Kaupin\" rel=\"nofollow noopener\" target=\"_blank\">Minna Kaupin<\/a> kanssa. Apulannan solisti <a class=\"article-personlink\" href=\"https:\/\/www.is.fi\/haku\/?query=Toni%20Wirtanen\" rel=\"nofollow noopener\" target=\"_blank\">Toni Wirtanen<\/a> saapui tilaisuuteen yksin.<\/p>\n<p><img decoding=\"async\" src=\"https:\/\/www.europesays.com\/fi\/wp-content\/uploads\/2025\/11\/1764417730_448_468.jpg\" alt=\"Minna Kauppi ja Sipe Santapukki\" class=\"_Img_1rerz_1\" style=\"aspect-ratio:1.7777777777777777\" loading=\"eager\"\/><\/p>\n<p class=\"article-picture-caption\">Minna Kauppi ja Sipe Santapukki Kuva:\u00a0JUSSI HELTTUNEN<\/p>\n<p class=\"article-body mb-nof-24 px-nof-16\">\u2013 T\u00e4ss\u00e4h\u00e4n on Olgan lempiv\u00e4ri, Toni Wirtanen sanoo tuomistaan n\u00e4ytt\u00e4vist\u00e4, punaisista kukista.<\/p>\n<p><img decoding=\"async\" src=\"https:\/\/www.europesays.com\/fi\/wp-content\/uploads\/2025\/11\/1764417730_363_468.jpg\" alt=\"\u2013 Olga eli v\u00e4rikk\u00e4\u00e4n el\u00e4m\u00e4n, Toni Wirtanen sanoo.\" class=\"_Img_1rerz_1\" style=\"aspect-ratio:0.6666666666666666\" loading=\"eager\"\/><\/p>\n<p class=\"article-picture-caption\">\u2013 Olga eli v\u00e4rikk\u00e4\u00e4n el\u00e4m\u00e4n, Toni Wirtanen sanoo. Kuva:\u00a0JUSSI HELTTUNEN<\/p>\n<p class=\"article-body mb-nof-24 px-nof-16\">Vieraisiin kuuluvat my\u00f6s <a class=\"article-personlink\" href=\"https:\/\/www.is.fi\/haku\/?query=Niina%20Backman\" rel=\"nofollow noopener\" target=\"_blank\">Niina Backman<\/a> ja <a class=\"article-personlink\" href=\"https:\/\/www.is.fi\/haku\/?query=Lorenz%20Backman\" rel=\"nofollow noopener\" target=\"_blank\">Lorenz Backman<\/a>.<\/p>\n<p><img decoding=\"async\" src=\"https:\/\/www.europesays.com\/fi\/wp-content\/uploads\/2025\/11\/1764417730_694_468.jpg\" alt=\"Niina Backmanilla on yll\u00e4\u00e4n kukkamekko.\" class=\"_Img_1rerz_1\" style=\"aspect-ratio:0.6666666666666666\" loading=\"eager\"\/><\/p>\n<p class=\"article-picture-caption\">Niina Backmanilla on yll\u00e4\u00e4n kukkamekko. Kuva:\u00a0JUSSI HELTTUNEN<\/p>\n<p><img decoding=\"async\" src=\"https:\/\/www.europesays.com\/fi\/wp-content\/uploads\/2025\/11\/1764417731_410_468.jpg\" alt=\"N\u00e4yttelij\u00e4 Ilkka Villi\" class=\"_Img_1rerz_1\" style=\"aspect-ratio:1.5\" loading=\"eager\"\/><\/p>\n<p class=\"article-picture-caption\">N\u00e4yttelij\u00e4 Ilkka Villi Kuva:\u00a0JUSSI HELTTUNEN<\/p>\n<p><img decoding=\"async\" src=\"https:\/\/www.europesays.com\/fi\/wp-content\/uploads\/2025\/11\/1764417731_141_468.jpg\" alt=\"- Tulin Olgan perheen tueksi. Muistan Olgan hienona tyyppin\u00e4, Roope Salminen sanoo.\" class=\"_Img_1rerz_1\" style=\"aspect-ratio:1.5\" loading=\"eager\"\/><\/p>\n<p class=\"article-picture-caption\">&#8211; Tulin Olgan perheen tueksi. Muistan Olgan hienona tyyppin\u00e4, Roope Salminen sanoo. Kuva:\u00a0JUSSI HELTTUNEN<\/p>\n<p><img decoding=\"async\" src=\"https:\/\/www.europesays.com\/fi\/wp-content\/uploads\/2025\/11\/1764417731_819_468.jpg\" alt=\"Kimmo Vehvil\u00e4inen asteli kirkkoon puolisonsa Petra Syd\u00e4men kanssa.\" class=\"_Img_1rerz_1\" style=\"aspect-ratio:1.5\" loading=\"eager\"\/><\/p>\n<p class=\"article-picture-caption\">Kimmo Vehvil\u00e4inen asteli kirkkoon puolisonsa Petra Syd\u00e4men kanssa. Kuva:\u00a0JUSSI HELTTUNEN<\/p>\n","protected":false},"excerpt":{"rendered":"Vieraat kunnioittavat Olga Temosen muistoa. vieraita on saapunut n\u00e4yttelij\u00e4-yritt\u00e4j\u00e4 Olga Temosen siunaustilaisuuteen Iitin kirkkoon. HS:n kuolinilmoituksessa kerrottiin, ett\u00e4&hellip;\n","protected":false},"author":2,"featured_media":103132,"comment_status":"","ping_status":"","sticky":false,"template":"","format":"standard","meta":{"footnotes":""},"categories":[136],"tags":[407,137,33,31,30,34,408,32,109],"class_list":{"0":"post-103131","1":"post","2":"type-post","3":"status-publish","4":"format-standard","5":"has-post-thumbnail","7":"category-julkkikset","8":"tag-celebrities","9":"tag-entertainment","10":"tag-fi","11":"tag-finland","12":"tag-finnish","13":"tag-ilta-sanomat","14":"tag-julkkikset","15":"tag-suomi","16":"tag-viihde"},"share_on_mastodon":{"url":"https:\/\/pubeurope.com\/@fi\/115632888024298551","error":""},"_links":{"self":[{"href":"https:\/\/www.europesays.com\/fi\/wp-json\/wp\/v2\/posts\/103131","targetHints":{"allow":["GET"]}}],"collection":[{"href":"https:\/\/www.europesays.com\/fi\/wp-json\/wp\/v2\/posts"}],"about":[{"href":"https:\/\/www.europesays.com\/fi\/wp-json\/wp\/v2\/types\/post"}],"author":[{"embeddable":true,"href":"https:\/\/www.europesays.com\/fi\/wp-json\/wp\/v2\/users\/2"}],"replies":[{"embeddable":true,"href":"https:\/\/www.europesays.com\/fi\/wp-json\/wp\/v2\/comments?post=103131"}],"version-history":[{"count":0,"href":"https:\/\/www.europesays.com\/fi\/wp-json\/wp\/v2\/posts\/103131\/revisions"}],"wp:featuredmedia":[{"embeddable":true,"href":"https:\/\/www.europesays.com\/fi\/wp-json\/wp\/v2\/media\/103132"}],"wp:attachment":[{"href":"https:\/\/www.europesays.com\/fi\/wp-json\/wp\/v2\/media?parent=103131"}],"wp:term":[{"taxonomy":"category","embeddable":true,"href":"https:\/\/www.europesays.com\/fi\/wp-json\/wp\/v2\/categories?post=103131"},{"taxonomy":"post_tag","embeddable":true,"href":"https:\/\/www.europesays.com\/fi\/wp-json\/wp\/v2\/tags?post=103131"}],"curies":[{"name":"wp","href":"https:\/\/api.w.org\/{rel}","templated":true}]}}