{"id":103139,"date":"2025-11-29T12:14:10","date_gmt":"2025-11-29T12:14:10","guid":{"rendered":"https:\/\/www.europesays.com\/fi\/103139\/"},"modified":"2025-11-29T12:14:10","modified_gmt":"2025-11-29T12:14:10","slug":"venajalla-jattimoka","status":"publish","type":"post","link":"https:\/\/www.europesays.com\/fi\/103139\/","title":{"rendered":"Ven\u00e4j\u00e4ll\u00e4 j\u00e4ttimoka"},"content":{"rendered":"<p>R\u00e4j\u00e4hdys aiheutti massiivisen oranssin pilven.<\/p>\n<p><img decoding=\"async\" class=\"image image-show image-preview\" src=\"https:\/\/www.europesays.com\/fi\/wp-content\/uploads\/2025\/11\/f37ce811ab5e01e3f36b1d74a67ab84dca888572898282d571ead3c31487f22d.jpg\" alt=\"\"\/><img decoding=\"async\" class=\"image image-show\" src=\"https:\/\/www.europesays.com\/fi\/wp-content\/uploads\/2025\/11\/1764418450_662_f37ce811ab5e01e3f36b1d74a67ab84dca888572898282d571ead3c31487f22d.jpg\" alt=\"\"\/><\/p>\n<p>Ven\u00e4j\u00e4n ohjuksen koelaukaisu ei mennyt suunnitelmien mukaan. EPA\/AOP<\/p>\n<p class=\"paragraph\">Ven\u00e4j\u00e4n ohjuksen laukaisu ep\u00e4onnistui pahasti Jasnyissa Orenburgin alueella. Asia k\u00e4y ilmi sosiaalisessa mediassa julkaistuista videoista, joita ukrainalainen sotauutissivusto Militarnyi on analysoinut.<\/p>\n<p class=\"paragraph\">My\u00f6s riippumaton ven\u00e4l\u00e4ismedia Astra on uutisoinut ep\u00e4onnistuneesta koelaukaisusta, joka p\u00e4\u00e4ttyi r\u00e4j\u00e4hdykseen ja ohjuksen putoamiseen maahan pian nousun j\u00e4lkeen.<\/p>\n<p class=\"paragraph\">Maahan osuessaan ohjus aiheutti r\u00e4j\u00e4hdyksen, jonka seurauksena taivaalle kohosi Astran mukaan \u201dmassiivinen oranssi pilvi\u201d. Sivuston mukaan t\u00e4m\u00e4 viitannee siihen, ett\u00e4 ohjuksen raketissa k\u00e4ytettiin nestem\u00e4ist\u00e4 polttoainetta, jossa on typpe\u00e4 sis\u00e4lt\u00e4vi\u00e4 yhdisteit\u00e4.<\/p>\n<p class=\"paragraph\">Militarnyi arvioi, ett\u00e4 Ven\u00e4j\u00e4 todenn\u00e4k\u00f6isesti yritti koelaukaista mannertenv\u00e4lisen ballistisen UR-100N-ohjuksen, jossa oli hypersooninen Avangard-liitok\u00e4rki.<\/p>\n<p class=\"paragraph\">Militarnyin mukaan Ven\u00e4j\u00e4ll\u00e4 on kaksi ohjusta, jotka voivat kantaa Avangard-liitok\u00e4rki\u00e4. N\u00e4ist\u00e4 toinen on mannertenv\u00e4linen RS-28 Sarmat, eli Saatana 2, ja toinen halvempi neuvostoaikainen kanto-ohjus UR-100N.<\/p>\n<p class=\"paragraph\">Sarmatin k\u00e4ytt\u00f6 on ep\u00e4todenn\u00e4k\u00f6ist\u00e4 my\u00f6s sen vuoksi, ett\u00e4 ohjusta ovat vaivanneet \u201dkatastrofaaliset ep\u00e4onnistumiset\u201d koelaukaisuissa huolimatta siit\u00e4, ett\u00e4 ohjus lanseerattiin jo vuonna 2023.<\/p>\n<p class=\"paragraph\">Jasnyissa sijaitsee Ven\u00e4j\u00e4n strategisten ohjusjoukkojen 13. ohjusdivisioonan tukikohta. Se on Militarnyin mukaan yksi 11:st\u00e4 paikasta, jolla Ven\u00e4j\u00e4n federaation alueella voidaan laukaista maasta pitk\u00e4n kantaman ohjuksia, mukaan lukien ydink\u00e4rjill\u00e4 varustettuja ohjuksia.<\/p>\n","protected":false},"excerpt":{"rendered":"R\u00e4j\u00e4hdys aiheutti massiivisen oranssin pilven. Ven\u00e4j\u00e4n ohjuksen koelaukaisu ei mennyt suunnitelmien mukaan. EPA\/AOP Ven\u00e4j\u00e4n ohjuksen laukaisu ep\u00e4onnistui pahasti&hellip;\n","protected":false},"author":2,"featured_media":103140,"comment_status":"","ping_status":"","sticky":false,"template":"","format":"standard","meta":{"footnotes":""},"categories":[14],"tags":[35,802,804,820,22,23,26,27,33,31,30,17,24,25,803,28,29,15,18,21,32,19,20,56,16,1262,59,60,61],"class_list":{"0":"post-103139","1":"post","2":"type-post","3":"status-publish","4":"format-standard","5":"has-post-thumbnail","7":"category-ulkomaat","8":"tag-24h","9":"tag-armeijat-ja-aseelliset-joukot","10":"tag-aseelliset-konfliktit","11":"tag-aseet","12":"tag-breaking-news","13":"tag-breakingnews","14":"tag-featured-news","15":"tag-featurednews","16":"tag-fi","17":"tag-finland","18":"tag-finnish","19":"tag-headlines","20":"tag-latest-news","21":"tag-latestnews","22":"tag-levottomuudet-ja-sodat","23":"tag-main-news","24":"tag-mainnews","25":"tag-news","26":"tag-otsikot","27":"tag-paauutiset","28":"tag-suomi","29":"tag-top-stories","30":"tag-topstories","31":"tag-ulkomaat","32":"tag-uutiset","33":"tag-venajan-politiikka","34":"tag-world","35":"tag-world-news","36":"tag-worldnews"},"share_on_mastodon":{"url":"https:\/\/pubeurope.com\/@fi\/115632935523779417","error":""},"_links":{"self":[{"href":"https:\/\/www.europesays.com\/fi\/wp-json\/wp\/v2\/posts\/103139","targetHints":{"allow":["GET"]}}],"collection":[{"href":"https:\/\/www.europesays.com\/fi\/wp-json\/wp\/v2\/posts"}],"about":[{"href":"https:\/\/www.europesays.com\/fi\/wp-json\/wp\/v2\/types\/post"}],"author":[{"embeddable":true,"href":"https:\/\/www.europesays.com\/fi\/wp-json\/wp\/v2\/users\/2"}],"replies":[{"embeddable":true,"href":"https:\/\/www.europesays.com\/fi\/wp-json\/wp\/v2\/comments?post=103139"}],"version-history":[{"count":0,"href":"https:\/\/www.europesays.com\/fi\/wp-json\/wp\/v2\/posts\/103139\/revisions"}],"wp:featuredmedia":[{"embeddable":true,"href":"https:\/\/www.europesays.com\/fi\/wp-json\/wp\/v2\/media\/103140"}],"wp:attachment":[{"href":"https:\/\/www.europesays.com\/fi\/wp-json\/wp\/v2\/media?parent=103139"}],"wp:term":[{"taxonomy":"category","embeddable":true,"href":"https:\/\/www.europesays.com\/fi\/wp-json\/wp\/v2\/categories?post=103139"},{"taxonomy":"post_tag","embeddable":true,"href":"https:\/\/www.europesays.com\/fi\/wp-json\/wp\/v2\/tags?post=103139"}],"curies":[{"name":"wp","href":"https:\/\/api.w.org\/{rel}","templated":true}]}}