{"id":103164,"date":"2025-11-29T12:57:07","date_gmt":"2025-11-29T12:57:07","guid":{"rendered":"https:\/\/www.europesays.com\/fi\/103164\/"},"modified":"2025-11-29T12:57:07","modified_gmt":"2025-11-29T12:57:07","slug":"ensitreffit-matti-ottaa-kantaa-laheisyyskeskusteluun-tallaiset-valit-hanella-on-elisan-kanssa-tana-paivana-mtvuutiset-fi","status":"publish","type":"post","link":"https:\/\/www.europesays.com\/fi\/103164\/","title":{"rendered":"Ensitreffit-Matti ottaa kantaa l\u00e4heisyyskeskusteluun \u2013 t\u00e4llaiset v\u00e4lit h\u00e4nell\u00e4 on Elisan kanssa t\u00e4n\u00e4 p\u00e4iv\u00e4n\u00e4 &#8211; mtvuutiset.fi"},"content":{"rendered":"<ol>\n<li><a href=\"https:\/\/news.google.com\/rss\/articles\/CBMi5AFBVV95cUxONGFsT0VnWm5mcEcyeXhEdXZqeDJORjI4RTlsdGlobW1HUGhyaXE2VGloNURkYVRId1c4ckc4Q0V6cEJGM1pMRGhQclFiZk1sQkZzbHVyQjg1aGg1OE54STBnWUJMQjFZOVdfbGdLOS1iVjdGRmJHUllrVlNJNzNjRGtETHpZZ3pjQ3ZjVkx3NDdDNHFKWkJLUzFJb3JKUjRqd3B0SHRBRTFIY0NPa0VlT2RYdGNLT0xGaVRRQWoyRzlMRlFOR2w2MUxBMVUxTEkzeVlGVkNDZFVyT2FiNlhZd2pvNnQ?oc=5\" target=\"_blank\" rel=\"nofollow noopener\">Ensitreffit-Matti ottaa kantaa l\u00e4heisyyskeskusteluun \u2013 t\u00e4llaiset v\u00e4lit h\u00e4nell\u00e4 on Elisan kanssa t\u00e4n\u00e4 p\u00e4iv\u00e4n\u00e4<\/a>&nbsp;&nbsp;mtvuutiset.fi<\/li>\n<li><a href=\"https:\/\/news.google.com\/rss\/articles\/CBMiW0FVX3lxTE1Lblk2RnpKdTAweFg4WDJQX0ZNTkE5YlozcnRMTkxIdWxRenpXd2JvQy1WUWt6ZWZaLWVlNW1paHkxUjdJc3BRMTk5bklnZ2otQy0ybU9rMUFQN28?oc=5\" target=\"_blank\" rel=\"nofollow noopener\">Ensitreffit-Elisa j\u00e4rkyttyi puolisonsa ulkon\u00e4\u00f6st\u00e4 ja laukoi tylyt sanat ohjelman p\u00e4\u00e4tteeksi \u2013 nyt puhuu Matti<\/a>&nbsp;&nbsp;Ilta-Sanomat<\/li>\n<li><a href=\"https:\/\/news.google.com\/rss\/articles\/CBMifEFVX3lxTE5VNG1pZzhsSWlGV1cyMmo2MTdxQmM4UTI1UG1NWXhyNnJDTFlEM0doeGg4YWJfeFVNeXczMVZURTBZMmItbVY0akNfeElsS1EtX2UtY3ZhamstcUNpalVhbFlvNG1OT0hydy1nUl9mWUNvbGhvRUtsUGI5SWM?oc=5\" target=\"_blank\" rel=\"nofollow noopener\">IL: Ensitreffit-Elisalta raju tilitys<\/a>&nbsp;&nbsp;Seiska.fi<\/li>\n<li><a href=\"https:\/\/news.google.com\/rss\/articles\/CBMiZkFVX3lxTFBfZzFZRUxCMVU3SGNjUUZwWHZxb1N1TjRteUNnZ0IxVGo3dnYyOFJyQ1VkMFV5WVhQNlliYUdrdGdiOUNFaE1feGtQRkNSSWRLQkQ2bzJVWHVnLVpTY1ozd1pjeGs4dw?oc=5\" target=\"_blank\" rel=\"nofollow noopener\">Katsojat moittivat rajusti suomalaisohjelmaa: \u201d\u00c4lyt\u00f6n\u201d<\/a>&nbsp;&nbsp;Ilta-Sanomat<\/li>\n<li><a href=\"https:\/\/news.google.com\/rss\/articles\/CBMiggFBVV95cUxPVXBWNGQ4ZVd6MnpVX1RHd05mQnRGdGpRSWowbkxKRmFaRTVkbkc2bG5NZ3BHQnEyTUxHSS1YSnBqNk9BVVRhczkxYlh2Q2U2YUFyeHNiNXRYdUpjdkFZNVg5dXFZV2JVLVZFZGVSUHJ4R2VndmZ3dndDTUN1c1RESmhn?oc=5\" target=\"_blank\" rel=\"nofollow noopener\">Ensitreffit alttarilla: MTV3 joutui puuttumaan peliin \u2013 Keskustelu l\u00e4hti lapasesta<\/a>&nbsp;&nbsp;Iltalehti<\/li>\n<\/ol>\n","protected":false},"excerpt":{"rendered":"Ensitreffit-Matti ottaa kantaa l\u00e4heisyyskeskusteluun \u2013 t\u00e4llaiset v\u00e4lit h\u00e4nell\u00e4 on Elisan kanssa t\u00e4n\u00e4 p\u00e4iv\u00e4n\u00e4&nbsp;&nbsp;mtvuutiset.fi Ensitreffit-Elisa j\u00e4rkyttyi puolisonsa ulkon\u00e4\u00f6st\u00e4 ja&hellip;\n","protected":false},"author":2,"featured_media":82639,"comment_status":"","ping_status":"","sticky":false,"template":"","format":"standard","meta":{"footnotes":""},"categories":[133],"tags":[137,33,31,30,32,206,156,109],"class_list":{"0":"post-103164","1":"post","2":"type-post","3":"status-publish","4":"format-standard","5":"has-post-thumbnail","7":"category-televisiot","8":"tag-entertainment","9":"tag-fi","10":"tag-finland","11":"tag-finnish","12":"tag-suomi","13":"tag-televisiot","14":"tag-tv","15":"tag-viihde"},"share_on_mastodon":{"url":"https:\/\/pubeurope.com\/@fi\/115633104141952652","error":""},"_links":{"self":[{"href":"https:\/\/www.europesays.com\/fi\/wp-json\/wp\/v2\/posts\/103164","targetHints":{"allow":["GET"]}}],"collection":[{"href":"https:\/\/www.europesays.com\/fi\/wp-json\/wp\/v2\/posts"}],"about":[{"href":"https:\/\/www.europesays.com\/fi\/wp-json\/wp\/v2\/types\/post"}],"author":[{"embeddable":true,"href":"https:\/\/www.europesays.com\/fi\/wp-json\/wp\/v2\/users\/2"}],"replies":[{"embeddable":true,"href":"https:\/\/www.europesays.com\/fi\/wp-json\/wp\/v2\/comments?post=103164"}],"version-history":[{"count":0,"href":"https:\/\/www.europesays.com\/fi\/wp-json\/wp\/v2\/posts\/103164\/revisions"}],"wp:featuredmedia":[{"embeddable":true,"href":"https:\/\/www.europesays.com\/fi\/wp-json\/wp\/v2\/media\/82639"}],"wp:attachment":[{"href":"https:\/\/www.europesays.com\/fi\/wp-json\/wp\/v2\/media?parent=103164"}],"wp:term":[{"taxonomy":"category","embeddable":true,"href":"https:\/\/www.europesays.com\/fi\/wp-json\/wp\/v2\/categories?post=103164"},{"taxonomy":"post_tag","embeddable":true,"href":"https:\/\/www.europesays.com\/fi\/wp-json\/wp\/v2\/tags?post=103164"}],"curies":[{"name":"wp","href":"https:\/\/api.w.org\/{rel}","templated":true}]}}